{"id":111423,"date":"2020-05-30T14:20:00","date_gmt":"2020-05-30T17:20:00","guid":{"rendered":"http:\/\/www.hoymercedes.com.ar\/principal\/?p=111423"},"modified":"2020-05-30T14:11:13","modified_gmt":"2020-05-30T17:11:13","slug":"en-la-provincia-sera-obligatorio-el-certificado-unico-de-circulacion","status":"publish","type":"post","link":"https:\/\/www.hoymercedes.com.ar\/principal\/2020\/05\/30\/en-la-provincia-sera-obligatorio-el-certificado-unico-de-circulacion\/","title":{"rendered":"En la provincia ser\u00e1 obligatorio el Certificado \u00danico de Circulaci\u00f3n"},"content":{"rendered":"\n<p>El Gobierno de la provincia de Buenos Aires informa que ser\u00e1 obligatorio el Certificado \u00danico de Circulaci\u00f3n (CUHC) para quienes est\u00e9n exceptuados del aislamiento social, preventivo y obligatorio.\u00a0El mismo se puede tramitar por la Aplicaci\u00f3n Cuidar o en la web <a rel=\"noreferrer noopener\" target=\"_blank\" href=\"https:\/\/comunicacionpba.tr.pemsv30.net\/c\/eyJhIjoiY29tdW5pY2FjaW9ucGJhIiwibSI6Im1haWxfY2thc3ZkaTR2a3dzODA3NDJ2ZWR1M3dmbyIsImwiOiJsaW5rXzM4MjE4ZTdjOTBhZGEwODFiNTIyNTJjMDBiM2I1YjI0YzNiYWI5NWIiLCJpIjpbXSwidSI6Imh0dHA6Ly93d3cuYXJnZW50aW5hLmdvYi5hci9jaXJjdWxhciIsImMiOiIiLCJoIjoiNDU1MWZjIn0\">www.argentina.gob.ar\/circular<\/a>. Los ciudadanos pueden descargarlo y llevarlo consigo o tenerlo a mano en el celular con la aplicaci\u00f3n. Cualquiera de estas opciones es v\u00e1lida.\u00a0A partir de este s\u00e1bado 30 de mayo todos los certificados previos perder\u00e1n validez.<\/p>\n\n\n\n<p>En una entrevista radiof\u00f3nica, el Gobernador Axel Kicillof expres\u00f3: \u201cEl permiso para circular es obligatorio en la Provincia, nosotros vamos hacia la obligatoriedad de la aplicaci\u00f3n CuidAr pero para eso hacen falta algunos ajustes. <\/p>\n\n\n\n<p>Durante una entrevista con Radio Provincia, el Gobernador detall\u00f3 que actualmente los vecinos y vecinas de la Provincia que est\u00e1n exceptuados del aislamiento social, preventivo y obligatorio deben utilizar el Certificado \u00danico de Circulaci\u00f3n, tanto desde la aplicaci\u00f3n CuidAr como la versi\u00f3n que se puede descargar de la web argentina.gob.ar\/circular.<\/p>\n\n\n\n<p>\u201cVamos hacia la obligatoriedad de la aplicaci\u00f3n en un futuro: es c\u00f3moda, pr\u00e1ctica, permite la renovaci\u00f3n de los permisos, se le puede agregar el autodiagn\u00f3stico y va a tener funcionalidades que van a servir al trabajo epidemiol\u00f3gico. Mientras tanto, se puede circular tambi\u00e9n con el certificado que se obtiene en la p\u00e1gina web\u201d, detall\u00f3 Kicillof y agreg\u00f3: \u201cLa app ser\u00e1 obligatoria una vez que no tengamos ninguna duda de que todos la pueden usar\u201d.<\/p>\n\n\n\n<p>Por otra parte, el Gobernador se refiri\u00f3 a las medidas de aislamiento social para prevenir la expansi\u00f3n del coronavirus: \u201cSe trata de un fen\u00f3meno que depende en gran medida del comportamiento de la sociedad. En Argentina, se detuvo el crecimiento acelerado por la decisi\u00f3n de la cuarentena\u201d, y agreg\u00f3: \u201cSi se empieza a cumplir con mayor rigor el aislamiento, se demora el contagio y se impide que lleguemos a una situaci\u00f3n extrema\u201d.<\/p>\n\n\n\n<p>\u201cLos expertos nos est\u00e1n recomendando fortalecer el aislamiento. Est\u00e1n creciendo los contagios y eso implica mayor ocupaci\u00f3n de camas y en casos graves la utilizaci\u00f3n de terapias intensivas y respiradores\u201d, resalt\u00f3. En ese sentido subray\u00f3: \u201cLos especialistas nos han dado elementos para tomar decisiones y sostener lo que hoy estamos haciendo\u201d.<\/p>\n\n\n\n<p>Kicillof tambi\u00e9n remarc\u00f3 el trabajo coordinado con todos los municipios de la Provincia: \u201cEstamos asistiendo a todos los intendentes por igual, con insumos, camas, respiradores y con fondos para afrontar esta situaci\u00f3n\u201d.<\/p>\n\n\n\n<p>\u201cNadie en el mundo estaba preparado para esto. Estamos ante una absoluta emergencia y las respuestas que podemos dar para proteger y mejorar las situaciones que genera la pandemia nunca van a equipar a un escenario sin coronavirus\u201d, concluy\u00f3.<\/p>\n\n\n\n<p>Fuente: Ministerio de Comunicaci\u00f3n P\u00fablica de la provincia de Buenos Aires<\/p>\n","protected":false},"excerpt":{"rendered":"<p>El Gobierno de la provincia de Buenos Aires informa que ser\u00e1 obligatorio el Certificado \u00danico de Circulaci\u00f3n (CUHC) para quienes &#8230; <a title=\"En la provincia ser\u00e1 obligatorio el Certificado \u00danico de Circulaci\u00f3n\" class=\"read-more\" href=\"https:\/\/www.hoymercedes.com.ar\/principal\/2020\/05\/30\/en-la-provincia-sera-obligatorio-el-certificado-unico-de-circulacion\/\" aria-label=\"Leer m\u00e1s sobre En la provincia ser\u00e1 obligatorio el Certificado \u00danico de Circulaci\u00f3n\">Leer m\u00e1s<\/a><\/p>\n","protected":false},"author":1,"featured_media":111424,"comment_status":"closed","ping_status":"open","sticky":false,"template":"","format":"standard","meta":{"_monsterinsights_skip_tracking":false,"_monsterinsights_sitenote_active":false,"_monsterinsights_sitenote_note":"","_monsterinsights_sitenote_category":0,"jetpack_post_was_ever_published":false,"_jetpack_newsletter_access":"","_jetpack_dont_email_post_to_subs":false,"_jetpack_newsletter_tier_id":0,"_jetpack_memberships_contains_paywalled_content":false,"_jetpack_memberships_contains_paid_content":false,"footnotes":"","jetpack_publicize_message":"","jetpack_publicize_feature_enabled":true,"jetpack_social_post_already_shared":true,"jetpack_social_options":{"image_generator_settings":{"template":"highway","default_image_id":0,"font":"","enabled":false},"version":2},"_wpas_customize_per_network":false},"categories":[8881],"tags":[16351,16667,1803],"class_list":["post-111423","post","type-post","status-publish","format-standard","has-post-thumbnail","hentry","category-provincia","tag-aislamiento-obligatorio","tag-certificado-unico-de-circulacion","tag-provincia","generate-columns","tablet-grid-50","mobile-grid-100","grid-parent","grid-50"],"jetpack_publicize_connections":[],"jetpack_featured_media_url":"https:\/\/www.hoymercedes.com.ar\/principal\/wp-content\/uploads\/2020\/05\/30-provincia-Kici.jpg","wps_subtitle":"Impreso o desde la app CuidAr","jetpack_sharing_enabled":true,"_links":{"self":[{"href":"https:\/\/www.hoymercedes.com.ar\/principal\/wp-json\/wp\/v2\/posts\/111423","targetHints":{"allow":["GET"]}}],"collection":[{"href":"https:\/\/www.hoymercedes.com.ar\/principal\/wp-json\/wp\/v2\/posts"}],"about":[{"href":"https:\/\/www.hoymercedes.com.ar\/principal\/wp-json\/wp\/v2\/types\/post"}],"author":[{"embeddable":true,"href":"https:\/\/www.hoymercedes.com.ar\/principal\/wp-json\/wp\/v2\/users\/1"}],"replies":[{"embeddable":true,"href":"https:\/\/www.hoymercedes.com.ar\/principal\/wp-json\/wp\/v2\/comments?post=111423"}],"version-history":[{"count":0,"href":"https:\/\/www.hoymercedes.com.ar\/principal\/wp-json\/wp\/v2\/posts\/111423\/revisions"}],"wp:featuredmedia":[{"embeddable":true,"href":"https:\/\/www.hoymercedes.com.ar\/principal\/wp-json\/wp\/v2\/media\/111424"}],"wp:attachment":[{"href":"https:\/\/www.hoymercedes.com.ar\/principal\/wp-json\/wp\/v2\/media?parent=111423"}],"wp:term":[{"taxonomy":"category","embeddable":true,"href":"https:\/\/www.hoymercedes.com.ar\/principal\/wp-json\/wp\/v2\/categories?post=111423"},{"taxonomy":"post_tag","embeddable":true,"href":"https:\/\/www.hoymercedes.com.ar\/principal\/wp-json\/wp\/v2\/tags?post=111423"}],"curies":[{"name":"wp","href":"https:\/\/api.w.org\/{rel}","templated":true}]}}