{"id":111449,"date":"2020-05-31T10:02:06","date_gmt":"2020-05-31T13:02:06","guid":{"rendered":"http:\/\/www.hoymercedes.com.ar\/principal\/?p=111449"},"modified":"2020-05-31T10:02:10","modified_gmt":"2020-05-31T13:02:10","slug":"coronavirus-lujan-sumo-cuatro-casos-positivos-llegando-a-41","status":"publish","type":"post","link":"https:\/\/www.hoymercedes.com.ar\/principal\/2020\/05\/31\/coronavirus-lujan-sumo-cuatro-casos-positivos-llegando-a-41\/","title":{"rendered":"Coronavirus: Luj\u00e1n sum\u00f3 cuatro casos positivos llegando a 41"},"content":{"rendered":"\n<p>En la vecina localidad sigue la alarma porque en el \u00faltimo informe de la Secretar\u00eda de Salud se confirmaron cuatro nuevos casos en covid-19. Dos de los positivos son residentes en la Colonia Montes de Oca, mientras que los otros dos son trabajadores esenciales que cumplen funciones fuera de Luj\u00e1n y tienen domicilio en nuestro distrito. Uno de ellos est\u00e1 internado en CABA y el otro en su vivienda. A su vez, en las \u00faltimas 24 horas se configuraron siete nuevos casos sospechosos y se descartaron nueve que estaban en estudio.<\/p>\n\n\n\n<p>En las \u00faltimas horas del s\u00e1bado, el Comit\u00e9 de Crisis de la Colonia Montes de Oca inform\u00f3 que de \u00ablos cinco casos de personas internadas que se encontraban en estudio, dos casos son negativos, dos positivos relacionados al primer nexo epidemiol\u00f3gico del Dispositivo Reencuentro, mientras que uno contin\u00faa en estudio\u201d. A su vez, agregaron que \u201cen el d\u00eda de hoy se sum\u00f3 otro caso en personas internadas a la que se le realiz\u00f3 estudios para diagnosticar Covid-19\u201d. Es as\u00ed que son 15 los casos confirmados de coronavirus en la Colonia Nacional \u00abDr. Manuel Montes de Oca\u00bb. <\/p>\n\n\n\n<p>En tanto, el Municipio de Luj\u00e1n en su informe matutino asegur\u00f3 que hay dos casos m\u00e1s, dos \u00abtrabajadores esenciales que cumplen funciones fuera de Luj\u00e1n y que tienen domicilio en el distrito, encontr\u00e1ndose uno de ellos internado en un nosocomio de CABA y el otro en su vivienda\u201d.<\/p>\n\n\n\n<p>De esta manera, hasta el momento el Partido de Luj\u00e1n registra 41 casos positivos (de los cuales tres fallecieron, 14 fueron dados de alta y 24 se encuentran en tratamiento), 425 casos descartados y nueve casos en estudio para coronavirus.<\/p>\n\n\n\n<p>Fuente: Luj\u00e1n Hoy<\/p>\n\n\n\n<p><\/p>\n","protected":false},"excerpt":{"rendered":"<p>En la vecina localidad sigue la alarma porque en el \u00faltimo informe de la Secretar\u00eda de Salud se confirmaron cuatro &#8230; <a title=\"Coronavirus: Luj\u00e1n sum\u00f3 cuatro casos positivos llegando a 41\" class=\"read-more\" href=\"https:\/\/www.hoymercedes.com.ar\/principal\/2020\/05\/31\/coronavirus-lujan-sumo-cuatro-casos-positivos-llegando-a-41\/\" aria-label=\"Leer m\u00e1s sobre Coronavirus: Luj\u00e1n sum\u00f3 cuatro casos positivos llegando a 41\">Leer m\u00e1s<\/a><\/p>\n","protected":false},"author":1,"featured_media":111450,"comment_status":"closed","ping_status":"open","sticky":false,"template":"","format":"standard","meta":{"_monsterinsights_skip_tracking":false,"_monsterinsights_sitenote_active":false,"_monsterinsights_sitenote_note":"","_monsterinsights_sitenote_category":0,"jetpack_post_was_ever_published":false,"_jetpack_newsletter_access":"","_jetpack_dont_email_post_to_subs":false,"_jetpack_newsletter_tier_id":0,"_jetpack_memberships_contains_paywalled_content":false,"_jetpack_memberships_contains_paid_content":false,"footnotes":"","jetpack_publicize_message":"","jetpack_publicize_feature_enabled":true,"jetpack_social_post_already_shared":true,"jetpack_social_options":{"image_generator_settings":{"template":"highway","default_image_id":0,"font":"","enabled":false},"version":2},"_wpas_customize_per_network":false},"categories":[5501],"tags":[],"class_list":["post-111449","post","type-post","status-publish","format-standard","has-post-thumbnail","hentry","category-region","generate-columns","tablet-grid-50","mobile-grid-100","grid-parent","grid-50"],"jetpack_publicize_connections":[],"jetpack_featured_media_url":"https:\/\/www.hoymercedes.com.ar\/principal\/wp-content\/uploads\/2020\/05\/31-Coronavirus-Estudios-696x429-1.jpg","wps_subtitle":"Salud regional","jetpack_sharing_enabled":true,"_links":{"self":[{"href":"https:\/\/www.hoymercedes.com.ar\/principal\/wp-json\/wp\/v2\/posts\/111449","targetHints":{"allow":["GET"]}}],"collection":[{"href":"https:\/\/www.hoymercedes.com.ar\/principal\/wp-json\/wp\/v2\/posts"}],"about":[{"href":"https:\/\/www.hoymercedes.com.ar\/principal\/wp-json\/wp\/v2\/types\/post"}],"author":[{"embeddable":true,"href":"https:\/\/www.hoymercedes.com.ar\/principal\/wp-json\/wp\/v2\/users\/1"}],"replies":[{"embeddable":true,"href":"https:\/\/www.hoymercedes.com.ar\/principal\/wp-json\/wp\/v2\/comments?post=111449"}],"version-history":[{"count":0,"href":"https:\/\/www.hoymercedes.com.ar\/principal\/wp-json\/wp\/v2\/posts\/111449\/revisions"}],"wp:featuredmedia":[{"embeddable":true,"href":"https:\/\/www.hoymercedes.com.ar\/principal\/wp-json\/wp\/v2\/media\/111450"}],"wp:attachment":[{"href":"https:\/\/www.hoymercedes.com.ar\/principal\/wp-json\/wp\/v2\/media?parent=111449"}],"wp:term":[{"taxonomy":"category","embeddable":true,"href":"https:\/\/www.hoymercedes.com.ar\/principal\/wp-json\/wp\/v2\/categories?post=111449"},{"taxonomy":"post_tag","embeddable":true,"href":"https:\/\/www.hoymercedes.com.ar\/principal\/wp-json\/wp\/v2\/tags?post=111449"}],"curies":[{"name":"wp","href":"https:\/\/api.w.org\/{rel}","templated":true}]}}