{"id":111453,"date":"2020-05-31T10:44:03","date_gmt":"2020-05-31T13:44:03","guid":{"rendered":"http:\/\/www.hoymercedes.com.ar\/principal\/?p=111453"},"modified":"2020-06-07T20:24:21","modified_gmt":"2020-06-07T23:24:21","slug":"francisco-viola-se-quedo-con-la-quinta-fecha-en-la-universidad-de-lomas","status":"publish","type":"post","link":"https:\/\/www.hoymercedes.com.ar\/principal\/2020\/05\/31\/francisco-viola-se-quedo-con-la-quinta-fecha-en-la-universidad-de-lomas\/","title":{"rendered":"Francisco Viola se qued\u00f3 con la quinta fecha en la Universidad de Lomas"},"content":{"rendered":"\n<p>La jornada del s\u00e1bado tuvo a Francisco Viola una vez m\u00e1s como el mejor de la fecha. El ajedrecista forma parte del torneo virtual organizado por la Universidad de Lomas de Zamora. Sobre siete partidas gan\u00f3 seis y empat\u00f3 la restante, por lo que se hizo inalcanzable para sus inmediatos perseguidores que tuvieron dos derrotas. <\/p>\n\n\n\n<figure class=\"wp-block-image size-large\"><img loading=\"lazy\" decoding=\"async\" width=\"960\" height=\"539\" data-attachment-id=\"111456\" data-permalink=\"https:\/\/www.hoymercedes.com.ar\/principal\/2020\/05\/31\/francisco-viola-se-quedo-con-la-quinta-fecha-en-la-universidad-de-lomas\/francisco-viola-5\/#main\" data-orig-file=\"https:\/\/www.hoymercedes.com.ar\/principal\/wp-content\/uploads\/2020\/05\/Francisco-Viola-5.jpg\" data-orig-size=\"960,539\" data-comments-opened=\"0\" data-image-meta=\"{&quot;aperture&quot;:&quot;0&quot;,&quot;credit&quot;:&quot;&quot;,&quot;camera&quot;:&quot;&quot;,&quot;caption&quot;:&quot;&quot;,&quot;created_timestamp&quot;:&quot;0&quot;,&quot;copyright&quot;:&quot;&quot;,&quot;focal_length&quot;:&quot;0&quot;,&quot;iso&quot;:&quot;0&quot;,&quot;shutter_speed&quot;:&quot;0&quot;,&quot;title&quot;:&quot;&quot;,&quot;orientation&quot;:&quot;0&quot;}\" data-image-title=\"Francisco-Viola-5\" data-image-description=\"\" data-image-caption=\"\" data-large-file=\"https:\/\/www.hoymercedes.com.ar\/principal\/wp-content\/uploads\/2020\/05\/Francisco-Viola-5.jpg\" src=\"https:\/\/www.hoymercedes.com.ar\/principal\/wp-content\/uploads\/2020\/05\/Francisco-Viola-5.jpg\" alt=\"\" class=\"wp-image-111456\"\/><\/figure>\n\n\n\n<p>En esta oportunidad participaron 18 jugadores, cuatro menos que en las \u00faltimas oportunidades. El torneo continuar\u00e1 disput\u00e1ndose durante todo el mes de junio.<\/p>\n","protected":false},"excerpt":{"rendered":"<p>La jornada del s\u00e1bado tuvo a Francisco Viola una vez m\u00e1s como el mejor de la fecha. El ajedrecista forma &#8230; <a title=\"Francisco Viola se qued\u00f3 con la quinta fecha en la Universidad de Lomas\" class=\"read-more\" href=\"https:\/\/www.hoymercedes.com.ar\/principal\/2020\/05\/31\/francisco-viola-se-quedo-con-la-quinta-fecha-en-la-universidad-de-lomas\/\" aria-label=\"Leer m\u00e1s sobre Francisco Viola se qued\u00f3 con la quinta fecha en la Universidad de Lomas\">Leer m\u00e1s<\/a><\/p>\n","protected":false},"author":1,"featured_media":111456,"comment_status":"closed","ping_status":"open","sticky":false,"template":"","format":"standard","meta":{"_monsterinsights_skip_tracking":false,"_monsterinsights_sitenote_active":false,"_monsterinsights_sitenote_note":"","_monsterinsights_sitenote_category":0,"jetpack_post_was_ever_published":false,"_jetpack_newsletter_access":"","_jetpack_dont_email_post_to_subs":false,"_jetpack_newsletter_tier_id":0,"_jetpack_memberships_contains_paywalled_content":false,"_jetpack_memberships_contains_paid_content":false,"footnotes":"","jetpack_publicize_message":"","jetpack_publicize_feature_enabled":true,"jetpack_social_post_already_shared":true,"jetpack_social_options":{"image_generator_settings":{"template":"highway","default_image_id":0,"font":"","enabled":false},"version":2},"_wpas_customize_per_network":false},"categories":[21],"tags":[9871,10172],"class_list":["post-111453","post","type-post","status-publish","format-standard","has-post-thumbnail","hentry","category-deportes","tag-ajedrez","tag-universidad-lomas-de-zamora","generate-columns","tablet-grid-50","mobile-grid-100","grid-parent","grid-50"],"jetpack_publicize_connections":[],"jetpack_featured_media_url":"https:\/\/www.hoymercedes.com.ar\/principal\/wp-content\/uploads\/2020\/05\/Francisco-Viola-5.jpg","wps_subtitle":"Ajedrez","jetpack_sharing_enabled":true,"jetpack-related-posts":[{"id":113907,"url":"https:\/\/www.hoymercedes.com.ar\/principal\/2020\/07\/21\/francisco-viola-campeon-del-torneo-virtual-de-la-universidad-de-lomas-de-zamora\/","url_meta":{"origin":111453,"position":0},"title":"Francisco Viola, campe\u00f3n del torneo virtual de la Universidad de Lomas de Zamora","author":"hoymercedes","date":"21 julio, 2020","format":false,"excerpt":"Finalmente el ajedrecista mercedino Francisco Viola se coron\u00f3 campe\u00f3n del torneo organizado por la Universidad Nacional de Lomas de Zamora a una fecha del final. Aunque no logr\u00f3 quedarse con la fecha, como en casi todo el certamen, los puntos sumados m\u00e1s la distancia que ya hab\u00eda cosechado, hicieron que\u2026","rel":"","context":"En \u00abDeportes\u00bb","block_context":{"text":"Deportes","link":"https:\/\/www.hoymercedes.com.ar\/principal\/category\/deportes\/"},"img":{"alt_text":"","src":"https:\/\/i0.wp.com\/www.hoymercedes.com.ar\/principal\/wp-content\/uploads\/2020\/07\/Francisco-Viola-Ajedrez.jpg?resize=350%2C200&ssl=1","width":350,"height":200,"srcset":"https:\/\/i0.wp.com\/www.hoymercedes.com.ar\/principal\/wp-content\/uploads\/2020\/07\/Francisco-Viola-Ajedrez.jpg?resize=350%2C200&ssl=1 1x, https:\/\/i0.wp.com\/www.hoymercedes.com.ar\/principal\/wp-content\/uploads\/2020\/07\/Francisco-Viola-Ajedrez.jpg?resize=525%2C300&ssl=1 1.5x, https:\/\/i0.wp.com\/www.hoymercedes.com.ar\/principal\/wp-content\/uploads\/2020\/07\/Francisco-Viola-Ajedrez.jpg?resize=700%2C400&ssl=1 2x"},"classes":[]},{"id":111854,"url":"https:\/\/www.hoymercedes.com.ar\/principal\/2020\/06\/08\/francisco-viola-mantiene-el-invicto-en-el-torneo-de-lomas-de-zamora\/","url_meta":{"origin":111453,"position":1},"title":"Francisco Viola mantiene el invicto en el torneo de Lomas de Zamora","author":"hoymercedes","date":"8 junio, 2020","format":false,"excerpt":"La s\u00e9ptima fecha del circuito de ajedrez virtual del torneo que organiza la Universidad de Lomas de Zamora se llev\u00f3 a cabo este s\u00e1bado, en una de las pocas actividades deportivas que se encuentra en funcionamiento durante la cuarentena. Francisco Viola volvi\u00f3 a tener una buena performance, ganando 5 de\u2026","rel":"","context":"En \u00abDeportes\u00bb","block_context":{"text":"Deportes","link":"https:\/\/www.hoymercedes.com.ar\/principal\/category\/deportes\/"},"img":{"alt_text":"","src":"https:\/\/i0.wp.com\/www.hoymercedes.com.ar\/principal\/wp-content\/uploads\/2020\/06\/Francisco-Viola-Fecha-7-UNLZ-1.jpg?resize=350%2C200&ssl=1","width":350,"height":200,"srcset":"https:\/\/i0.wp.com\/www.hoymercedes.com.ar\/principal\/wp-content\/uploads\/2020\/06\/Francisco-Viola-Fecha-7-UNLZ-1.jpg?resize=350%2C200&ssl=1 1x, https:\/\/i0.wp.com\/www.hoymercedes.com.ar\/principal\/wp-content\/uploads\/2020\/06\/Francisco-Viola-Fecha-7-UNLZ-1.jpg?resize=525%2C300&ssl=1 1.5x, https:\/\/i0.wp.com\/www.hoymercedes.com.ar\/principal\/wp-content\/uploads\/2020\/06\/Francisco-Viola-Fecha-7-UNLZ-1.jpg?resize=700%2C400&ssl=1 2x"},"classes":[]},{"id":111248,"url":"https:\/\/www.hoymercedes.com.ar\/principal\/2020\/05\/27\/francisco-viola-nuevamente-campeon-en-la-universidad-de-lomas\/","url_meta":{"origin":111453,"position":2},"title":"Francisco Viola, nuevamente campe\u00f3n en la Universidad de Lomas","author":"hoymercedes","date":"27 mayo, 2020","format":false,"excerpt":"El ajedrecista Francisco Viola fue parte de la cuarta fecha del torneo de ajedrez virtual que organiza la Universidad Nacional de Lomas de Zamora. Fueron 16 los participantes y en esta oportunidad hubo un triple empate en el primer puesto, ya que el mercedino obtuvo 5 triunfos y 2 derrotas\u2026","rel":"","context":"En \u00abDeportes\u00bb","block_context":{"text":"Deportes","link":"https:\/\/www.hoymercedes.com.ar\/principal\/category\/deportes\/"},"img":{"alt_text":"","src":"https:\/\/i0.wp.com\/www.hoymercedes.com.ar\/principal\/wp-content\/uploads\/2020\/05\/Francisco-Viola-4.jpg?resize=350%2C200&ssl=1","width":350,"height":200,"srcset":"https:\/\/i0.wp.com\/www.hoymercedes.com.ar\/principal\/wp-content\/uploads\/2020\/05\/Francisco-Viola-4.jpg?resize=350%2C200&ssl=1 1x, https:\/\/i0.wp.com\/www.hoymercedes.com.ar\/principal\/wp-content\/uploads\/2020\/05\/Francisco-Viola-4.jpg?resize=525%2C300&ssl=1 1.5x, https:\/\/i0.wp.com\/www.hoymercedes.com.ar\/principal\/wp-content\/uploads\/2020\/05\/Francisco-Viola-4.jpg?resize=700%2C400&ssl=1 2x"},"classes":[]},{"id":110881,"url":"https:\/\/www.hoymercedes.com.ar\/principal\/2020\/05\/19\/francisco-viola-se-quedo-con-la-tercera-fecha-de-la-universidad-de-lomas\/","url_meta":{"origin":111453,"position":3},"title":"Francisco Viola se qued\u00f3 con la tercera fecha de la Universidad de Lomas","author":"hoymercedes","date":"19 mayo, 2020","format":false,"excerpt":"El ajedrecista Francisco Viola contin\u00faa jugando el torneo virtual del deporte ciencia organizado por la Universidad de Lomas de Zamora y en esta fecha se consagr\u00f3 campe\u00f3n. Este s\u00e1bado se realiz\u00f3 la tercera jornada y el mercedino gan\u00f3 las siete partidas que disput\u00f3. De un total de 22 participantes, Viola\u2026","rel":"","context":"En \u00abDeportes\u00bb","block_context":{"text":"Deportes","link":"https:\/\/www.hoymercedes.com.ar\/principal\/category\/deportes\/"},"img":{"alt_text":"","src":"https:\/\/i0.wp.com\/www.hoymercedes.com.ar\/principal\/wp-content\/uploads\/2020\/05\/Francisco-Viola-3-1.jpg?resize=350%2C200&ssl=1","width":350,"height":200,"srcset":"https:\/\/i0.wp.com\/www.hoymercedes.com.ar\/principal\/wp-content\/uploads\/2020\/05\/Francisco-Viola-3-1.jpg?resize=350%2C200&ssl=1 1x, https:\/\/i0.wp.com\/www.hoymercedes.com.ar\/principal\/wp-content\/uploads\/2020\/05\/Francisco-Viola-3-1.jpg?resize=525%2C300&ssl=1 1.5x, https:\/\/i0.wp.com\/www.hoymercedes.com.ar\/principal\/wp-content\/uploads\/2020\/05\/Francisco-Viola-3-1.jpg?resize=700%2C400&ssl=1 2x"},"classes":[]},{"id":114979,"url":"https:\/\/www.hoymercedes.com.ar\/principal\/2020\/08\/12\/francisco-viola-participo-de-un-amistoso-con-la-universidad-de-lomas-de-zamora\/","url_meta":{"origin":111453,"position":4},"title":"Francisco Viola particip\u00f3 de un amistoso con la Universidad de Lomas de Zamora","author":"hoymercedes","date":"12 agosto, 2020","format":false,"excerpt":"El equipo de ajedrez de la Universidad de Lomas de Zamora disput\u00f3 un amistoso este s\u00e1bado 6 ante la Universidad de Ezeiza y el mercedino Francisco Viola fue parte de ese encuentro jugando para UNLZ. Junto a \u00e9l estuvieron los 8 mejores del Circuito en el que Viola fue campe\u00f3n\u2026","rel":"","context":"En \u00abDeportes\u00bb","block_context":{"text":"Deportes","link":"https:\/\/www.hoymercedes.com.ar\/principal\/category\/deportes\/"},"img":{"alt_text":"","src":"https:\/\/i0.wp.com\/www.hoymercedes.com.ar\/principal\/wp-content\/uploads\/2020\/08\/Francisco-Viola-Universidad-de-Lomas-de-Zamora-Ajedrez.jpg?resize=350%2C200&ssl=1","width":350,"height":200,"srcset":"https:\/\/i0.wp.com\/www.hoymercedes.com.ar\/principal\/wp-content\/uploads\/2020\/08\/Francisco-Viola-Universidad-de-Lomas-de-Zamora-Ajedrez.jpg?resize=350%2C200&ssl=1 1x, https:\/\/i0.wp.com\/www.hoymercedes.com.ar\/principal\/wp-content\/uploads\/2020\/08\/Francisco-Viola-Universidad-de-Lomas-de-Zamora-Ajedrez.jpg?resize=525%2C300&ssl=1 1.5x, https:\/\/i0.wp.com\/www.hoymercedes.com.ar\/principal\/wp-content\/uploads\/2020\/08\/Francisco-Viola-Universidad-de-Lomas-de-Zamora-Ajedrez.jpg?resize=700%2C400&ssl=1 2x"},"classes":[]},{"id":112221,"url":"https:\/\/www.hoymercedes.com.ar\/principal\/2020\/06\/16\/se-corto-la-racha-para-francisco-viola-en-la-unlz\/","url_meta":{"origin":111453,"position":5},"title":"Se cort\u00f3 la racha para Francisco Viola en la UNLZ","author":"hoymercedes","date":"16 junio, 2020","format":false,"excerpt":"Luego de campeonar durante cuatro jornadas al hilo, Francisco Viola qued\u00f3 segundo este s\u00e1bado en el torneo de ajedrez virtual que se organiza la Universidad Nacional de Lomas de Zamora. El mercedino hab\u00eda ganado la primera fecha y luego las jornadas tres a seis, mientras que en la s\u00e9ptima, qued\u00f3\u2026","rel":"","context":"En \u00abDeportes\u00bb","block_context":{"text":"Deportes","link":"https:\/\/www.hoymercedes.com.ar\/principal\/category\/deportes\/"},"img":{"alt_text":"","src":"https:\/\/i0.wp.com\/www.hoymercedes.com.ar\/principal\/wp-content\/uploads\/2020\/06\/Francisco-Viola-4.jpg?resize=350%2C200&ssl=1","width":350,"height":200,"srcset":"https:\/\/i0.wp.com\/www.hoymercedes.com.ar\/principal\/wp-content\/uploads\/2020\/06\/Francisco-Viola-4.jpg?resize=350%2C200&ssl=1 1x, https:\/\/i0.wp.com\/www.hoymercedes.com.ar\/principal\/wp-content\/uploads\/2020\/06\/Francisco-Viola-4.jpg?resize=525%2C300&ssl=1 1.5x, https:\/\/i0.wp.com\/www.hoymercedes.com.ar\/principal\/wp-content\/uploads\/2020\/06\/Francisco-Viola-4.jpg?resize=700%2C400&ssl=1 2x"},"classes":[]}],"_links":{"self":[{"href":"https:\/\/www.hoymercedes.com.ar\/principal\/wp-json\/wp\/v2\/posts\/111453","targetHints":{"allow":["GET"]}}],"collection":[{"href":"https:\/\/www.hoymercedes.com.ar\/principal\/wp-json\/wp\/v2\/posts"}],"about":[{"href":"https:\/\/www.hoymercedes.com.ar\/principal\/wp-json\/wp\/v2\/types\/post"}],"author":[{"embeddable":true,"href":"https:\/\/www.hoymercedes.com.ar\/principal\/wp-json\/wp\/v2\/users\/1"}],"replies":[{"embeddable":true,"href":"https:\/\/www.hoymercedes.com.ar\/principal\/wp-json\/wp\/v2\/comments?post=111453"}],"version-history":[{"count":0,"href":"https:\/\/www.hoymercedes.com.ar\/principal\/wp-json\/wp\/v2\/posts\/111453\/revisions"}],"wp:featuredmedia":[{"embeddable":true,"href":"https:\/\/www.hoymercedes.com.ar\/principal\/wp-json\/wp\/v2\/media\/111456"}],"wp:attachment":[{"href":"https:\/\/www.hoymercedes.com.ar\/principal\/wp-json\/wp\/v2\/media?parent=111453"}],"wp:term":[{"taxonomy":"category","embeddable":true,"href":"https:\/\/www.hoymercedes.com.ar\/principal\/wp-json\/wp\/v2\/categories?post=111453"},{"taxonomy":"post_tag","embeddable":true,"href":"https:\/\/www.hoymercedes.com.ar\/principal\/wp-json\/wp\/v2\/tags?post=111453"}],"curies":[{"name":"wp","href":"https:\/\/api.w.org\/{rel}","templated":true}]}}