{"id":111479,"date":"2020-05-31T21:22:29","date_gmt":"2020-06-01T00:22:29","guid":{"rendered":"http:\/\/www.hoymercedes.com.ar\/principal\/?p=111479"},"modified":"2020-05-31T21:22:35","modified_gmt":"2020-06-01T00:22:35","slug":"rapido-operativo-de-proteccion-civil-por-perdida-de-gasoil","status":"publish","type":"post","link":"https:\/\/www.hoymercedes.com.ar\/principal\/2020\/05\/31\/rapido-operativo-de-proteccion-civil-por-perdida-de-gasoil\/","title":{"rendered":"R\u00e1pido operativo de Protecci\u00f3n Civil por p\u00e9rdida de gasoil"},"content":{"rendered":"\n<figure class=\"wp-block-image size-large\"><img loading=\"lazy\" decoding=\"async\" width=\"1280\" height=\"720\" data-attachment-id=\"111480\" data-permalink=\"https:\/\/www.hoymercedes.com.ar\/principal\/2020\/05\/31\/rapido-operativo-de-proteccion-civil-por-perdida-de-gasoil\/proteccioncivl-31-05-2020-3\/#main\" data-orig-file=\"https:\/\/www.hoymercedes.com.ar\/principal\/wp-content\/uploads\/2020\/05\/proteccioncivl.31.05.2020.3.jpeg\" data-orig-size=\"1280,720\" data-comments-opened=\"0\" data-image-meta=\"{&quot;aperture&quot;:&quot;0&quot;,&quot;credit&quot;:&quot;&quot;,&quot;camera&quot;:&quot;&quot;,&quot;caption&quot;:&quot;&quot;,&quot;created_timestamp&quot;:&quot;0&quot;,&quot;copyright&quot;:&quot;&quot;,&quot;focal_length&quot;:&quot;0&quot;,&quot;iso&quot;:&quot;0&quot;,&quot;shutter_speed&quot;:&quot;0&quot;,&quot;title&quot;:&quot;&quot;,&quot;orientation&quot;:&quot;0&quot;}\" data-image-title=\"proteccioncivl.31.05.2020.3\" data-image-description=\"\" data-image-caption=\"\" data-large-file=\"https:\/\/www.hoymercedes.com.ar\/principal\/wp-content\/uploads\/2020\/05\/proteccioncivl.31.05.2020.3.jpeg\" src=\"https:\/\/www.hoymercedes.com.ar\/principal\/wp-content\/uploads\/2020\/05\/proteccioncivl.31.05.2020.3.jpeg\" alt=\"\" class=\"wp-image-111480\"\/><\/figure>\n\n\n\n<p>La Direcci\u00f3n de Protecci\u00f3n Civil de la Municipalidad acudi\u00f3 r\u00e1pidamente ante la emergencia sucedida por la gran p\u00e9rdida de gasoil que se gener\u00f3 por la rotura del tanque de combustible de un micro de la empresa Atl\u00e1ntida.<\/p>\n\n\n\n<p>El espacio de acci\u00f3n fue desde avenida 17 y 8 hasta avenida 17 y 20 dado que all\u00ed detect\u00f3 el conductor del micro la anomal\u00eda.<\/p>\n\n\n\n<figure class=\"wp-block-image size-large\"><img loading=\"lazy\" decoding=\"async\" width=\"1280\" height=\"720\" data-attachment-id=\"111481\" data-permalink=\"https:\/\/www.hoymercedes.com.ar\/principal\/2020\/05\/31\/rapido-operativo-de-proteccion-civil-por-perdida-de-gasoil\/proteccioncivl-31-05-2020-1\/#main\" data-orig-file=\"https:\/\/www.hoymercedes.com.ar\/principal\/wp-content\/uploads\/2020\/05\/proteccioncivl.31.05.2020.1.jpeg\" data-orig-size=\"1280,720\" data-comments-opened=\"0\" data-image-meta=\"{&quot;aperture&quot;:&quot;0&quot;,&quot;credit&quot;:&quot;&quot;,&quot;camera&quot;:&quot;&quot;,&quot;caption&quot;:&quot;&quot;,&quot;created_timestamp&quot;:&quot;0&quot;,&quot;copyright&quot;:&quot;&quot;,&quot;focal_length&quot;:&quot;0&quot;,&quot;iso&quot;:&quot;0&quot;,&quot;shutter_speed&quot;:&quot;0&quot;,&quot;title&quot;:&quot;&quot;,&quot;orientation&quot;:&quot;0&quot;}\" data-image-title=\"proteccioncivl.31.05.2020.1\" data-image-description=\"\" data-image-caption=\"\" data-large-file=\"https:\/\/www.hoymercedes.com.ar\/principal\/wp-content\/uploads\/2020\/05\/proteccioncivl.31.05.2020.1.jpeg\" src=\"https:\/\/www.hoymercedes.com.ar\/principal\/wp-content\/uploads\/2020\/05\/proteccioncivl.31.05.2020.1.jpeg\" alt=\"\" class=\"wp-image-111481\"\/><\/figure>\n\n\n\n<p>Seg\u00fan se supo hab\u00eda recientemente llenado el tanque con lo cual la p\u00e9rdida de combustible fue considerable. &nbsp;<\/p>\n\n\n\n<p>En la avenida se arroj\u00f3 aserr\u00edn y cal con el objetivo de absorber el combustible derramado. Se cerr\u00f3 la calzada y se efectu\u00f3 el correspondiente control para evitar cualquier inconveniente.<\/p>\n\n\n\n<p>Protecci\u00f3n Civil trabaj\u00f3 en el ordenamiento de la situaci\u00f3n junto al \u00e1rea de Tr\u00e1nsito.<\/p>\n\n\n\n<figure class=\"wp-block-image size-large is-resized\"><img loading=\"lazy\" decoding=\"async\" data-attachment-id=\"111482\" data-permalink=\"https:\/\/www.hoymercedes.com.ar\/principal\/2020\/05\/31\/rapido-operativo-de-proteccion-civil-por-perdida-de-gasoil\/proteccioncivl-31-05-2020-2\/#main\" data-orig-file=\"https:\/\/www.hoymercedes.com.ar\/principal\/wp-content\/uploads\/2020\/05\/proteccioncivl.31.05.2020.2.jpeg\" data-orig-size=\"720,768\" data-comments-opened=\"0\" data-image-meta=\"{&quot;aperture&quot;:&quot;0&quot;,&quot;credit&quot;:&quot;&quot;,&quot;camera&quot;:&quot;&quot;,&quot;caption&quot;:&quot;&quot;,&quot;created_timestamp&quot;:&quot;0&quot;,&quot;copyright&quot;:&quot;&quot;,&quot;focal_length&quot;:&quot;0&quot;,&quot;iso&quot;:&quot;0&quot;,&quot;shutter_speed&quot;:&quot;0&quot;,&quot;title&quot;:&quot;&quot;,&quot;orientation&quot;:&quot;0&quot;}\" data-image-title=\"proteccioncivl.31.05.2020.2\" data-image-description=\"\" data-image-caption=\"\" data-large-file=\"https:\/\/www.hoymercedes.com.ar\/principal\/wp-content\/uploads\/2020\/05\/proteccioncivl.31.05.2020.2.jpeg\" src=\"https:\/\/www.hoymercedes.com.ar\/principal\/wp-content\/uploads\/2020\/05\/proteccioncivl.31.05.2020.2.jpeg\" alt=\"\" class=\"wp-image-111482\" width=\"966\" height=\"1030\"\/><\/figure>\n","protected":false},"excerpt":{"rendered":"<p>La Direcci\u00f3n de Protecci\u00f3n Civil de la Municipalidad acudi\u00f3 r\u00e1pidamente ante la emergencia sucedida por la gran p\u00e9rdida de gasoil &#8230; <a title=\"R\u00e1pido operativo de Protecci\u00f3n Civil por p\u00e9rdida de gasoil\" class=\"read-more\" href=\"https:\/\/www.hoymercedes.com.ar\/principal\/2020\/05\/31\/rapido-operativo-de-proteccion-civil-por-perdida-de-gasoil\/\" aria-label=\"Leer m\u00e1s sobre R\u00e1pido operativo de Protecci\u00f3n Civil por p\u00e9rdida de gasoil\">Leer m\u00e1s<\/a><\/p>\n","protected":false},"author":1,"featured_media":111481,"comment_status":"closed","ping_status":"open","sticky":false,"template":"","format":"standard","meta":{"_monsterinsights_skip_tracking":false,"_monsterinsights_sitenote_active":false,"_monsterinsights_sitenote_note":"","_monsterinsights_sitenote_category":0,"jetpack_post_was_ever_published":false,"_jetpack_newsletter_access":"","_jetpack_dont_email_post_to_subs":false,"_jetpack_newsletter_tier_id":0,"_jetpack_memberships_contains_paywalled_content":false,"_jetpack_memberships_contains_paid_content":false,"footnotes":"","jetpack_publicize_message":"","jetpack_publicize_feature_enabled":true,"jetpack_social_post_already_shared":true,"jetpack_social_options":{"image_generator_settings":{"template":"highway","default_image_id":0,"font":"","enabled":false},"version":2},"_wpas_customize_per_network":false},"categories":[30],"tags":[],"class_list":["post-111479","post","type-post","status-publish","format-standard","has-post-thumbnail","hentry","category-municipio","generate-columns","tablet-grid-50","mobile-grid-100","grid-parent","grid-50"],"jetpack_publicize_connections":[],"jetpack_featured_media_url":"https:\/\/www.hoymercedes.com.ar\/principal\/wp-content\/uploads\/2020\/05\/proteccioncivl.31.05.2020.1.jpeg","wps_subtitle":"Prevenci\u00f3n y precausi\u00f3n ","jetpack_sharing_enabled":true,"_links":{"self":[{"href":"https:\/\/www.hoymercedes.com.ar\/principal\/wp-json\/wp\/v2\/posts\/111479","targetHints":{"allow":["GET"]}}],"collection":[{"href":"https:\/\/www.hoymercedes.com.ar\/principal\/wp-json\/wp\/v2\/posts"}],"about":[{"href":"https:\/\/www.hoymercedes.com.ar\/principal\/wp-json\/wp\/v2\/types\/post"}],"author":[{"embeddable":true,"href":"https:\/\/www.hoymercedes.com.ar\/principal\/wp-json\/wp\/v2\/users\/1"}],"replies":[{"embeddable":true,"href":"https:\/\/www.hoymercedes.com.ar\/principal\/wp-json\/wp\/v2\/comments?post=111479"}],"version-history":[{"count":0,"href":"https:\/\/www.hoymercedes.com.ar\/principal\/wp-json\/wp\/v2\/posts\/111479\/revisions"}],"wp:featuredmedia":[{"embeddable":true,"href":"https:\/\/www.hoymercedes.com.ar\/principal\/wp-json\/wp\/v2\/media\/111481"}],"wp:attachment":[{"href":"https:\/\/www.hoymercedes.com.ar\/principal\/wp-json\/wp\/v2\/media?parent=111479"}],"wp:term":[{"taxonomy":"category","embeddable":true,"href":"https:\/\/www.hoymercedes.com.ar\/principal\/wp-json\/wp\/v2\/categories?post=111479"},{"taxonomy":"post_tag","embeddable":true,"href":"https:\/\/www.hoymercedes.com.ar\/principal\/wp-json\/wp\/v2\/tags?post=111479"}],"curies":[{"name":"wp","href":"https:\/\/api.w.org\/{rel}","templated":true}]}}