{"id":111505,"date":"2020-06-01T20:40:21","date_gmt":"2020-06-01T23:40:21","guid":{"rendered":"http:\/\/www.hoymercedes.com.ar\/principal\/?p=111505"},"modified":"2020-06-01T20:51:12","modified_gmt":"2020-06-01T23:51:12","slug":"siniestro-vial-grave-con-victimas-fatales-entre-mercedes-y-suiacha","status":"publish","type":"post","link":"https:\/\/www.hoymercedes.com.ar\/principal\/2020\/06\/01\/siniestro-vial-grave-con-victimas-fatales-entre-mercedes-y-suiacha\/","title":{"rendered":"Siniestro vial grave con v\u00edctimas fatales entre Mercedes y Suipacha"},"content":{"rendered":"\n<figure class=\"wp-block-image size-large\"><img loading=\"lazy\" decoding=\"async\" width=\"1080\" height=\"810\" data-attachment-id=\"111506\" data-permalink=\"https:\/\/www.hoymercedes.com.ar\/principal\/2020\/06\/01\/siniestro-vial-grave-con-victimas-fatales-entre-mercedes-y-suiacha\/siniestrovial-01-06-2020\/#main\" data-orig-file=\"https:\/\/www.hoymercedes.com.ar\/principal\/wp-content\/uploads\/2020\/06\/siniestrovial.01.06.2020.jpg\" data-orig-size=\"1080,810\" data-comments-opened=\"0\" data-image-meta=\"{&quot;aperture&quot;:&quot;0&quot;,&quot;credit&quot;:&quot;&quot;,&quot;camera&quot;:&quot;&quot;,&quot;caption&quot;:&quot;&quot;,&quot;created_timestamp&quot;:&quot;0&quot;,&quot;copyright&quot;:&quot;&quot;,&quot;focal_length&quot;:&quot;0&quot;,&quot;iso&quot;:&quot;0&quot;,&quot;shutter_speed&quot;:&quot;0&quot;,&quot;title&quot;:&quot;&quot;,&quot;orientation&quot;:&quot;0&quot;}\" data-image-title=\"siniestrovial.01.06.2020\" data-image-description=\"\" data-image-caption=\"\" data-large-file=\"https:\/\/www.hoymercedes.com.ar\/principal\/wp-content\/uploads\/2020\/06\/siniestrovial.01.06.2020.jpg\" src=\"https:\/\/www.hoymercedes.com.ar\/principal\/wp-content\/uploads\/2020\/06\/siniestrovial.01.06.2020.jpg\" alt=\"\" class=\"wp-image-111506\"\/><\/figure>\n\n\n\n<p>Grav\u00edsimo siniestro vial en ruta nacional n\u00b05 entre Mercedes y Suipacha. Seg\u00fan se supo ser\u00edan 3 las v\u00edctimas fatales. Involucr\u00f3 un cami\u00f3n y una camioneta tipo ranger. Las primeras sospechas hablan de un tercer veh\u00edculo que habr\u00eda sido parte de los movimientos, pero no estar\u00eda identificado.<\/p>\n\n\n\n<p>Act\u00faan las fuerzas de seguridad de Suipacha y ambulancias de dicha localidad y de Mercedes.<\/p>\n\n\n\n<p>Fue a la altura del km114 con jurisdicci\u00f3n Suipacha, actuando los bomberos de la mencionada vecina ciudad.<\/p>\n\n\n\n<p>Ampliaremos \/ Foto: infochivilcoy<\/p>\n","protected":false},"excerpt":{"rendered":"<p>Grav\u00edsimo siniestro vial en ruta nacional n\u00b05 entre Mercedes y Suipacha. Seg\u00fan se supo ser\u00edan 3 las v\u00edctimas fatales. Involucr\u00f3 &#8230; <a title=\"Siniestro vial grave con v\u00edctimas fatales entre Mercedes y Suipacha\" class=\"read-more\" href=\"https:\/\/www.hoymercedes.com.ar\/principal\/2020\/06\/01\/siniestro-vial-grave-con-victimas-fatales-entre-mercedes-y-suiacha\/\" aria-label=\"Leer m\u00e1s sobre Siniestro vial grave con v\u00edctimas fatales entre Mercedes y Suipacha\">Leer m\u00e1s<\/a><\/p>\n","protected":false},"author":1,"featured_media":111506,"comment_status":"closed","ping_status":"open","sticky":false,"template":"","format":"standard","meta":{"_monsterinsights_skip_tracking":false,"_monsterinsights_sitenote_active":false,"_monsterinsights_sitenote_note":"","_monsterinsights_sitenote_category":0,"jetpack_post_was_ever_published":false,"_jetpack_newsletter_access":"","_jetpack_dont_email_post_to_subs":false,"_jetpack_newsletter_tier_id":0,"_jetpack_memberships_contains_paywalled_content":false,"_jetpack_memberships_contains_paid_content":false,"footnotes":"","jetpack_publicize_message":"","jetpack_publicize_feature_enabled":true,"jetpack_social_post_already_shared":true,"jetpack_social_options":{"image_generator_settings":{"template":"highway","default_image_id":0,"font":"","enabled":false},"version":2},"_wpas_customize_per_network":false},"categories":[8],"tags":[3260,16677,538,10395],"class_list":["post-111505","post","type-post","status-publish","format-standard","has-post-thumbnail","hentry","category-sociedad","tag-choque","tag-mercedes-y-suipacha","tag-ruta-5","tag-siniestro-vial","generate-columns","tablet-grid-50","mobile-grid-100","grid-parent","grid-50"],"jetpack_publicize_connections":[],"jetpack_featured_media_url":"https:\/\/www.hoymercedes.com.ar\/principal\/wp-content\/uploads\/2020\/06\/siniestrovial.01.06.2020.jpg","wps_subtitle":"Al menos 2 muertos","jetpack_sharing_enabled":true,"_links":{"self":[{"href":"https:\/\/www.hoymercedes.com.ar\/principal\/wp-json\/wp\/v2\/posts\/111505","targetHints":{"allow":["GET"]}}],"collection":[{"href":"https:\/\/www.hoymercedes.com.ar\/principal\/wp-json\/wp\/v2\/posts"}],"about":[{"href":"https:\/\/www.hoymercedes.com.ar\/principal\/wp-json\/wp\/v2\/types\/post"}],"author":[{"embeddable":true,"href":"https:\/\/www.hoymercedes.com.ar\/principal\/wp-json\/wp\/v2\/users\/1"}],"replies":[{"embeddable":true,"href":"https:\/\/www.hoymercedes.com.ar\/principal\/wp-json\/wp\/v2\/comments?post=111505"}],"version-history":[{"count":0,"href":"https:\/\/www.hoymercedes.com.ar\/principal\/wp-json\/wp\/v2\/posts\/111505\/revisions"}],"wp:featuredmedia":[{"embeddable":true,"href":"https:\/\/www.hoymercedes.com.ar\/principal\/wp-json\/wp\/v2\/media\/111506"}],"wp:attachment":[{"href":"https:\/\/www.hoymercedes.com.ar\/principal\/wp-json\/wp\/v2\/media?parent=111505"}],"wp:term":[{"taxonomy":"category","embeddable":true,"href":"https:\/\/www.hoymercedes.com.ar\/principal\/wp-json\/wp\/v2\/categories?post=111505"},{"taxonomy":"post_tag","embeddable":true,"href":"https:\/\/www.hoymercedes.com.ar\/principal\/wp-json\/wp\/v2\/tags?post=111505"}],"curies":[{"name":"wp","href":"https:\/\/api.w.org\/{rel}","templated":true}]}}