{"id":111513,"date":"2020-06-02T00:21:00","date_gmt":"2020-06-02T03:21:00","guid":{"rendered":"http:\/\/www.hoymercedes.com.ar\/principal\/?p=111513"},"modified":"2020-06-01T22:02:28","modified_gmt":"2020-06-02T01:02:28","slug":"coronavirus-carmen-de-areco-y-arrecifes-confirman-sus-primeros-casos","status":"publish","type":"post","link":"https:\/\/www.hoymercedes.com.ar\/principal\/2020\/06\/02\/coronavirus-carmen-de-areco-y-arrecifes-confirman-sus-primeros-casos\/","title":{"rendered":"Coronavirus: Carmen de Areco y Arrecifes confirman sus primeros casos"},"content":{"rendered":"\n<p>Durante la jornada del lunes se confirmaron casos positivos de COVID-19 en la regi\u00f3n. Tanto el Municipio de Carmen de Areco como el de Arrecifes comunicaron los primeros casos positivos de ambas localidades, pacientes que resultaron ser compa\u00f1eros de trabajo en la empresa Granja Tres Arroyos de los casos positivos de Capit\u00e1n Sarmiento.<\/p>\n\n\n\n<p>Los primeros en confirmar nuevos casos positivos, fue el Municipio de Capit\u00e1n Sarmiento. L<a rel=\"noreferrer noopener\" href=\"https:\/\/www.youtube.com\/watch?v=b6yQRPHkTZ8\" target=\"_blank\">a Dra. Anabel Piquer confirma cuatro nuevos casos de coronavirus, elevando la cifra a 8 e<\/a>n el partido bonaerense donde se encuentra la empresa alimenticia. Por la tarde, los Municipios de Carmen de Areco y Arrecifes confirmaron sus primeros casos positivos de COVID-19. Son dos personas que viven cada uno en su localidad pero trabajan en la plata que Granja Tres Arroyos tiene en Capit\u00e1n Sarmiento, junto a los pacientes positivos de esta localidad confirmados entre el viernes y el lunes.<\/p>\n\n\n\n<p>El Municipio de Carmen de Areco emiti\u00f3 un comunicado a trav\u00e9s de un video. El Intendente Iv\u00e1n Villagr\u00e1n junto a la Dra. Lorena Damiano, Directora de Salud de Carmen de Areco, explicaron que a cuatro personas se les realiz\u00f3 el hisopado por covid-19, de los cu\u00e1les uno dio positivo. Se trata de un empleado en la planta de la firma Tres Arroyos en Capit\u00e1n Sarmiento. Familiares y allegados a esta persona permanecer\u00e1n bajo control preventivo.<a rel=\"noreferrer noopener\" href=\"https:\/\/www.facebook.com\/26fd4c1b-d691-4c96-80f4-904eb7ba35c1\" target=\"_blank\"> VER VIDEO<\/a>.<\/p>\n\n\n\n<p>En tanto, la Municipalidad de Arrecifes inform\u00f3 que \u00abel hisopado realizado en el d\u00eda de ayer a uno de los vecinos arrecife\u00f1os que trabaja en Granja Tres Arroyos de la localidad de Capit\u00e1n Sarmiento arroj\u00f3 resultado positivo\u201d. \u00abLa persona se encuentra en buen estado de salud, monitoreado por las autoridades sanitarias locales y debidamente aislada en su domicilio. Conforme el estudio de la cadena epidemiol\u00f3gica, este caso deriva del foco registrado en la planta Granja Tres Arroyos de Capit\u00e1n Sarmiento. Los restantes 16 hisopados derivados durante el fin de semana arrojaron resultado negativo\u201d, informan desde la comuna de Arrecifes.<\/p>\n\n\n\n<p>Los casos positivos confirmados en primer t\u00e9rmino mereci\u00f3 el cierre de la planta que la Granja Tres Arroyos tiene en Capit\u00e1n Sarmiento y que se realice el hisopado a todos los trabajadores del turno en el que trabaja el primer caso confirmado. Esto deriv\u00f3 en que se confirmen los casos restantes, y que todos los trabajadores est\u00e9n en cuarentena junto a sus familias.<\/p>\n\n\n\n<p>Por otra parte, y siguiendo con la informaci\u00f3n de la regi\u00f3n, tambi\u00e9n sumaron positivos Luj\u00e1n y Exaltaci\u00f3n de la Cruz. En la vecina localidad esta ma\u00f1ana se confirm\u00f3 un caso m\u00e1s positivos. Un paciente de la Colonia Montes de Oca se suma a los positivos y mereci\u00f3 que coloquen sanitizantes en el acceso a Torres. Son 42 los casos confirmados de covid-19 en Luj\u00e1n. <\/p>\n\n\n\n<p>En tanto, en Exaltaci\u00f3n de la Cruz son tres los casos positivos. Se trata de un hombre de Parada Robles, el cual se encuentra internado y con respirador en la terapia intensiva del Hospital San Jos\u00e9; una mujer de Capilla del Se\u00f1or, que se encuentra aislada junto su familia en su hogar y la semana pasada confirmaron el positivo de un Gendarme que particip\u00f3 de operativos en la ciudad de Buenos Aires que se encuentra internado en Campo de Mayo. <\/p>\n\n\n\n<p>Fuentes: CShoy24 de Capit\u00e1n Sarmiento, S\u00edncopeNoticas de Carmen de Areco, Arrecifes Noticias, El Lugare\u00f1o de Exaltaci\u00f3n de la Cruz y Luj\u00e1n Hoy.  <\/p>\n","protected":false},"excerpt":{"rendered":"<p>Durante la jornada del lunes se confirmaron casos positivos de COVID-19 en la regi\u00f3n. Tanto el Municipio de Carmen de &#8230; <a title=\"Coronavirus: Carmen de Areco y Arrecifes confirman sus primeros casos\" class=\"read-more\" href=\"https:\/\/www.hoymercedes.com.ar\/principal\/2020\/06\/02\/coronavirus-carmen-de-areco-y-arrecifes-confirman-sus-primeros-casos\/\" aria-label=\"Leer m\u00e1s sobre Coronavirus: Carmen de Areco y Arrecifes confirman sus primeros casos\">Leer m\u00e1s<\/a><\/p>\n","protected":false},"author":1,"featured_media":109552,"comment_status":"closed","ping_status":"open","sticky":false,"template":"","format":"standard","meta":{"_monsterinsights_skip_tracking":false,"_monsterinsights_sitenote_active":false,"_monsterinsights_sitenote_note":"","_monsterinsights_sitenote_category":0,"jetpack_post_was_ever_published":false,"_jetpack_newsletter_access":"","_jetpack_dont_email_post_to_subs":false,"_jetpack_newsletter_tier_id":0,"_jetpack_memberships_contains_paywalled_content":false,"_jetpack_memberships_contains_paid_content":false,"footnotes":"","jetpack_publicize_message":"","jetpack_publicize_feature_enabled":true,"jetpack_social_post_already_shared":true,"jetpack_social_options":{"image_generator_settings":{"template":"highway","default_image_id":0,"font":"","enabled":false},"version":2},"_wpas_customize_per_network":false},"categories":[5501],"tags":[16678,3169,16175,16313,11860,86,9322],"class_list":["post-111513","post","type-post","status-publish","format-standard","has-post-thumbnail","hentry","category-region","tag-arrecifes","tag-carmen-de-areco","tag-coronavirus","tag-covid-19","tag-exaltacion-de-la-cruz","tag-lujan","tag-region","generate-columns","tablet-grid-50","mobile-grid-100","grid-parent","grid-50"],"jetpack_publicize_connections":[],"jetpack_featured_media_url":"https:\/\/www.hoymercedes.com.ar\/principal\/wp-content\/uploads\/2020\/04\/17-coronavirus.jpg","wps_subtitle":"Aumentan los positivos en la regi\u00f3n","jetpack_sharing_enabled":true,"_links":{"self":[{"href":"https:\/\/www.hoymercedes.com.ar\/principal\/wp-json\/wp\/v2\/posts\/111513","targetHints":{"allow":["GET"]}}],"collection":[{"href":"https:\/\/www.hoymercedes.com.ar\/principal\/wp-json\/wp\/v2\/posts"}],"about":[{"href":"https:\/\/www.hoymercedes.com.ar\/principal\/wp-json\/wp\/v2\/types\/post"}],"author":[{"embeddable":true,"href":"https:\/\/www.hoymercedes.com.ar\/principal\/wp-json\/wp\/v2\/users\/1"}],"replies":[{"embeddable":true,"href":"https:\/\/www.hoymercedes.com.ar\/principal\/wp-json\/wp\/v2\/comments?post=111513"}],"version-history":[{"count":0,"href":"https:\/\/www.hoymercedes.com.ar\/principal\/wp-json\/wp\/v2\/posts\/111513\/revisions"}],"wp:featuredmedia":[{"embeddable":true,"href":"https:\/\/www.hoymercedes.com.ar\/principal\/wp-json\/wp\/v2\/media\/109552"}],"wp:attachment":[{"href":"https:\/\/www.hoymercedes.com.ar\/principal\/wp-json\/wp\/v2\/media?parent=111513"}],"wp:term":[{"taxonomy":"category","embeddable":true,"href":"https:\/\/www.hoymercedes.com.ar\/principal\/wp-json\/wp\/v2\/categories?post=111513"},{"taxonomy":"post_tag","embeddable":true,"href":"https:\/\/www.hoymercedes.com.ar\/principal\/wp-json\/wp\/v2\/tags?post=111513"}],"curies":[{"name":"wp","href":"https:\/\/api.w.org\/{rel}","templated":true}]}}