{"id":111528,"date":"2020-06-02T15:33:00","date_gmt":"2020-06-02T18:33:00","guid":{"rendered":"http:\/\/www.hoymercedes.com.ar\/principal\/?p=111528"},"modified":"2020-06-02T20:40:19","modified_gmt":"2020-06-02T23:40:19","slug":"el-mamm-convoca-para-expo-virtual-de-fotografia","status":"publish","type":"post","link":"https:\/\/www.hoymercedes.com.ar\/principal\/2020\/06\/02\/el-mamm-convoca-para-expo-virtual-de-fotografia\/","title":{"rendered":"El MAMM convoca para expo virtual de fotograf\u00eda"},"content":{"rendered":"\n<p>Desde el Museo de Arte \u00abMunicipalidad de Mercedes\u00bb y la Direcci\u00f3n de Cultura invitan a todos los ciudadanos a ser parte de la exposici\u00f3n virtual, colectiva y abierta\u00a0\u201cMis ojos en casa\u201d. La propuesta es que los vecinos busquen un enfoque distinto \u00absin salir de casa\u00bb. <\/p>\n\n\n\n<p>\u00abSe trata de una muestra fotogr\u00e1fica\u00a0que iremos armando entre todos, donde compartiremos nuestra visi\u00f3n art\u00edstica de lo que tenemos cerca, a diario, pero en esta oportunidad, busc\u00e1ndole un enfoque distinto, una mirada especial que podr\u00e1s captar, sin salir de casa, con celular\u00a0o c\u00e1mara fotogr\u00e1fica, lo que prefiera el vecino\u00bb, expresan desde el MAMM. <\/p>\n\n\n\n<p>A modo de incentivo para que la creatividad surja, el MAMM tira preguntas: \u00bfC\u00f3mo veo esa planta? \u00bfY qu\u00e9 pasar\u00eda si la observo desde un lugar distinto? \u00bfY desde una altura diferente? \u00bfY si le acerco una luz? \u00bfY c\u00f3mo quedar\u00eda si le saco una foto mientras la riego?<\/p>\n\n\n\n<p>\u00abPara conocernos m\u00e1s, compartir los quehaceres diarios, hacernos compa\u00f1\u00eda y disfrutar del arte en tiempos de cuarentena, te invitamos a que nos env\u00eden el material a museodeartemamm@gmail.com con la leyenda \u201cMuestra Fotogr\u00e1fica\u201d en el asunto junto a los datos: Nombre, edad, t\u00edtulo de la obra (Si es que tiene) y barrio\u00bb, agregaron desde el MAMM. <\/p>\n\n\n\n<div class=\"wp-block-image\"><figure class=\"aligncenter size-large\"><img loading=\"lazy\" decoding=\"async\" width=\"960\" height=\"960\" data-attachment-id=\"111536\" data-permalink=\"https:\/\/www.hoymercedes.com.ar\/principal\/2020\/06\/02\/el-mamm-convoca-para-expo-virtual-de-fotografia\/02-mamm-expofoto\/#main\" data-orig-file=\"https:\/\/www.hoymercedes.com.ar\/principal\/wp-content\/uploads\/2020\/06\/02-mamm-expofoto.jpg\" data-orig-size=\"960,960\" data-comments-opened=\"0\" data-image-meta=\"{&quot;aperture&quot;:&quot;0&quot;,&quot;credit&quot;:&quot;&quot;,&quot;camera&quot;:&quot;&quot;,&quot;caption&quot;:&quot;&quot;,&quot;created_timestamp&quot;:&quot;0&quot;,&quot;copyright&quot;:&quot;&quot;,&quot;focal_length&quot;:&quot;0&quot;,&quot;iso&quot;:&quot;0&quot;,&quot;shutter_speed&quot;:&quot;0&quot;,&quot;title&quot;:&quot;&quot;,&quot;orientation&quot;:&quot;0&quot;}\" data-image-title=\"02 mamm expofoto\" data-image-description=\"\" data-image-caption=\"\" data-large-file=\"https:\/\/www.hoymercedes.com.ar\/principal\/wp-content\/uploads\/2020\/06\/02-mamm-expofoto.jpg\" src=\"https:\/\/www.hoymercedes.com.ar\/principal\/wp-content\/uploads\/2020\/06\/02-mamm-expofoto.jpg\" alt=\"\" class=\"wp-image-111536\"\/><\/figure><\/div>\n","protected":false},"excerpt":{"rendered":"<p>Desde el Museo de Arte \u00abMunicipalidad de Mercedes\u00bb y la Direcci\u00f3n de Cultura invitan a todos los ciudadanos a ser &#8230; <a title=\"El MAMM convoca para expo virtual de fotograf\u00eda\" class=\"read-more\" href=\"https:\/\/www.hoymercedes.com.ar\/principal\/2020\/06\/02\/el-mamm-convoca-para-expo-virtual-de-fotografia\/\" aria-label=\"Leer m\u00e1s sobre El MAMM convoca para expo virtual de fotograf\u00eda\">Leer m\u00e1s<\/a><\/p>\n","protected":false},"author":1,"featured_media":111536,"comment_status":"closed","ping_status":"open","sticky":false,"template":"","format":"standard","meta":{"_monsterinsights_skip_tracking":false,"_monsterinsights_sitenote_active":false,"_monsterinsights_sitenote_note":"","_monsterinsights_sitenote_category":0,"jetpack_post_was_ever_published":false,"_jetpack_newsletter_access":"","_jetpack_dont_email_post_to_subs":false,"_jetpack_newsletter_tier_id":0,"_jetpack_memberships_contains_paywalled_content":false,"_jetpack_memberships_contains_paid_content":false,"footnotes":"","jetpack_publicize_message":"","jetpack_publicize_feature_enabled":true,"jetpack_social_post_already_shared":true,"jetpack_social_options":{"image_generator_settings":{"template":"highway","default_image_id":0,"font":"","enabled":false},"version":2},"_wpas_customize_per_network":false},"categories":[104],"tags":[7805,16679,8319,8674],"class_list":["post-111528","post","type-post","status-publish","format-standard","has-post-thumbnail","hentry","category-cultura","tag-cultura","tag-expo-virtual","tag-exposicion-fotografica","tag-mamm","generate-columns","tablet-grid-50","mobile-grid-100","grid-parent","grid-50"],"jetpack_publicize_connections":[],"jetpack_featured_media_url":"https:\/\/www.hoymercedes.com.ar\/principal\/wp-content\/uploads\/2020\/06\/02-mamm-expofoto.jpg","wps_subtitle":"Fotograf\u00eda","jetpack_sharing_enabled":true,"_links":{"self":[{"href":"https:\/\/www.hoymercedes.com.ar\/principal\/wp-json\/wp\/v2\/posts\/111528","targetHints":{"allow":["GET"]}}],"collection":[{"href":"https:\/\/www.hoymercedes.com.ar\/principal\/wp-json\/wp\/v2\/posts"}],"about":[{"href":"https:\/\/www.hoymercedes.com.ar\/principal\/wp-json\/wp\/v2\/types\/post"}],"author":[{"embeddable":true,"href":"https:\/\/www.hoymercedes.com.ar\/principal\/wp-json\/wp\/v2\/users\/1"}],"replies":[{"embeddable":true,"href":"https:\/\/www.hoymercedes.com.ar\/principal\/wp-json\/wp\/v2\/comments?post=111528"}],"version-history":[{"count":0,"href":"https:\/\/www.hoymercedes.com.ar\/principal\/wp-json\/wp\/v2\/posts\/111528\/revisions"}],"wp:featuredmedia":[{"embeddable":true,"href":"https:\/\/www.hoymercedes.com.ar\/principal\/wp-json\/wp\/v2\/media\/111536"}],"wp:attachment":[{"href":"https:\/\/www.hoymercedes.com.ar\/principal\/wp-json\/wp\/v2\/media?parent=111528"}],"wp:term":[{"taxonomy":"category","embeddable":true,"href":"https:\/\/www.hoymercedes.com.ar\/principal\/wp-json\/wp\/v2\/categories?post=111528"},{"taxonomy":"post_tag","embeddable":true,"href":"https:\/\/www.hoymercedes.com.ar\/principal\/wp-json\/wp\/v2\/tags?post=111528"}],"curies":[{"name":"wp","href":"https:\/\/api.w.org\/{rel}","templated":true}]}}