{"id":111539,"date":"2020-06-03T07:42:00","date_gmt":"2020-06-03T10:42:00","guid":{"rendered":"http:\/\/www.hoymercedes.com.ar\/principal\/?p=111539"},"modified":"2020-06-02T20:38:25","modified_gmt":"2020-06-02T23:38:25","slug":"bromatologia-derribando-mitos","status":"publish","type":"post","link":"https:\/\/www.hoymercedes.com.ar\/principal\/2020\/06\/03\/bromatologia-derribando-mitos\/","title":{"rendered":"Bromatolog\u00eda: Derribando mitos"},"content":{"rendered":"\n<p>on muchos los mitos que circulan en el imaginario popular y en las redes sociales sobre la alimentaci\u00f3n y los productos que injerimos. Qu\u00e9 injerimos y c\u00f3mo injerimos principalmente. Por eso hoy llevamos algunas preguntas con sus respuestas para \u00abderribar mitos\u00bb. <\/p>\n\n\n\n<p><strong>-No se puede congelar un alimento ya descongelado?<\/strong><br>-Verdadero. No es recomendable. Al congelar un alimento inhibe el desarrollo de los microorganismos pero cuando descongelamos vuelven a proliferar por lo que si volvemos a congelar un alimento de nuevo \u00e9ste ya contiene m\u00e1s carga microbiana.<\/p>\n\n\n\n<p><strong>-\u00bfLa fruta despu\u00e9s de la comida engorda?<\/strong> <br>-Falso. La fruta aporta las mismas calor\u00edas independientemente del momento en que se ingiera. Si se consume antes de la comida principal, su aporte de fibra ayuda a aumentar la sensaci\u00f3n de saciedad.<\/p>\n\n\n\n<p>&#8211;<strong>Los alimentos light no engordan<\/strong><br>-Falso. \u2018Light\u2019 no significa sin az\u00facar o sin grasa, sino que tiene un 30% menos calor\u00edas que el producto de referencia, por eso deben consumirse con moderaci\u00f3n. Para perder peso, es necesario llevar una dieta sana y equilibrada combinada con el ejercicio f\u00edsico.<\/p>\n\n\n\n<p><strong>&#8211; Las frutas y verduras pierden sus propiedades al ser congelados?<\/strong><br>&#8211; Falso. Frente a lo que com\u00fanmente se piensa, las verduras congeladas tienen tantas vitaminas y minerales como las frescas que se venden en los mercados. Conservadas correctamente a temperaturas de -18\u00baC o inferiores, las verduras y hortalizas mantienen estable su valor nutritivo durante un periodo comprendido entre uno y tres a\u00f1os.<\/p>\n\n\n\n<p><strong>-\u00bfEl pan engorda? <\/strong><br>-Falso. El pan es un alimento del grupo de los farin\u00e1ceos y es rico en az\u00facares complejos, siendo el nutriente que necesitamos en mayor proporci\u00f3n. El pan ha de formar parte de nuestra alimentaci\u00f3n diaria lo que hace aumentar las calor\u00edas es, muchas veces, con lo que lo acompa\u00f1amos (salsas, embutidos,\u2026). Engorda consumir a lo largo del d\u00eda m\u00e1s energ\u00eda de la que consumimos, no un alimento en concreto.<\/p>\n\n\n\n<p><strong>-\u00bfEs cierto el refr\u00e1n \u201cDesayuna como rey, almuerza como pr\u00edncipe y come como un mendigo\u201d?<\/strong><br>-Verdadero. Un factor importante dentro de los buenos h\u00e1bitos de alimentaci\u00f3n, es realizar varias comidas al d\u00eda. Despu\u00e9s de varias horas de ayuno durante la noche, un desayuno adecuado, abundante y equilibrado proporciona la energ\u00eda y nutrientes necesarios para comenzar una nueva jornada con energ\u00eda. Un almuerzo o comida con la proporci\u00f3n de prote\u00ednas, carbohidratos, verduras y vegetales adecuada producir\u00e1 un aporte de energ\u00eda suficiente para soportar el resto de la jornada, y har\u00e1n que lleguemos a la cena con menos apetito, y cenemos platos m\u00e1s ligeros y de f\u00e1cil digesti\u00f3n antes de irnos a dormir.<\/p>\n\n\n\n<p><strong>-\u00bfEs bueno mezclar las lentejas con arroz?<\/strong><br>-Verdadero. Las lentejas y el arroz son una buena combinaci\u00f3n para obtener unas prote\u00ednas completas para reponer nuestros tejidos y mantener nuestras defensas. Una prote\u00edna completa es aquella que proporciona todos los amino\u00e1cidos esenciales en las cantidades adecuadas.<\/p>\n\n\n\n<p><strong>-Las grasas son malas para el organismo?<\/strong><br>-Falso. Las grasas junto a los hidratos de carbono son una de las principales fuentes de energ\u00eda de nuestro cuerpo, lo que las hace esenciales en nuestra dieta. Existen dos tipos de grasas: saturadas e insaturadas, debiendo controlar el consumo de las primeras.<\/p>\n\n\n\n<p><strong>\u00bfLos platos peque\u00f1os ayudan a comer menos?<\/strong><br>-Verdadero. El tama\u00f1o de los recipientes y de las porciones de los alimentos que se sirven tiene un impacto en la cantidad de comida que se ingiere. Con ello conseguimos \u00abenga\u00f1ar a la mente\u00bb, comemos m\u00e1s cuanto mayores son las raciones, ya que hay una tendencia a terminar lo que tenemos en el plato aunque ya estemos saciados. Por otra parte, si hemos acabado con una raci\u00f3n peque\u00f1a, es menos probable que repitamos aunque no estemos saciados del todo.<\/p>\n\n\n\n<p>&#8211;<strong>Hay que tomar el jugo r\u00e1pidamente porque se le van las vitaminas<\/strong><br>-Falso. Las vitaminas son sensibles a la luz, al ox\u00edgeno y a los cambios de temperatura, por eso, si exprimimos un jugo y lo dejamos mucho tiempo expuesto a estos factores, las vitaminas se ir\u00e1n degradando. Pero eso no indica que tengamos que bebernos el jugo inmediatamente, podemos tardar 15 minutos en beb\u00e9rnoslo y no perder\u00eda esas vitaminas.<\/p>\n\n\n\n<p>Fuente: Bromatolog\u00eda Mercedes<a href=\"https:\/\/www.facebook.com\/JMariano1977\/photos\/a.104611517750740\/165482324996992\/?type=3&amp;eid=ARAYOcm3qeUt_PfcKD6jsWnKdpmAIFOk3MxwExhExHZAQ8U8fKzOiq9Nd3JbNCCNWLG6G04xpEHPgOVy&amp;__xts__%5B0%5D=68.ARDNJfs_DypIwW5tq10_r8VUoSAECm3AUM4vTmO_5L56oEg6r95I2cf_oI0QigyIsWNUVxfyQ5oVMKWabphlLwi33pQcYOoYsx6RsZLJIHKEPkbiNglZW5Onhsm2crOhfWasac5SvcsHyRIoANjDZ-PHwf5k4VYWVFSVGLEmeufeweOOD74Ka7UZOuk3odzf07CQl-SuDM5FpcZ0gM6rd2HuupJcTFOsD3N_8dgwCw5dIXqv0it7Apbu6kPdcfPYlWPJMMbgAFnx1lMDVr6aqDriF2a0nbX2GxOj8A4nU-ch9pSOKwoKf87HwDSa4m6yK41Vu63db-qxuci-UpPTSus&amp;__tn__=EHH-R\" target=\"_blank\" rel=\"noopener\"><\/a><\/p>\n","protected":false},"excerpt":{"rendered":"<p>on muchos los mitos que circulan en el imaginario popular y en las redes sociales sobre la alimentaci\u00f3n y los &#8230; <a title=\"Bromatolog\u00eda: Derribando mitos\" class=\"read-more\" href=\"https:\/\/www.hoymercedes.com.ar\/principal\/2020\/06\/03\/bromatologia-derribando-mitos\/\" aria-label=\"Leer m\u00e1s sobre Bromatolog\u00eda: Derribando mitos\">Leer m\u00e1s<\/a><\/p>\n","protected":false},"author":1,"featured_media":111540,"comment_status":"closed","ping_status":"open","sticky":false,"template":"","format":"standard","meta":{"_monsterinsights_skip_tracking":false,"_monsterinsights_sitenote_active":false,"_monsterinsights_sitenote_note":"","_monsterinsights_sitenote_category":0,"jetpack_post_was_ever_published":false,"_jetpack_newsletter_access":"","_jetpack_dont_email_post_to_subs":false,"_jetpack_newsletter_tier_id":0,"_jetpack_memberships_contains_paywalled_content":false,"_jetpack_memberships_contains_paid_content":false,"footnotes":"","jetpack_publicize_message":"","jetpack_publicize_feature_enabled":true,"jetpack_social_post_already_shared":true,"jetpack_social_options":{"image_generator_settings":{"template":"highway","default_image_id":0,"font":"","enabled":false},"version":2},"_wpas_customize_per_network":false},"categories":[9791],"tags":[12186,16573],"class_list":["post-111539","post","type-post","status-publish","format-standard","has-post-thumbnail","hentry","category-salud","tag-bromatologia","tag-salud-alimentaria","generate-columns","tablet-grid-50","mobile-grid-100","grid-parent","grid-50"],"jetpack_publicize_connections":[],"jetpack_featured_media_url":"https:\/\/www.hoymercedes.com.ar\/principal\/wp-content\/uploads\/2020\/06\/02-mitos-bromatologia.jpg","wps_subtitle":"Salud alimentaria","jetpack_sharing_enabled":true,"_links":{"self":[{"href":"https:\/\/www.hoymercedes.com.ar\/principal\/wp-json\/wp\/v2\/posts\/111539","targetHints":{"allow":["GET"]}}],"collection":[{"href":"https:\/\/www.hoymercedes.com.ar\/principal\/wp-json\/wp\/v2\/posts"}],"about":[{"href":"https:\/\/www.hoymercedes.com.ar\/principal\/wp-json\/wp\/v2\/types\/post"}],"author":[{"embeddable":true,"href":"https:\/\/www.hoymercedes.com.ar\/principal\/wp-json\/wp\/v2\/users\/1"}],"replies":[{"embeddable":true,"href":"https:\/\/www.hoymercedes.com.ar\/principal\/wp-json\/wp\/v2\/comments?post=111539"}],"version-history":[{"count":0,"href":"https:\/\/www.hoymercedes.com.ar\/principal\/wp-json\/wp\/v2\/posts\/111539\/revisions"}],"wp:featuredmedia":[{"embeddable":true,"href":"https:\/\/www.hoymercedes.com.ar\/principal\/wp-json\/wp\/v2\/media\/111540"}],"wp:attachment":[{"href":"https:\/\/www.hoymercedes.com.ar\/principal\/wp-json\/wp\/v2\/media?parent=111539"}],"wp:term":[{"taxonomy":"category","embeddable":true,"href":"https:\/\/www.hoymercedes.com.ar\/principal\/wp-json\/wp\/v2\/categories?post=111539"},{"taxonomy":"post_tag","embeddable":true,"href":"https:\/\/www.hoymercedes.com.ar\/principal\/wp-json\/wp\/v2\/tags?post=111539"}],"curies":[{"name":"wp","href":"https:\/\/api.w.org\/{rel}","templated":true}]}}