{"id":111557,"date":"2020-06-02T20:23:55","date_gmt":"2020-06-02T23:23:55","guid":{"rendered":"http:\/\/www.hoymercedes.com.ar\/principal\/?p=111557"},"modified":"2020-06-02T20:38:47","modified_gmt":"2020-06-02T23:38:47","slug":"bomberos-celebraron-su-dia-con-el-apoyo-de-los-vecinos-que-decoraron-sus-domicilios","status":"publish","type":"post","link":"https:\/\/www.hoymercedes.com.ar\/principal\/2020\/06\/02\/bomberos-celebraron-su-dia-con-el-apoyo-de-los-vecinos-que-decoraron-sus-domicilios\/","title":{"rendered":"Bomberos celebraron su d\u00eda con el apoyo de los vecinos que decoraron sus domicilios"},"content":{"rendered":"\n<p>Este a\u00f1o, los Bomberos Voluntarios de Mercedes no pudieron realizar el acto conmemorativo en la plaza San Luis. No obstante, las redes sociales les permiti\u00f3 recibir todos los saludos y se\u00f1ales de apoyo de instituciones locales y vecinos que les hicieron llegar sus saludos y mensajes de acompa\u00f1amiento. <\/p>\n\n\n\n<p>Algunos con im\u00e1genes conmemorativas, otros decorando sus casas con globos, mo\u00f1os y cintas de color rojo y amarillo, y a las 20 horas, se escucharon los aplausos dedicado a ellos. Quienes se hicieron presentes, fueron el equipo de Protecci\u00f3n Civil Mercedes que llevaron al cuartel, una torta para que los Bomberos celebren su d\u00eda.<\/p>\n\n\n\n<div class=\"wp-block-image\"><figure class=\"aligncenter size-large\"><img loading=\"lazy\" decoding=\"async\" width=\"958\" height=\"638\" data-attachment-id=\"111558\" data-permalink=\"https:\/\/www.hoymercedes.com.ar\/principal\/2020\/06\/02\/bomberos-celebraron-su-dia-con-el-apoyo-de-los-vecinos-que-decoraron-sus-domicilios\/02-bomberos-proteccion\/#main\" data-orig-file=\"https:\/\/www.hoymercedes.com.ar\/principal\/wp-content\/uploads\/2020\/06\/02-bomberos-proteccion.jpg\" data-orig-size=\"958,638\" data-comments-opened=\"0\" data-image-meta=\"{&quot;aperture&quot;:&quot;0&quot;,&quot;credit&quot;:&quot;&quot;,&quot;camera&quot;:&quot;&quot;,&quot;caption&quot;:&quot;&quot;,&quot;created_timestamp&quot;:&quot;0&quot;,&quot;copyright&quot;:&quot;&quot;,&quot;focal_length&quot;:&quot;0&quot;,&quot;iso&quot;:&quot;0&quot;,&quot;shutter_speed&quot;:&quot;0&quot;,&quot;title&quot;:&quot;&quot;,&quot;orientation&quot;:&quot;0&quot;}\" data-image-title=\"02 bomberos proteccion\" data-image-description=\"\" data-image-caption=\"\" data-large-file=\"https:\/\/www.hoymercedes.com.ar\/principal\/wp-content\/uploads\/2020\/06\/02-bomberos-proteccion.jpg\" src=\"https:\/\/www.hoymercedes.com.ar\/principal\/wp-content\/uploads\/2020\/06\/02-bomberos-proteccion.jpg\" alt=\"\" class=\"wp-image-111558\"\/><figcaption>Fotograf\u00eda: Protecci\u00f3n Civil Mercedes<\/figcaption><\/figure><\/div>\n\n\n\n<p>Por su parte, los Bomberos de Mercedes mostraron a trav\u00e9s de un video, las adquisiciones y equipamiento del \u00faltimo a\u00f1o, tal como lo hacen en los festejos anuales. Y su sirena son\u00f3 a la hora 8 y luego junto a las sirenas de todo el pa\u00eds en horas de la tarde. <\/p>\n\n\n\n<figure class=\"wp-block-embed-facebook wp-block-embed is-type-video is-provider-facebook\"><div class=\"wp-block-embed__wrapper\">\n<div class=\"fb-video\" data-allowfullscreen=\"true\" data-href=\"https:\/\/www.facebook.com\/bomberosdemercedes\/videos\/870384670037772\/\" style=\"background-color: #fff; display: inline-block;\"><\/div>\n<\/div><\/figure>\n\n\n\n<div class=\"wp-block-image\"><figure class=\"aligncenter size-large\"><img loading=\"lazy\" decoding=\"async\" width=\"958\" height=\"638\" data-attachment-id=\"111559\" data-permalink=\"https:\/\/www.hoymercedes.com.ar\/principal\/2020\/06\/02\/bomberos-celebraron-su-dia-con-el-apoyo-de-los-vecinos-que-decoraron-sus-domicilios\/02-bomberos-proteccion2\/#main\" data-orig-file=\"https:\/\/www.hoymercedes.com.ar\/principal\/wp-content\/uploads\/2020\/06\/02-bomberos-proteccion2.jpg\" data-orig-size=\"958,638\" data-comments-opened=\"0\" data-image-meta=\"{&quot;aperture&quot;:&quot;0&quot;,&quot;credit&quot;:&quot;&quot;,&quot;camera&quot;:&quot;&quot;,&quot;caption&quot;:&quot;&quot;,&quot;created_timestamp&quot;:&quot;0&quot;,&quot;copyright&quot;:&quot;&quot;,&quot;focal_length&quot;:&quot;0&quot;,&quot;iso&quot;:&quot;0&quot;,&quot;shutter_speed&quot;:&quot;0&quot;,&quot;title&quot;:&quot;&quot;,&quot;orientation&quot;:&quot;0&quot;}\" data-image-title=\"02 bomberos proteccion2\" data-image-description=\"\" data-image-caption=\"\" data-large-file=\"https:\/\/www.hoymercedes.com.ar\/principal\/wp-content\/uploads\/2020\/06\/02-bomberos-proteccion2.jpg\" src=\"https:\/\/www.hoymercedes.com.ar\/principal\/wp-content\/uploads\/2020\/06\/02-bomberos-proteccion2.jpg\" alt=\"\" class=\"wp-image-111559\"\/><figcaption>Fotograf\u00eda: Protecci\u00f3n Civil Mercedes<\/figcaption><\/figure><\/div>\n","protected":false},"excerpt":{"rendered":"<p>Este a\u00f1o, los Bomberos Voluntarios de Mercedes no pudieron realizar el acto conmemorativo en la plaza San Luis. No obstante, &#8230; <a title=\"Bomberos celebraron su d\u00eda con el apoyo de los vecinos que decoraron sus domicilios\" class=\"read-more\" href=\"https:\/\/www.hoymercedes.com.ar\/principal\/2020\/06\/02\/bomberos-celebraron-su-dia-con-el-apoyo-de-los-vecinos-que-decoraron-sus-domicilios\/\" aria-label=\"Leer m\u00e1s sobre Bomberos celebraron su d\u00eda con el apoyo de los vecinos que decoraron sus domicilios\">Leer m\u00e1s<\/a><\/p>\n","protected":false},"author":1,"featured_media":111559,"comment_status":"closed","ping_status":"open","sticky":false,"template":"","format":"standard","meta":{"_monsterinsights_skip_tracking":false,"_monsterinsights_sitenote_active":false,"_monsterinsights_sitenote_note":"","_monsterinsights_sitenote_category":0,"jetpack_post_was_ever_published":false,"_jetpack_newsletter_access":"","_jetpack_dont_email_post_to_subs":false,"_jetpack_newsletter_tier_id":0,"_jetpack_memberships_contains_paywalled_content":false,"_jetpack_memberships_contains_paid_content":false,"footnotes":"","jetpack_publicize_message":"","jetpack_publicize_feature_enabled":true,"jetpack_social_post_already_shared":true,"jetpack_social_options":{"image_generator_settings":{"template":"highway","default_image_id":0,"font":"","enabled":false},"version":2},"_wpas_customize_per_network":false},"categories":[11],"tags":[11283,8920,9847,9420],"class_list":["post-111557","post","type-post","status-publish","format-standard","has-post-thumbnail","hentry","category-ciudad","tag-2-de-junio","tag-acto","tag-celebracion","tag-dia-del-bombero-voluntario","generate-columns","tablet-grid-50","mobile-grid-100","grid-parent","grid-50"],"jetpack_publicize_connections":[],"jetpack_featured_media_url":"https:\/\/www.hoymercedes.com.ar\/principal\/wp-content\/uploads\/2020\/06\/02-bomberos-proteccion2.jpg","wps_subtitle":"2 de junio D\u00eda del Bombero Voluntario","jetpack_sharing_enabled":true,"_links":{"self":[{"href":"https:\/\/www.hoymercedes.com.ar\/principal\/wp-json\/wp\/v2\/posts\/111557","targetHints":{"allow":["GET"]}}],"collection":[{"href":"https:\/\/www.hoymercedes.com.ar\/principal\/wp-json\/wp\/v2\/posts"}],"about":[{"href":"https:\/\/www.hoymercedes.com.ar\/principal\/wp-json\/wp\/v2\/types\/post"}],"author":[{"embeddable":true,"href":"https:\/\/www.hoymercedes.com.ar\/principal\/wp-json\/wp\/v2\/users\/1"}],"replies":[{"embeddable":true,"href":"https:\/\/www.hoymercedes.com.ar\/principal\/wp-json\/wp\/v2\/comments?post=111557"}],"version-history":[{"count":0,"href":"https:\/\/www.hoymercedes.com.ar\/principal\/wp-json\/wp\/v2\/posts\/111557\/revisions"}],"wp:featuredmedia":[{"embeddable":true,"href":"https:\/\/www.hoymercedes.com.ar\/principal\/wp-json\/wp\/v2\/media\/111559"}],"wp:attachment":[{"href":"https:\/\/www.hoymercedes.com.ar\/principal\/wp-json\/wp\/v2\/media?parent=111557"}],"wp:term":[{"taxonomy":"category","embeddable":true,"href":"https:\/\/www.hoymercedes.com.ar\/principal\/wp-json\/wp\/v2\/categories?post=111557"},{"taxonomy":"post_tag","embeddable":true,"href":"https:\/\/www.hoymercedes.com.ar\/principal\/wp-json\/wp\/v2\/tags?post=111557"}],"curies":[{"name":"wp","href":"https:\/\/api.w.org\/{rel}","templated":true}]}}