{"id":111604,"date":"2020-06-03T11:28:49","date_gmt":"2020-06-03T14:28:49","guid":{"rendered":"http:\/\/www.hoymercedes.com.ar\/principal\/?p=111604"},"modified":"2020-06-03T15:49:35","modified_gmt":"2020-06-03T18:49:35","slug":"carcel-decorada-de-rojo-en-homenaje-a-los-bomberos","status":"publish","type":"post","link":"https:\/\/www.hoymercedes.com.ar\/principal\/2020\/06\/03\/carcel-decorada-de-rojo-en-homenaje-a-los-bomberos\/","title":{"rendered":"C\u00e1rcel decorada de rojo en homenaje a los Bomberos"},"content":{"rendered":"\n<p>El frente de la Unidad Penitenciaria N\u00ba 5 de Mercedes, \u00a0se embander\u00f3 con dos insignias color rojo en celebraci\u00f3n al D\u00eda del Bombero Voluntario el 2 de junio al recordar la creaci\u00f3n del primer cuartel en la Rep\u00fablica Argentina.<\/p>\n\n\n\n<div class=\"wp-block-image\"><figure class=\"aligncenter size-large\"><img loading=\"lazy\" decoding=\"async\" width=\"800\" height=\"687\" data-attachment-id=\"111605\" data-permalink=\"https:\/\/www.hoymercedes.com.ar\/principal\/2020\/06\/03\/carcel-decorada-de-rojo-en-homenaje-a-los-bomberos\/03-carcel-rojo\/#main\" data-orig-file=\"https:\/\/www.hoymercedes.com.ar\/principal\/wp-content\/uploads\/2020\/06\/03-carcel-rojo.jpg\" data-orig-size=\"800,687\" data-comments-opened=\"0\" data-image-meta=\"{&quot;aperture&quot;:&quot;0&quot;,&quot;credit&quot;:&quot;&quot;,&quot;camera&quot;:&quot;&quot;,&quot;caption&quot;:&quot;&quot;,&quot;created_timestamp&quot;:&quot;0&quot;,&quot;copyright&quot;:&quot;&quot;,&quot;focal_length&quot;:&quot;0&quot;,&quot;iso&quot;:&quot;0&quot;,&quot;shutter_speed&quot;:&quot;0&quot;,&quot;title&quot;:&quot;&quot;,&quot;orientation&quot;:&quot;0&quot;}\" data-image-title=\"03 carcel rojo\" data-image-description=\"\" data-image-caption=\"\" data-large-file=\"https:\/\/www.hoymercedes.com.ar\/principal\/wp-content\/uploads\/2020\/06\/03-carcel-rojo.jpg\" src=\"https:\/\/www.hoymercedes.com.ar\/principal\/wp-content\/uploads\/2020\/06\/03-carcel-rojo.jpg\" alt=\"\" class=\"wp-image-111605\"\/><\/figure><\/div>\n\n\n\n<p>Este a\u00f1o, debido al aislamiento social preventivo, decretado por el gobierno nacional ante la pandemia desatada por el COVID-19, los Bomberos Voluntarios de Argentina y en particular de Mercedes, no pudieron festejar su d\u00eda con actos, desfiles y el afecto personal de toda la comunidad que siempre asisten. <\/p>\n\n\n\n<p>Por ello desde el cuartel de Mercedes, se sumaron a la campa\u00f1a donde se solicita, decorar sus casas o lugares de trabajo, con un s\u00edmbolo de color rojo (globo, cintas, banderas o mo\u00f1os). A esta propuesta se sum\u00f3 el servicio penitenciario bonaerense. <\/p>\n\n\n\n<p>\u00abPor el gran servicio que siempre brindan, por el valor de la tarea que hacen y por la constante colaboraci\u00f3n que brindan a la Unidad Penal N\u00ba 5, quisimos ser parte de este reconocimiento y agradecerles su voluntarismo y compromiso. Ademas, va nuestro reconocimiento a los Agentes de \u00e9sta\u00a0 Unidad, que son Bomberos Voluntarios,\u00a0 Gonzalo Retegui, Yanina Sanchez, Marianela Avagnina, Nicol\u00e1s Vitta, Favio de Acevedo, Gast\u00f3n Arigoni\u00bb, expresan desde la c\u00e1rcel de Mercedes.<\/p>\n","protected":false},"excerpt":{"rendered":"<p>El frente de la Unidad Penitenciaria N\u00ba 5 de Mercedes, \u00a0se embander\u00f3 con dos insignias color rojo en celebraci\u00f3n al &#8230; <a title=\"C\u00e1rcel decorada de rojo en homenaje a los Bomberos\" class=\"read-more\" href=\"https:\/\/www.hoymercedes.com.ar\/principal\/2020\/06\/03\/carcel-decorada-de-rojo-en-homenaje-a-los-bomberos\/\" aria-label=\"Leer m\u00e1s sobre C\u00e1rcel decorada de rojo en homenaje a los Bomberos\">Leer m\u00e1s<\/a><\/p>\n","protected":false},"author":1,"featured_media":111605,"comment_status":"closed","ping_status":"open","sticky":false,"template":"","format":"standard","meta":{"_monsterinsights_skip_tracking":false,"_monsterinsights_sitenote_active":false,"_monsterinsights_sitenote_note":"","_monsterinsights_sitenote_category":0,"jetpack_post_was_ever_published":false,"_jetpack_newsletter_access":"","_jetpack_dont_email_post_to_subs":false,"_jetpack_newsletter_tier_id":0,"_jetpack_memberships_contains_paywalled_content":false,"_jetpack_memberships_contains_paid_content":false,"footnotes":"","jetpack_publicize_message":"","jetpack_publicize_feature_enabled":true,"jetpack_social_post_already_shared":true,"jetpack_social_options":{"image_generator_settings":{"template":"highway","default_image_id":0,"font":"","enabled":false},"version":2},"_wpas_customize_per_network":false},"categories":[8],"tags":[1011,16681,9420],"class_list":["post-111604","post","type-post","status-publish","format-standard","has-post-thumbnail","hentry","category-sociedad","tag-carcel","tag-decoracion","tag-dia-del-bombero-voluntario","generate-columns","tablet-grid-50","mobile-grid-100","grid-parent","grid-50"],"jetpack_publicize_connections":[],"jetpack_featured_media_url":"https:\/\/www.hoymercedes.com.ar\/principal\/wp-content\/uploads\/2020\/06\/03-carcel-rojo.jpg","wps_subtitle":"","jetpack_sharing_enabled":true,"_links":{"self":[{"href":"https:\/\/www.hoymercedes.com.ar\/principal\/wp-json\/wp\/v2\/posts\/111604","targetHints":{"allow":["GET"]}}],"collection":[{"href":"https:\/\/www.hoymercedes.com.ar\/principal\/wp-json\/wp\/v2\/posts"}],"about":[{"href":"https:\/\/www.hoymercedes.com.ar\/principal\/wp-json\/wp\/v2\/types\/post"}],"author":[{"embeddable":true,"href":"https:\/\/www.hoymercedes.com.ar\/principal\/wp-json\/wp\/v2\/users\/1"}],"replies":[{"embeddable":true,"href":"https:\/\/www.hoymercedes.com.ar\/principal\/wp-json\/wp\/v2\/comments?post=111604"}],"version-history":[{"count":0,"href":"https:\/\/www.hoymercedes.com.ar\/principal\/wp-json\/wp\/v2\/posts\/111604\/revisions"}],"wp:featuredmedia":[{"embeddable":true,"href":"https:\/\/www.hoymercedes.com.ar\/principal\/wp-json\/wp\/v2\/media\/111605"}],"wp:attachment":[{"href":"https:\/\/www.hoymercedes.com.ar\/principal\/wp-json\/wp\/v2\/media?parent=111604"}],"wp:term":[{"taxonomy":"category","embeddable":true,"href":"https:\/\/www.hoymercedes.com.ar\/principal\/wp-json\/wp\/v2\/categories?post=111604"},{"taxonomy":"post_tag","embeddable":true,"href":"https:\/\/www.hoymercedes.com.ar\/principal\/wp-json\/wp\/v2\/tags?post=111604"}],"curies":[{"name":"wp","href":"https:\/\/api.w.org\/{rel}","templated":true}]}}