{"id":111617,"date":"2020-06-03T17:09:00","date_gmt":"2020-06-03T20:09:00","guid":{"rendered":"http:\/\/www.hoymercedes.com.ar\/principal\/?p=111617"},"modified":"2020-06-03T19:14:07","modified_gmt":"2020-06-03T22:14:07","slug":"niunamenos-el-compromiso-contra-los-femicidios-continuan","status":"publish","type":"post","link":"https:\/\/www.hoymercedes.com.ar\/principal\/2020\/06\/03\/niunamenos-el-compromiso-contra-los-femicidios-continuan\/","title":{"rendered":"#NiUnaMenos: el compromiso contra los femicidios contin\u00faa"},"content":{"rendered":"\n<p>Desde la Coordinaci\u00f3n de Pol\u00edticas de G\u00e9neros y Diversidad ratifican el compromiso de seguir trabajando y ampliando dispositivos del cuidado de la mujer, la lucha contra la violencia de g\u00e9nero y la igualdad de g\u00e9nero. Ver Video. <\/p>\n\n\n\n<figure class=\"wp-block-embed-facebook wp-block-embed is-type-video is-provider-facebook\"><div class=\"wp-block-embed__wrapper\">\n<div class=\"fb-video\" data-allowfullscreen=\"true\" data-href=\"https:\/\/www.facebook.com\/munimercedes\/videos\/180867266637510\/\" style=\"background-color: #fff; display: inline-block;\"><\/div>\n<\/div><\/figure>\n\n\n\n<p>Fuente: Prensa Mercedes<\/p>\n","protected":false},"excerpt":{"rendered":"<p>Desde la Coordinaci\u00f3n de Pol\u00edticas de G\u00e9neros y Diversidad ratifican el compromiso de seguir trabajando y ampliando dispositivos del cuidado &#8230; <a title=\"#NiUnaMenos: el compromiso contra los femicidios contin\u00faa\" class=\"read-more\" href=\"https:\/\/www.hoymercedes.com.ar\/principal\/2020\/06\/03\/niunamenos-el-compromiso-contra-los-femicidios-continuan\/\" aria-label=\"Leer m\u00e1s sobre #NiUnaMenos: el compromiso contra los femicidios contin\u00faa\">Leer m\u00e1s<\/a><\/p>\n","protected":false},"author":1,"featured_media":63470,"comment_status":"closed","ping_status":"open","sticky":false,"template":"","format":"standard","meta":{"_monsterinsights_skip_tracking":false,"_monsterinsights_sitenote_active":false,"_monsterinsights_sitenote_note":"","_monsterinsights_sitenote_category":0,"jetpack_post_was_ever_published":false,"_jetpack_newsletter_access":"","_jetpack_dont_email_post_to_subs":false,"_jetpack_newsletter_tier_id":0,"_jetpack_memberships_contains_paywalled_content":false,"_jetpack_memberships_contains_paid_content":false,"footnotes":"","jetpack_publicize_message":"","jetpack_publicize_feature_enabled":true,"jetpack_social_post_already_shared":true,"jetpack_social_options":{"image_generator_settings":{"template":"highway","default_image_id":0,"font":"","enabled":false},"version":2},"_wpas_customize_per_network":false},"categories":[8],"tags":[7395,13685,10931,244],"class_list":["post-111617","post","type-post","status-publish","format-standard","has-post-thumbnail","hentry","category-sociedad","tag-niunamenos","tag-coordinacion-de-genero","tag-femicidios","tag-municipio-2","generate-columns","tablet-grid-50","mobile-grid-100","grid-parent","grid-50"],"jetpack_publicize_connections":[],"jetpack_featured_media_url":"https:\/\/www.hoymercedes.com.ar\/principal\/wp-content\/uploads\/2017\/06\/03-niunamenos-1.jpg","wps_subtitle":"A 5 a\u00f1os de la primera movilizaci\u00f3n","jetpack_sharing_enabled":true,"_links":{"self":[{"href":"https:\/\/www.hoymercedes.com.ar\/principal\/wp-json\/wp\/v2\/posts\/111617","targetHints":{"allow":["GET"]}}],"collection":[{"href":"https:\/\/www.hoymercedes.com.ar\/principal\/wp-json\/wp\/v2\/posts"}],"about":[{"href":"https:\/\/www.hoymercedes.com.ar\/principal\/wp-json\/wp\/v2\/types\/post"}],"author":[{"embeddable":true,"href":"https:\/\/www.hoymercedes.com.ar\/principal\/wp-json\/wp\/v2\/users\/1"}],"replies":[{"embeddable":true,"href":"https:\/\/www.hoymercedes.com.ar\/principal\/wp-json\/wp\/v2\/comments?post=111617"}],"version-history":[{"count":0,"href":"https:\/\/www.hoymercedes.com.ar\/principal\/wp-json\/wp\/v2\/posts\/111617\/revisions"}],"wp:featuredmedia":[{"embeddable":true,"href":"https:\/\/www.hoymercedes.com.ar\/principal\/wp-json\/wp\/v2\/media\/63470"}],"wp:attachment":[{"href":"https:\/\/www.hoymercedes.com.ar\/principal\/wp-json\/wp\/v2\/media?parent=111617"}],"wp:term":[{"taxonomy":"category","embeddable":true,"href":"https:\/\/www.hoymercedes.com.ar\/principal\/wp-json\/wp\/v2\/categories?post=111617"},{"taxonomy":"post_tag","embeddable":true,"href":"https:\/\/www.hoymercedes.com.ar\/principal\/wp-json\/wp\/v2\/tags?post=111617"}],"curies":[{"name":"wp","href":"https:\/\/api.w.org\/{rel}","templated":true}]}}