{"id":111638,"date":"2020-06-03T22:20:00","date_gmt":"2020-06-04T01:20:00","guid":{"rendered":"http:\/\/www.hoymercedes.com.ar\/principal\/?p=111638"},"modified":"2020-06-04T09:48:47","modified_gmt":"2020-06-04T12:48:47","slug":"coronavirus-tres-positivos-y-cuatro-en-estudio","status":"publish","type":"post","link":"https:\/\/www.hoymercedes.com.ar\/principal\/2020\/06\/03\/coronavirus-tres-positivos-y-cuatro-en-estudio\/","title":{"rendered":"Coronavirus: Tres positivos y cuatro en estudio"},"content":{"rendered":"\n<p>El cierre de este mi\u00e9rcoles 3 de junio anunci\u00f3 la sumatoria de tres pacientes que est\u00e1n transitando por estos d\u00edas la enfermedad COVID-19. Estos tres casos positivos son los confirmados del mi\u00e9rcoles pasado, el martes \u00faltimo y en la jornada de este mi\u00e9rcoles, que se suman al joven ingl\u00e9s que estuvo internado en el Hospital en el mes de marzo. <\/p>\n\n\n\n<p>Sobre el caso positivo confirmado este mi\u00e9rcoles, la Cl\u00ednica Nueva Cruz Azul brind\u00f3 un informe  m\u00e9dico de la paciente. Se trata de una mujer de 67 a\u00f1os que ingresa \u00abpor cuadro de 2\u00b0 semana de evoluci\u00f3n, caracterizado por astenia, adinamia y s\u00edndrome febril, asociado a dificultad respiratoria y episodios diarreicos\u00bb. \u00abPor considerarse caso sospechoso para Sars-cov2 se decide internaci\u00f3n en la zona de aislamiento cumpliendo con las normas establecidas por el Ministerio de Salud, para la seguridad del paciente y del personal a cargo. Actualmente se encuentra subfebril y con requerimiento de ox\u00edgeno. Tac de t\u00f3rax: neumon\u00eda para sars- cov2 (covid-19) y contacto estrecho\u00bb, informan desde la Cl\u00ednica luego de confirmar el an\u00e1lisis positivo.<\/p>\n\n\n\n<p>Asimismo, se comunic\u00f3 que hay cuatro casos en estudio. Dos en el Hospital y dos en la Cl\u00ednica Nueva Cruz Azul. Sobre estos dos \u00faltimos pacientes, el centro de salud privado confirm\u00f3 que esperan los resultados enviados al Hospital Rossi de La Plata. Se trata de una mujer de 84 a\u00f1os  que ingres\u00f3 a la Cl\u00ednica el 30 de mayo y de un hombre de 26 a\u00f1os que ingres\u00f3 el 2 de junio con s\u00edndrome fiebre y odinofagia y actualmente se encuentra afebril y sin requerimiento de ox\u00edgeno.<\/p>\n\n\n\n<p>En el informe del d\u00eda realizado por el Ministerio de Salud de Naci\u00f3n, se comunicaron que este mi\u00e9rcoles confirmaron 949 nuevos positivos de COVID-19. En el desgloce por provincia, la de Buenos Aires sum\u00f3 442 positivos, mientras que ciudad de Buenos Aires agrega 467. Los positivos restantes se distribuyen en Chaco (6), Chubut (1), C\u00f3rdoba (1); Entre R\u00edos (2), Misiones (1), Neuqu\u00e9n (10); R\u00edo Negro (16) y Santa Fe (3). Con estos registros, suman 19.268 positivos en el pa\u00eds.<\/p>\n\n\n\n<p>Asimismo, informaron que en las \u00faltimas 24 horas se registraron catorce fallecimientos. Por la ma\u00f1ana comunicaron la muerte de una mujer de 58 a\u00f1os, residente en la Ciudad de Buenos Aires (CABA). En tanto, en el reporte vespertino comunicaron los trece fallecimientos restantes: ocho hombres, cuatro de 85, 75, 54 y 59 a\u00f1os, residentes en la provincia de Buenos Aires; dos de 63 y 58 a\u00f1os, residentes en la Ciudad de Buenos Aires (CABA); uno de 83 a\u00f1os, residente en la provincia de Chaco; uno de 74 a\u00f1os, residente en la provincia de R\u00edo Negro; y cinco mujeres, dos de 71 y 72 a\u00f1os, residentes en la provincia de Buenos Aires; dos de 77 y 78 a\u00f1os, residentes en la Ciudad de Buenos Aires (CABA); y una de 83 a\u00f1os, residente en la provincia de C\u00f3rdoba. Al momento la cantidad de personas fallecidas es 583.<\/p>\n\n\n\n<div class=\"wp-block-image\"><figure class=\"aligncenter size-large\"><img loading=\"lazy\" decoding=\"async\" width=\"800\" height=\"800\" data-attachment-id=\"111642\" data-permalink=\"https:\/\/www.hoymercedes.com.ar\/principal\/2020\/06\/03\/coronavirus-tres-positivos-y-cuatro-en-estudio\/03-cierredia\/#main\" data-orig-file=\"https:\/\/www.hoymercedes.com.ar\/principal\/wp-content\/uploads\/2020\/06\/03-cierred\u00eda.jpeg\" data-orig-size=\"800,800\" data-comments-opened=\"0\" data-image-meta=\"{&quot;aperture&quot;:&quot;0&quot;,&quot;credit&quot;:&quot;&quot;,&quot;camera&quot;:&quot;&quot;,&quot;caption&quot;:&quot;&quot;,&quot;created_timestamp&quot;:&quot;0&quot;,&quot;copyright&quot;:&quot;&quot;,&quot;focal_length&quot;:&quot;0&quot;,&quot;iso&quot;:&quot;0&quot;,&quot;shutter_speed&quot;:&quot;0&quot;,&quot;title&quot;:&quot;&quot;,&quot;orientation&quot;:&quot;0&quot;}\" data-image-title=\"03 cierred\u00eda\" data-image-description=\"\" data-image-caption=\"\" data-large-file=\"https:\/\/www.hoymercedes.com.ar\/principal\/wp-content\/uploads\/2020\/06\/03-cierred\u00eda.jpeg\" src=\"https:\/\/www.hoymercedes.com.ar\/principal\/wp-content\/uploads\/2020\/06\/03-cierred\u00eda.jpeg\" alt=\"\" class=\"wp-image-111642\"\/><\/figure><\/div>\n","protected":false},"excerpt":{"rendered":"<p>El cierre de este mi\u00e9rcoles 3 de junio anunci\u00f3 la sumatoria de tres pacientes que est\u00e1n transitando por estos d\u00edas &#8230; <a title=\"Coronavirus: Tres positivos y cuatro en estudio\" class=\"read-more\" href=\"https:\/\/www.hoymercedes.com.ar\/principal\/2020\/06\/03\/coronavirus-tres-positivos-y-cuatro-en-estudio\/\" aria-label=\"Leer m\u00e1s sobre Coronavirus: Tres positivos y cuatro en estudio\">Leer m\u00e1s<\/a><\/p>\n","protected":false},"author":1,"featured_media":111642,"comment_status":"closed","ping_status":"open","sticky":false,"template":"","format":"standard","meta":{"_monsterinsights_skip_tracking":false,"_monsterinsights_sitenote_active":false,"_monsterinsights_sitenote_note":"","_monsterinsights_sitenote_category":0,"jetpack_post_was_ever_published":false,"_jetpack_newsletter_access":"","_jetpack_dont_email_post_to_subs":false,"_jetpack_newsletter_tier_id":0,"_jetpack_memberships_contains_paywalled_content":false,"_jetpack_memberships_contains_paid_content":false,"footnotes":"","jetpack_publicize_message":"","jetpack_publicize_feature_enabled":true,"jetpack_social_post_already_shared":true,"jetpack_social_options":{"image_generator_settings":{"template":"highway","default_image_id":0,"font":"","enabled":false},"version":2},"_wpas_customize_per_network":false},"categories":[9791],"tags":[16517,16428,16448,16175,16313,16446],"class_list":["post-111638","post","type-post","status-publish","format-standard","has-post-thumbnail","hentry","category-salud","tag-casos-en-estudio","tag-casos-positivos","tag-clinica-nueva-cruz-azul","tag-coronavirus","tag-covid-19","tag-hospital-blas-l-dubarry-2","generate-columns","tablet-grid-50","mobile-grid-100","grid-parent","grid-50"],"jetpack_publicize_connections":[],"jetpack_featured_media_url":"https:\/\/www.hoymercedes.com.ar\/principal\/wp-content\/uploads\/2020\/06\/03-cierred\u00eda.jpeg","wps_subtitle":"Cierre del d\u00eda","jetpack_sharing_enabled":true,"_links":{"self":[{"href":"https:\/\/www.hoymercedes.com.ar\/principal\/wp-json\/wp\/v2\/posts\/111638","targetHints":{"allow":["GET"]}}],"collection":[{"href":"https:\/\/www.hoymercedes.com.ar\/principal\/wp-json\/wp\/v2\/posts"}],"about":[{"href":"https:\/\/www.hoymercedes.com.ar\/principal\/wp-json\/wp\/v2\/types\/post"}],"author":[{"embeddable":true,"href":"https:\/\/www.hoymercedes.com.ar\/principal\/wp-json\/wp\/v2\/users\/1"}],"replies":[{"embeddable":true,"href":"https:\/\/www.hoymercedes.com.ar\/principal\/wp-json\/wp\/v2\/comments?post=111638"}],"version-history":[{"count":0,"href":"https:\/\/www.hoymercedes.com.ar\/principal\/wp-json\/wp\/v2\/posts\/111638\/revisions"}],"wp:featuredmedia":[{"embeddable":true,"href":"https:\/\/www.hoymercedes.com.ar\/principal\/wp-json\/wp\/v2\/media\/111642"}],"wp:attachment":[{"href":"https:\/\/www.hoymercedes.com.ar\/principal\/wp-json\/wp\/v2\/media?parent=111638"}],"wp:term":[{"taxonomy":"category","embeddable":true,"href":"https:\/\/www.hoymercedes.com.ar\/principal\/wp-json\/wp\/v2\/categories?post=111638"},{"taxonomy":"post_tag","embeddable":true,"href":"https:\/\/www.hoymercedes.com.ar\/principal\/wp-json\/wp\/v2\/tags?post=111638"}],"curies":[{"name":"wp","href":"https:\/\/api.w.org\/{rel}","templated":true}]}}