{"id":111645,"date":"2020-06-04T07:03:00","date_gmt":"2020-06-04T10:03:00","guid":{"rendered":"http:\/\/www.hoymercedes.com.ar\/principal\/?p=111645"},"modified":"2020-06-04T09:47:22","modified_gmt":"2020-06-04T12:47:22","slug":"provincia-analiza-con-el-comite-de-expertos-los-pasos-a-seguir-en-cuarentena","status":"publish","type":"post","link":"https:\/\/www.hoymercedes.com.ar\/principal\/2020\/06\/04\/provincia-analiza-con-el-comite-de-expertos-los-pasos-a-seguir-en-cuarentena\/","title":{"rendered":"Provincia analiza con el comit\u00e9 de expertos los pasos a seguir en cuarentena"},"content":{"rendered":"\n<p>Este mi\u00e9rcoles, el gobernador Axel Kicillof encabez\u00f3, en La Plata, la reuni\u00f3n del comit\u00e9 de expertos de la provincia de Buenos Aires para analizar el desarrollo de la situaci\u00f3n epidemiol\u00f3gica y determinar los pasos a seguir en materia sanitaria. Se plantearon las previsiones sobre las medidas que se podr\u00edan tomar en las pr\u00f3ximas semanas tanto en el interior de la Provincia como en el \u00c1rea Metropolitana.<\/p>\n\n\n\n<div class=\"wp-block-image\"><figure class=\"aligncenter size-large\"><img loading=\"lazy\" decoding=\"async\" width=\"800\" height=\"533\" data-attachment-id=\"111646\" data-permalink=\"https:\/\/www.hoymercedes.com.ar\/principal\/2020\/06\/04\/provincia-analiza-con-el-comite-de-expertos-los-pasos-a-seguir-en-cuarentena\/04-provinci\/#main\" data-orig-file=\"https:\/\/www.hoymercedes.com.ar\/principal\/wp-content\/uploads\/2020\/06\/04-provinci.jpg\" data-orig-size=\"800,533\" data-comments-opened=\"0\" data-image-meta=\"{&quot;aperture&quot;:&quot;0&quot;,&quot;credit&quot;:&quot;&quot;,&quot;camera&quot;:&quot;&quot;,&quot;caption&quot;:&quot;&quot;,&quot;created_timestamp&quot;:&quot;0&quot;,&quot;copyright&quot;:&quot;&quot;,&quot;focal_length&quot;:&quot;0&quot;,&quot;iso&quot;:&quot;0&quot;,&quot;shutter_speed&quot;:&quot;0&quot;,&quot;title&quot;:&quot;&quot;,&quot;orientation&quot;:&quot;0&quot;}\" data-image-title=\"04 provinci\" data-image-description=\"\" data-image-caption=\"\" data-large-file=\"https:\/\/www.hoymercedes.com.ar\/principal\/wp-content\/uploads\/2020\/06\/04-provinci.jpg\" src=\"https:\/\/www.hoymercedes.com.ar\/principal\/wp-content\/uploads\/2020\/06\/04-provinci.jpg\" alt=\"\" class=\"wp-image-111646\"\/><\/figure><\/div>\n\n\n\n<p>M\u00e9dicas y m\u00e9dicos especializados en epidemiolog\u00eda, infectolog\u00eda, salud p\u00fablica; cient\u00edficos; bioqu\u00edmicos y especialistas en virolog\u00eda; psiquiatras; f\u00edsicos; matem\u00e1ticos; antrop\u00f3logos; especialistas en inform\u00e1tica y autoridades universitarias y de centros de investigaci\u00f3n fueron plantearon sus posturas y recomendaciones a partir de la situaci\u00f3n epidemiol\u00f3gica diversa de acuerdo a la regi\u00f3n bonaerense y localidades .<\/p>\n\n\n\n<p>\u201cEn estas \u00faltimas semanas, la situaci\u00f3n epidemiol\u00f3gica de la Provincia se agrav\u00f3, tanto por el crecimiento de casos como por su aceleraci\u00f3n. Estamos ante una fase de crecimiento exponencial de la curva de contagios, y nuestra pol\u00edtica es seguir cuidando a todos y a todas\u201d, asegur\u00f3 Kicillof y explic\u00f3 que en la provincia de Buenos Aires se dan dos realidades muy distintas entre los municipios del interior y los del Gran Buenos Aires. <\/p>\n\n\n\n<p>\u201cEstos fen\u00f3menos paralelos, entre distritos que tienen muy poca o nula circulaci\u00f3n del virus y una regi\u00f3n como el \u00c1rea Metropolitana que nuclea gran parte de los contagios, requiere tomar medidas acordes a cada lugar cumpliendo con los criterios epidemiol\u00f3gicos generales. Los distritos con escasa circulaci\u00f3n viral ir\u00e1n hacia una etapa con m\u00e1s actividades habilitadas, mientras que en el AMBA mantendremos los controles necesarios, buscando disminuir cada vez m\u00e1s la transmisi\u00f3n \u201c, destac\u00f3 Kicillof.<\/p>\n\n\n\n<p>Los expertos coincidieron en que es necesario mantener la situaci\u00f3n sanitaria controlada y generar todas las herramientas posibles para seguir aplanando la curva. Adem\u00e1s, destacaron que en esta etapa es muy importante la responsabilidad civil de la sociedad en su conjunto.<\/p>\n\n\n\n<p>Por su parte, el Ministro de Salud asegur\u00f3 que se est\u00e1 trabajando en la b\u00fasqueda activa, control de focos y aislamiento de los casos confirmados para evitar la aceleraci\u00f3n de la circulaci\u00f3n viral principalmente en el Gran Buenos Aires.<\/p>\n\n\n\n<p>Participaron de la reuni\u00f3n el director de Gesti\u00f3n del Conocimiento, Mario Rovere; la directora de Epidemiolog\u00eda, Teresa Varela; el presidente de la Comisi\u00f3n de Investigaciones Cient\u00edficas, Carlos Na\u00f3n; la subsecretaria de Salud Mental; Julieta Calmels; el subsecretario de Ciencia, Tecnolog\u00eda e Innovaci\u00f3n bonaerense, Federico Ag\u00fcero y la subsecretaria de Planificaci\u00f3n y Control de Salud, Leticia Ceriani. Tambi\u00e9n formaron parte del encuentro, v\u00eda teleconferencia, m\u00e1s de 50 intendentes y representantes de municipios bonaerenses.<\/p>\n\n\n\n<p>Los expertos que participaron del comit\u00e9 son: Horacio Docena; Elisa Estenssoro; Tom\u00e1s Orduna; Elba Pagano; Mar\u00eda Ana Huergo; Juan Manuel Carballeda; Rosa Bologna; Leonel Tesler; V\u00edctor Romanowski; Susana Orta le; Guillermo Dur\u00e1n, Mar\u00eda Alejandra Morales;&nbsp; Sabino De Leo, Santiago Jim\u00e9nez, Soledad Gonz\u00e1lez; Andrea Gamarnik; Alberto Kornblihtt; Jorge Aliaga; Jorge Rachid; Jorge Geffner;&nbsp; Rodrigo Quiroga y Sebasti\u00e1n Uchitel.<\/p>\n\n\n\n<p>Acompa\u00f1aron el gobernador, la vicegobernadora, Ver\u00f3nica Magario; el ministro de Salud, Daniel Goll\u00e1n; su viceministro, Nicol\u00e1s Kreplak, el ministro de Desarrollo de la Comunidad, Andr\u00e9s Larroque; la ministra de Gobierno, Teresa Garc\u00eda; y el jefe de Gabinete bonaerense, Carlos Bianco.<\/p>\n","protected":false},"excerpt":{"rendered":"<p>Este mi\u00e9rcoles, el gobernador Axel Kicillof encabez\u00f3, en La Plata, la reuni\u00f3n del comit\u00e9 de expertos de la provincia de &#8230; <a title=\"Provincia analiza con el comit\u00e9 de expertos los pasos a seguir en cuarentena\" class=\"read-more\" href=\"https:\/\/www.hoymercedes.com.ar\/principal\/2020\/06\/04\/provincia-analiza-con-el-comite-de-expertos-los-pasos-a-seguir-en-cuarentena\/\" aria-label=\"Leer m\u00e1s sobre Provincia analiza con el comit\u00e9 de expertos los pasos a seguir en cuarentena\">Leer m\u00e1s<\/a><\/p>\n","protected":false},"author":1,"featured_media":111646,"comment_status":"closed","ping_status":"open","sticky":false,"template":"","format":"standard","meta":{"_monsterinsights_skip_tracking":false,"_monsterinsights_sitenote_active":false,"_monsterinsights_sitenote_note":"","_monsterinsights_sitenote_category":0,"jetpack_post_was_ever_published":false,"_jetpack_newsletter_access":"","_jetpack_dont_email_post_to_subs":false,"_jetpack_newsletter_tier_id":0,"_jetpack_memberships_contains_paywalled_content":false,"_jetpack_memberships_contains_paid_content":false,"footnotes":"","jetpack_publicize_message":"","jetpack_publicize_feature_enabled":true,"jetpack_social_post_already_shared":true,"jetpack_social_options":{"image_generator_settings":{"template":"highway","default_image_id":0,"font":"","enabled":false},"version":2},"_wpas_customize_per_network":false},"categories":[8881],"tags":[16577,16361,1803],"class_list":["post-111645","post","type-post","status-publish","format-standard","has-post-thumbnail","hentry","category-provincia","tag-comite-de-expertos","tag-cuarentena","tag-provincia","generate-columns","tablet-grid-50","mobile-grid-100","grid-parent","grid-50"],"jetpack_publicize_connections":[],"jetpack_featured_media_url":"https:\/\/www.hoymercedes.com.ar\/principal\/wp-content\/uploads\/2020\/06\/04-provinci.jpg","wps_subtitle":"Extensi\u00f3n de la cuarentena","jetpack_sharing_enabled":true,"_links":{"self":[{"href":"https:\/\/www.hoymercedes.com.ar\/principal\/wp-json\/wp\/v2\/posts\/111645","targetHints":{"allow":["GET"]}}],"collection":[{"href":"https:\/\/www.hoymercedes.com.ar\/principal\/wp-json\/wp\/v2\/posts"}],"about":[{"href":"https:\/\/www.hoymercedes.com.ar\/principal\/wp-json\/wp\/v2\/types\/post"}],"author":[{"embeddable":true,"href":"https:\/\/www.hoymercedes.com.ar\/principal\/wp-json\/wp\/v2\/users\/1"}],"replies":[{"embeddable":true,"href":"https:\/\/www.hoymercedes.com.ar\/principal\/wp-json\/wp\/v2\/comments?post=111645"}],"version-history":[{"count":0,"href":"https:\/\/www.hoymercedes.com.ar\/principal\/wp-json\/wp\/v2\/posts\/111645\/revisions"}],"wp:featuredmedia":[{"embeddable":true,"href":"https:\/\/www.hoymercedes.com.ar\/principal\/wp-json\/wp\/v2\/media\/111646"}],"wp:attachment":[{"href":"https:\/\/www.hoymercedes.com.ar\/principal\/wp-json\/wp\/v2\/media?parent=111645"}],"wp:term":[{"taxonomy":"category","embeddable":true,"href":"https:\/\/www.hoymercedes.com.ar\/principal\/wp-json\/wp\/v2\/categories?post=111645"},{"taxonomy":"post_tag","embeddable":true,"href":"https:\/\/www.hoymercedes.com.ar\/principal\/wp-json\/wp\/v2\/tags?post=111645"}],"curies":[{"name":"wp","href":"https:\/\/api.w.org\/{rel}","templated":true}]}}