{"id":111686,"date":"2020-06-05T08:47:57","date_gmt":"2020-06-05T11:47:57","guid":{"rendered":"http:\/\/www.hoymercedes.com.ar\/principal\/?p=111686"},"modified":"2020-06-05T08:48:02","modified_gmt":"2020-06-05T11:48:02","slug":"coronavirus-nueva-reunion-del-comite-de-crisis","status":"publish","type":"post","link":"https:\/\/www.hoymercedes.com.ar\/principal\/2020\/06\/05\/coronavirus-nueva-reunion-del-comite-de-crisis\/","title":{"rendered":"Coronavirus: nueva reuni\u00f3n del Comit\u00e9 de Crisis"},"content":{"rendered":"\n<p>El intendente <strong>Juan I. Ustarroz <\/strong>convoc\u00f3 a primera hora de este viernes al <strong>Comit\u00e9 de Crisis.<\/strong> La reuni\u00f3n permiti\u00f3 un an\u00e1lisis fino de la situaci\u00f3n epidemiol\u00f3gica de la ciudad y de las novedades con los nuevos casos de covid-19 y el cierre del barrio <strong>Ravello<\/strong>.<\/p>\n\n\n\n<p>Se explic\u00f3 c\u00f3mo fue el amplio operativo realizado ayer, las medidas que vendr\u00e1n y la importancia fundamental de cuidarse cada con una responsabilidad clave de cada uno.<\/p>\n\n\n\n<p>\u201cHay gente que no cree que esto existe\u201d dijo un m\u00e9dico participante y remarc\u00f3 que \u201ces un tema cultural que debemos tener m\u00e1s consciencia\u201d.<\/p>\n\n\n\n<p><strong>Al d\u00eda de hoy la situaci\u00f3n epidemiol\u00f3gica de Mercedes no cambia<\/strong>. No se determina la transmisi\u00f3n comunitaria porque se comprob\u00f3 que el paciente que origin\u00f3 los \u00faltimos contagios lo hizo tras venir de una ciudad con transmisi\u00f3n comunitaria (Pilar), <strong>pero podr\u00eda en cualquier momento variar.<\/strong><\/p>\n","protected":false},"excerpt":{"rendered":"<p>El intendente Juan I. Ustarroz convoc\u00f3 a primera hora de este viernes al Comit\u00e9 de Crisis. La reuni\u00f3n permiti\u00f3 un &#8230; <a title=\"Coronavirus: nueva reuni\u00f3n del Comit\u00e9 de Crisis\" class=\"read-more\" href=\"https:\/\/www.hoymercedes.com.ar\/principal\/2020\/06\/05\/coronavirus-nueva-reunion-del-comite-de-crisis\/\" aria-label=\"Leer m\u00e1s sobre Coronavirus: nueva reuni\u00f3n del Comit\u00e9 de Crisis\">Leer m\u00e1s<\/a><\/p>\n","protected":false},"author":1,"featured_media":111687,"comment_status":"closed","ping_status":"open","sticky":false,"template":"","format":"standard","meta":{"_monsterinsights_skip_tracking":false,"_monsterinsights_sitenote_active":false,"_monsterinsights_sitenote_note":"","_monsterinsights_sitenote_category":0,"jetpack_post_was_ever_published":false,"_jetpack_newsletter_access":"","_jetpack_dont_email_post_to_subs":false,"_jetpack_newsletter_tier_id":0,"_jetpack_memberships_contains_paywalled_content":false,"_jetpack_memberships_contains_paid_content":false,"footnotes":"","jetpack_publicize_message":"","jetpack_publicize_feature_enabled":true,"jetpack_social_post_already_shared":true,"jetpack_social_options":{"image_generator_settings":{"template":"highway","default_image_id":0,"font":"","enabled":false},"version":2},"_wpas_customize_per_network":false},"categories":[8],"tags":[16345,16175],"class_list":["post-111686","post","type-post","status-publish","format-standard","has-post-thumbnail","hentry","category-sociedad","tag-comite-de-crisis","tag-coronavirus","generate-columns","tablet-grid-50","mobile-grid-100","grid-parent","grid-50"],"jetpack_publicize_connections":[],"jetpack_featured_media_url":"https:\/\/www.hoymercedes.com.ar\/principal\/wp-content\/uploads\/2020\/06\/comitedecrisis05.06.22020.jpeg","wps_subtitle":"Trabajo comunitario","jetpack_sharing_enabled":true,"_links":{"self":[{"href":"https:\/\/www.hoymercedes.com.ar\/principal\/wp-json\/wp\/v2\/posts\/111686","targetHints":{"allow":["GET"]}}],"collection":[{"href":"https:\/\/www.hoymercedes.com.ar\/principal\/wp-json\/wp\/v2\/posts"}],"about":[{"href":"https:\/\/www.hoymercedes.com.ar\/principal\/wp-json\/wp\/v2\/types\/post"}],"author":[{"embeddable":true,"href":"https:\/\/www.hoymercedes.com.ar\/principal\/wp-json\/wp\/v2\/users\/1"}],"replies":[{"embeddable":true,"href":"https:\/\/www.hoymercedes.com.ar\/principal\/wp-json\/wp\/v2\/comments?post=111686"}],"version-history":[{"count":0,"href":"https:\/\/www.hoymercedes.com.ar\/principal\/wp-json\/wp\/v2\/posts\/111686\/revisions"}],"wp:featuredmedia":[{"embeddable":true,"href":"https:\/\/www.hoymercedes.com.ar\/principal\/wp-json\/wp\/v2\/media\/111687"}],"wp:attachment":[{"href":"https:\/\/www.hoymercedes.com.ar\/principal\/wp-json\/wp\/v2\/media?parent=111686"}],"wp:term":[{"taxonomy":"category","embeddable":true,"href":"https:\/\/www.hoymercedes.com.ar\/principal\/wp-json\/wp\/v2\/categories?post=111686"},{"taxonomy":"post_tag","embeddable":true,"href":"https:\/\/www.hoymercedes.com.ar\/principal\/wp-json\/wp\/v2\/tags?post=111686"}],"curies":[{"name":"wp","href":"https:\/\/api.w.org\/{rel}","templated":true}]}}