{"id":111694,"date":"2020-06-05T13:02:00","date_gmt":"2020-06-05T16:02:00","guid":{"rendered":"http:\/\/www.hoymercedes.com.ar\/principal\/?p=111694"},"modified":"2020-06-05T10:29:16","modified_gmt":"2020-06-05T13:29:16","slug":"la-liga-mercedina-sigue-trabajando-para-incorporar-el-futsal","status":"publish","type":"post","link":"https:\/\/www.hoymercedes.com.ar\/principal\/2020\/06\/05\/la-liga-mercedina-sigue-trabajando-para-incorporar-el-futsal\/","title":{"rendered":"La Liga Mercedina sigue trabajando para incorporar el Futsal"},"content":{"rendered":"\n<p>Hab\u00eda sido la propuesta del 2019 y sobre el final del a\u00f1o cont\u00f3 con la aprobaci\u00f3n de los delegados de los clubes que forman la LMF, sin embargo, cuando se empezaba a trabajar en el tema, todo se vio suspendido por el Coronavirus. M\u00e1s all\u00e1 de esto, el Futsal va a terminar siendo una realidad en Mercedes, que se jugar\u00e1 de manera oficial a trav\u00e9s de la Liga Mercedina.<\/p>\n\n\n\n<figure class=\"wp-block-image size-large\"><img loading=\"lazy\" decoding=\"async\" width=\"960\" height=\"540\" data-attachment-id=\"111695\" data-permalink=\"https:\/\/www.hoymercedes.com.ar\/principal\/2020\/06\/05\/la-liga-mercedina-sigue-trabajando-para-incorporar-el-futsal\/futsal-2\/#main\" data-orig-file=\"https:\/\/www.hoymercedes.com.ar\/principal\/wp-content\/uploads\/2020\/06\/Futsal.jpg\" data-orig-size=\"960,540\" data-comments-opened=\"0\" data-image-meta=\"{&quot;aperture&quot;:&quot;0&quot;,&quot;credit&quot;:&quot;&quot;,&quot;camera&quot;:&quot;&quot;,&quot;caption&quot;:&quot;&quot;,&quot;created_timestamp&quot;:&quot;0&quot;,&quot;copyright&quot;:&quot;&quot;,&quot;focal_length&quot;:&quot;0&quot;,&quot;iso&quot;:&quot;0&quot;,&quot;shutter_speed&quot;:&quot;0&quot;,&quot;title&quot;:&quot;&quot;,&quot;orientation&quot;:&quot;0&quot;}\" data-image-title=\"Futsal\" data-image-description=\"\" data-image-caption=\"\" data-large-file=\"https:\/\/www.hoymercedes.com.ar\/principal\/wp-content\/uploads\/2020\/06\/Futsal.jpg\" src=\"https:\/\/www.hoymercedes.com.ar\/principal\/wp-content\/uploads\/2020\/06\/Futsal.jpg\" alt=\"\" class=\"wp-image-111695\"\/><\/figure>\n\n\n\n<p>El presidente de la entidad, Esteban Marcelo, mantuvo una reuni\u00f3n v\u00eda Zoom con el delegado del Consejo Federal, Jorge Garabano. Tambi\u00e9n fueron parte Carlos Ben\u00edtez que es el presidente del futsal en el CF, el secretario Mario Gianmar\u00eda y Alfredo Iriart que es secretario del Departamento de Futsal Interior y los presidentes de la ligas de Chacabuco (Palmieri), Chivilcoy (Bastiani) y Pergamino (Riera). En la misma trataron c\u00f3mo se realiza la actividad en otras ligas y la intenci\u00f3n de que Mercedes se sume.<\/p>\n\n\n\n<p>Esteban Marcelo, adem\u00e1s, se\u00f1al\u00f3 que antes de la pandemia hab\u00eda algunos clubes con intenci\u00f3n de comenzar a jugar en el torneo de la LMF: Estudiantes, V\u00e9lez, Escuela Municipal, Defensores Junior, Col\u00f3n de Luj\u00e1n y un equipo de Suipacha. Ahora todo queda en suspenso hasta que se pueda retomar el f\u00fatbol.<\/p>\n","protected":false},"excerpt":{"rendered":"<p>Hab\u00eda sido la propuesta del 2019 y sobre el final del a\u00f1o cont\u00f3 con la aprobaci\u00f3n de los delegados de &#8230; <a title=\"La Liga Mercedina sigue trabajando para incorporar el Futsal\" class=\"read-more\" href=\"https:\/\/www.hoymercedes.com.ar\/principal\/2020\/06\/05\/la-liga-mercedina-sigue-trabajando-para-incorporar-el-futsal\/\" aria-label=\"Leer m\u00e1s sobre La Liga Mercedina sigue trabajando para incorporar el Futsal\">Leer m\u00e1s<\/a><\/p>\n","protected":false},"author":1,"featured_media":111695,"comment_status":"closed","ping_status":"open","sticky":false,"template":"","format":"standard","meta":{"_monsterinsights_skip_tracking":false,"_monsterinsights_sitenote_active":false,"_monsterinsights_sitenote_note":"","_monsterinsights_sitenote_category":0,"jetpack_post_was_ever_published":false,"_jetpack_newsletter_access":"","_jetpack_dont_email_post_to_subs":false,"_jetpack_newsletter_tier_id":0,"_jetpack_memberships_contains_paywalled_content":false,"_jetpack_memberships_contains_paid_content":false,"footnotes":"","jetpack_publicize_message":"","jetpack_publicize_feature_enabled":true,"jetpack_social_post_already_shared":true,"jetpack_social_options":{"image_generator_settings":{"template":"highway","default_image_id":0,"font":"","enabled":false},"version":2},"_wpas_customize_per_network":false},"categories":[21],"tags":[13563,413],"class_list":["post-111694","post","type-post","status-publish","format-standard","has-post-thumbnail","hentry","category-deportes","tag-futsal","tag-liga-mercedina-de-futbol","generate-columns","tablet-grid-50","mobile-grid-100","grid-parent","grid-50"],"jetpack_publicize_connections":[],"jetpack_featured_media_url":"https:\/\/www.hoymercedes.com.ar\/principal\/wp-content\/uploads\/2020\/06\/Futsal.jpg","wps_subtitle":"Futsal","jetpack_sharing_enabled":true,"_links":{"self":[{"href":"https:\/\/www.hoymercedes.com.ar\/principal\/wp-json\/wp\/v2\/posts\/111694","targetHints":{"allow":["GET"]}}],"collection":[{"href":"https:\/\/www.hoymercedes.com.ar\/principal\/wp-json\/wp\/v2\/posts"}],"about":[{"href":"https:\/\/www.hoymercedes.com.ar\/principal\/wp-json\/wp\/v2\/types\/post"}],"author":[{"embeddable":true,"href":"https:\/\/www.hoymercedes.com.ar\/principal\/wp-json\/wp\/v2\/users\/1"}],"replies":[{"embeddable":true,"href":"https:\/\/www.hoymercedes.com.ar\/principal\/wp-json\/wp\/v2\/comments?post=111694"}],"version-history":[{"count":0,"href":"https:\/\/www.hoymercedes.com.ar\/principal\/wp-json\/wp\/v2\/posts\/111694\/revisions"}],"wp:featuredmedia":[{"embeddable":true,"href":"https:\/\/www.hoymercedes.com.ar\/principal\/wp-json\/wp\/v2\/media\/111695"}],"wp:attachment":[{"href":"https:\/\/www.hoymercedes.com.ar\/principal\/wp-json\/wp\/v2\/media?parent=111694"}],"wp:term":[{"taxonomy":"category","embeddable":true,"href":"https:\/\/www.hoymercedes.com.ar\/principal\/wp-json\/wp\/v2\/categories?post=111694"},{"taxonomy":"post_tag","embeddable":true,"href":"https:\/\/www.hoymercedes.com.ar\/principal\/wp-json\/wp\/v2\/tags?post=111694"}],"curies":[{"name":"wp","href":"https:\/\/api.w.org\/{rel}","templated":true}]}}