{"id":111698,"date":"2020-06-05T18:30:26","date_gmt":"2020-06-05T21:30:26","guid":{"rendered":"http:\/\/www.hoymercedes.com.ar\/principal\/?p=111698"},"modified":"2020-06-05T10:37:08","modified_gmt":"2020-06-05T13:37:08","slug":"el-milan-de-biglia-ya-tiene-fecha-para-volver-a-jugar","status":"publish","type":"post","link":"https:\/\/www.hoymercedes.com.ar\/principal\/2020\/06\/05\/el-milan-de-biglia-ya-tiene-fecha-para-volver-a-jugar\/","title":{"rendered":"El Milan de Biglia ya tiene fecha para volver a jugar"},"content":{"rendered":"\n<p>El duelo entre la Juventus de\u00a0Gonzalo<a href=\"https:\/\/www.tycsports.com\/gonzalo-higuain.html\" target=\"_blank\" rel=\"noopener\"> <\/a>Higua\u00edn\u00a0y\u00a0Paulo Dybala\u00a0y el Milan de Mateo Musacchio y\u00a0Lucas<a href=\"https:\/\/www.tycsports.com\/lucas-biglia.html\" target=\"_blank\" rel=\"noopener\"> <\/a>Biglia\u00a0ser\u00e1, el viernes 12 de junio y por las semifinales de la Copa de Italia, el primer partido del Calcio que se jugar\u00e1 luego de la cuarentena por la pandemia de Covid-19.<\/p>\n\n\n\n<figure class=\"wp-block-image size-large\"><img loading=\"lazy\" decoding=\"async\" width=\"1020\" height=\"560\" data-attachment-id=\"111699\" data-permalink=\"https:\/\/www.hoymercedes.com.ar\/principal\/2020\/06\/05\/el-milan-de-biglia-ya-tiene-fecha-para-volver-a-jugar\/lucas-biglia-festejo-milan-3\/#main\" data-orig-file=\"https:\/\/www.hoymercedes.com.ar\/principal\/wp-content\/uploads\/2020\/06\/Lucas-Biglia-Festejo-Milan.jpg\" data-orig-size=\"1020,560\" data-comments-opened=\"0\" data-image-meta=\"{&quot;aperture&quot;:&quot;0&quot;,&quot;credit&quot;:&quot;&quot;,&quot;camera&quot;:&quot;&quot;,&quot;caption&quot;:&quot;&quot;,&quot;created_timestamp&quot;:&quot;0&quot;,&quot;copyright&quot;:&quot;&quot;,&quot;focal_length&quot;:&quot;0&quot;,&quot;iso&quot;:&quot;0&quot;,&quot;shutter_speed&quot;:&quot;0&quot;,&quot;title&quot;:&quot;&quot;,&quot;orientation&quot;:&quot;0&quot;}\" data-image-title=\"Lucas-Biglia-Festejo-Milan\" data-image-description=\"\" data-image-caption=\"\" data-large-file=\"https:\/\/www.hoymercedes.com.ar\/principal\/wp-content\/uploads\/2020\/06\/Lucas-Biglia-Festejo-Milan.jpg\" src=\"https:\/\/www.hoymercedes.com.ar\/principal\/wp-content\/uploads\/2020\/06\/Lucas-Biglia-Festejo-Milan.jpg\" alt=\"\" class=\"wp-image-111699\"\/><\/figure>\n\n\n\n<p>As\u00ed lo confirm\u00f3 el ministro de Deportes de Italia, Vincenzo Spadafora, en una videoconferencia, inform\u00f3 la agencia Dpa. El partido de Juventus y Milan ser\u00e1 revancha del 1 a 1 con que finalizaron en la ida, el 13 de febrero pasado.<\/p>\n\n\n\n<p>Al otro d\u00eda, s\u00e1bado 13, cerrar\u00e1n su llave de semifinales Napoli e Inter. En la ida gan\u00f3 el ex equipo de Diego Maradona por 1 a 0.<\/p>\n\n\n\n<p>De esta forma, el f\u00fatbol en Italia regresar\u00e1 con la \u00abCoppa\u00bb antes que con la\u00a0Serie A, que tiene previsto su vuelta para el 20 de junio. De hecho, cuando se retome el torneo liguero ya habr\u00e1 campe\u00f3n para la Copa, cuya final se jugar\u00e1 tres d\u00edas antes, el 17, en el estadio\u00a0Ol\u00edmpico\u00a0de Roma.<\/p>\n","protected":false},"excerpt":{"rendered":"<p>El duelo entre la Juventus de\u00a0Gonzalo Higua\u00edn\u00a0y\u00a0Paulo Dybala\u00a0y el Milan de Mateo Musacchio y\u00a0Lucas Biglia\u00a0ser\u00e1, el viernes 12 de junio &#8230; <a title=\"El Milan de Biglia ya tiene fecha para volver a jugar\" class=\"read-more\" href=\"https:\/\/www.hoymercedes.com.ar\/principal\/2020\/06\/05\/el-milan-de-biglia-ya-tiene-fecha-para-volver-a-jugar\/\" aria-label=\"Leer m\u00e1s sobre El Milan de Biglia ya tiene fecha para volver a jugar\">Leer m\u00e1s<\/a><\/p>\n","protected":false},"author":1,"featured_media":111699,"comment_status":"closed","ping_status":"open","sticky":false,"template":"","format":"standard","meta":{"_monsterinsights_skip_tracking":false,"_monsterinsights_sitenote_active":false,"_monsterinsights_sitenote_note":"","_monsterinsights_sitenote_category":0,"jetpack_post_was_ever_published":false,"_jetpack_newsletter_access":"","_jetpack_dont_email_post_to_subs":false,"_jetpack_newsletter_tier_id":0,"_jetpack_memberships_contains_paywalled_content":false,"_jetpack_memberships_contains_paid_content":false,"footnotes":"","jetpack_publicize_message":"","jetpack_publicize_feature_enabled":true,"jetpack_social_post_already_shared":true,"jetpack_social_options":{"image_generator_settings":{"template":"highway","default_image_id":0,"font":"","enabled":false},"version":2},"_wpas_customize_per_network":false},"categories":[21],"tags":[14624,305,10728],"class_list":["post-111698","post","type-post","status-publish","format-standard","has-post-thumbnail","hentry","category-deportes","tag-ac-milan","tag-lucas-biglia","tag-serie-a","generate-columns","tablet-grid-50","mobile-grid-100","grid-parent","grid-50"],"jetpack_publicize_connections":[],"jetpack_featured_media_url":"https:\/\/www.hoymercedes.com.ar\/principal\/wp-content\/uploads\/2020\/06\/Lucas-Biglia-Festejo-Milan.jpg","wps_subtitle":"La Legi\u00f3n","jetpack_sharing_enabled":true,"_links":{"self":[{"href":"https:\/\/www.hoymercedes.com.ar\/principal\/wp-json\/wp\/v2\/posts\/111698","targetHints":{"allow":["GET"]}}],"collection":[{"href":"https:\/\/www.hoymercedes.com.ar\/principal\/wp-json\/wp\/v2\/posts"}],"about":[{"href":"https:\/\/www.hoymercedes.com.ar\/principal\/wp-json\/wp\/v2\/types\/post"}],"author":[{"embeddable":true,"href":"https:\/\/www.hoymercedes.com.ar\/principal\/wp-json\/wp\/v2\/users\/1"}],"replies":[{"embeddable":true,"href":"https:\/\/www.hoymercedes.com.ar\/principal\/wp-json\/wp\/v2\/comments?post=111698"}],"version-history":[{"count":0,"href":"https:\/\/www.hoymercedes.com.ar\/principal\/wp-json\/wp\/v2\/posts\/111698\/revisions"}],"wp:featuredmedia":[{"embeddable":true,"href":"https:\/\/www.hoymercedes.com.ar\/principal\/wp-json\/wp\/v2\/media\/111699"}],"wp:attachment":[{"href":"https:\/\/www.hoymercedes.com.ar\/principal\/wp-json\/wp\/v2\/media?parent=111698"}],"wp:term":[{"taxonomy":"category","embeddable":true,"href":"https:\/\/www.hoymercedes.com.ar\/principal\/wp-json\/wp\/v2\/categories?post=111698"},{"taxonomy":"post_tag","embeddable":true,"href":"https:\/\/www.hoymercedes.com.ar\/principal\/wp-json\/wp\/v2\/tags?post=111698"}],"curies":[{"name":"wp","href":"https:\/\/api.w.org\/{rel}","templated":true}]}}