{"id":111702,"date":"2020-06-05T09:48:00","date_gmt":"2020-06-05T12:48:00","guid":{"rendered":"http:\/\/www.hoymercedes.com.ar\/principal\/?p=111702"},"modified":"2020-06-05T13:54:54","modified_gmt":"2020-06-05T16:54:54","slug":"omic-denuncias-de-los-consumidores-por-el-aumento-de-tarifas","status":"publish","type":"post","link":"https:\/\/www.hoymercedes.com.ar\/principal\/2020\/06\/05\/omic-denuncias-de-los-consumidores-por-el-aumento-de-tarifas\/","title":{"rendered":"OMIC: denuncias de los consumidores por el aumento de tarifas"},"content":{"rendered":"\n<p>Tras el anuncio de hace unos d\u00edas del Gobierno Nacional sobre el congelamiento de las tarifas de telefon\u00eda fija, celular, internet y Tv paga, medidas que tienden a alivianar la situaci\u00f3n de los usuarios durante la cuarentena, el responsable de la OMIC, Mart\u00edn Boragno se\u00f1al\u00f3 \u201cesta es una buena noticia a la cual los consumidores deben estar atentos para que ninguna empresa cometa ning\u00fan aumento\u201d.<\/p>\n\n\n\n<p>En este sentido, Boragno detall\u00f3 \u201cla medida se tom\u00f3 de manera consensuada con las empresas y en el marco del aislamiento social preventivo y obligatorio decretado por la pandemia de coronavirus\u201d.<\/p>\n\n\n\n<p>Junto al congelamiento, se dispuso poner a disposici\u00f3n planes inclusivos de Telefon\u00eda e Internet M\u00f3vil de pospago; de prepago m\u00f3vil y de internet fijo destinados a todas las personas que soliciten el beneficio, con un precio fijo hasta el 31 de octubre.<\/p>\n\n\n\n<p>Estos planes deber\u00e1n cumplir para los Pospagos con al menos 500 megas de datos, aplicaciones de mensajer\u00eda -solo texto-(WhatsApp, Telegram, Facebook Messenger), 500 SMS, 300 minutos de llamadas en la red del mismo prestador y 50 minutos en redes de otros prestadores, 0800 gratis, navegaci\u00f3n en portales educativos gratis. En el caso de los Prepagos deben incluir aplicaciones de mensajer\u00eda, 300 SMS, 100 minutos de llamadas en la red del mismo prestador y 50 minutos en redes de otros prestadores, 0800 gratis, navegaci\u00f3n en portales educativos gratis.<\/p>\n\n\n\n<p>Para el servicio de internet fijo se establece una velocidad m\u00ednima de 5 megas y la y la extensi\u00f3n del beneficio \u201cservicio reducido\u201d que garantiza la conectividad de usuarios con sistema prepago de telefon\u00eda m\u00f3vil e internet, y mantenimiento del precio hasta el 31 de octubre de 2020 (vigente hasta el 31 de mayo).<\/p>\n\n\n\n<p>Por otro lado, Boragno expres\u00f3 \u201cqueremos informar a todos los consumidores que estamos trabajando de manera online, cualquier vecino que entre a la p\u00e1gina de la municipalidad (<a rel=\"noreferrer noopener\" target=\"_blank\" href=\"http:\/\/nw.mercedes.gob.ar\/\">http:\/\/nw.mercedes.gob.ar\/<\/a>) &nbsp;pueden descargar la aplicaci\u00f3n que tiene que ver con las denuncias online, como as\u00ed tambi\u00e9n, se pueden comunicar a trav\u00e9s de WhatsApp (2324) 582396 y evacuar dudas o realizar denuncias\u201d y apunt\u00f3 \u201cla municipalidad, desde la oficina de Defensa del Consumidor, se tramita de forma remota con todos los estudios jur\u00eddicos\u201d.<\/p>\n\n\n\n<p>Y destac\u00f3 \u201ccreo que son dos noticias muy buenas para la comunidad, convencidos que este es el camino y lo que debemos hacer, estar encima de estas situaciones en el marco de lo que estamos viviendo\u201d. \u00a0<\/p>\n\n\n\n<p>Fuente: Prensa Municipal<\/p>\n","protected":false},"excerpt":{"rendered":"<p>Tras el anuncio de hace unos d\u00edas del Gobierno Nacional sobre el congelamiento de las tarifas de telefon\u00eda fija, celular, &#8230; <a title=\"OMIC: denuncias de los consumidores por el aumento de tarifas\" class=\"read-more\" href=\"https:\/\/www.hoymercedes.com.ar\/principal\/2020\/06\/05\/omic-denuncias-de-los-consumidores-por-el-aumento-de-tarifas\/\" aria-label=\"Leer m\u00e1s sobre OMIC: denuncias de los consumidores por el aumento de tarifas\">Leer m\u00e1s<\/a><\/p>\n","protected":false},"author":1,"featured_media":107829,"comment_status":"closed","ping_status":"open","sticky":false,"template":"","format":"standard","meta":{"_monsterinsights_skip_tracking":false,"_monsterinsights_sitenote_active":false,"_monsterinsights_sitenote_note":"","_monsterinsights_sitenote_category":0,"jetpack_post_was_ever_published":false,"_jetpack_newsletter_access":"","_jetpack_dont_email_post_to_subs":false,"_jetpack_newsletter_tier_id":0,"_jetpack_memberships_contains_paywalled_content":false,"_jetpack_memberships_contains_paid_content":false,"footnotes":"","jetpack_publicize_message":"","jetpack_publicize_feature_enabled":true,"jetpack_social_post_already_shared":true,"jetpack_social_options":{"image_generator_settings":{"template":"highway","default_image_id":0,"font":"","enabled":false},"version":2},"_wpas_customize_per_network":false},"categories":[30],"tags":[16692,341,16693],"class_list":["post-111702","post","type-post","status-publish","format-standard","has-post-thumbnail","hentry","category-municipio","tag-denuncias-consumidores","tag-omic","tag-tarifas-servicios","generate-columns","tablet-grid-50","mobile-grid-100","grid-parent","grid-50"],"jetpack_publicize_connections":[],"jetpack_featured_media_url":"https:\/\/www.hoymercedes.com.ar\/principal\/wp-content\/uploads\/2020\/03\/17-omic-consumidor-1.jpg","wps_subtitle":"","jetpack_sharing_enabled":true,"_links":{"self":[{"href":"https:\/\/www.hoymercedes.com.ar\/principal\/wp-json\/wp\/v2\/posts\/111702","targetHints":{"allow":["GET"]}}],"collection":[{"href":"https:\/\/www.hoymercedes.com.ar\/principal\/wp-json\/wp\/v2\/posts"}],"about":[{"href":"https:\/\/www.hoymercedes.com.ar\/principal\/wp-json\/wp\/v2\/types\/post"}],"author":[{"embeddable":true,"href":"https:\/\/www.hoymercedes.com.ar\/principal\/wp-json\/wp\/v2\/users\/1"}],"replies":[{"embeddable":true,"href":"https:\/\/www.hoymercedes.com.ar\/principal\/wp-json\/wp\/v2\/comments?post=111702"}],"version-history":[{"count":0,"href":"https:\/\/www.hoymercedes.com.ar\/principal\/wp-json\/wp\/v2\/posts\/111702\/revisions"}],"wp:featuredmedia":[{"embeddable":true,"href":"https:\/\/www.hoymercedes.com.ar\/principal\/wp-json\/wp\/v2\/media\/107829"}],"wp:attachment":[{"href":"https:\/\/www.hoymercedes.com.ar\/principal\/wp-json\/wp\/v2\/media?parent=111702"}],"wp:term":[{"taxonomy":"category","embeddable":true,"href":"https:\/\/www.hoymercedes.com.ar\/principal\/wp-json\/wp\/v2\/categories?post=111702"},{"taxonomy":"post_tag","embeddable":true,"href":"https:\/\/www.hoymercedes.com.ar\/principal\/wp-json\/wp\/v2\/tags?post=111702"}],"curies":[{"name":"wp","href":"https:\/\/api.w.org\/{rel}","templated":true}]}}