{"id":111707,"date":"2020-06-05T12:50:29","date_gmt":"2020-06-05T15:50:29","guid":{"rendered":"http:\/\/www.hoymercedes.com.ar\/principal\/?p=111707"},"modified":"2020-06-05T13:56:47","modified_gmt":"2020-06-05T16:56:47","slug":"agrale-argentina-s-a-a-la-comunidad-mercedina","status":"publish","type":"post","link":"https:\/\/www.hoymercedes.com.ar\/principal\/2020\/06\/05\/agrale-argentina-s-a-a-la-comunidad-mercedina\/","title":{"rendered":"AGRALE Argentina S.A a la comunidad mercedina"},"content":{"rendered":"\n<p>La Direcci\u00f3n de Agrale Argentina pone en conocimiento a la comunidad de Mercedes.<\/p>\n\n\n\n<p>El d\u00eda 30\/05\/2020 las autoridades sanitarias de Mercedes nos informaron que un empleado de nuestra Empresa hab\u00eda sido diagnosticado como posible positivo de Covid-19 encontrandose internado en el Hospital Municipal.<\/p>\n\n\n\n<p>El mencionado estaba sin concurrir a Planta desde el 23\/5\/2020 y ante la aparici\u00f3n de algunos s\u00edntomas tomamos la decisi\u00f3n de aislar de forma preventiva a todo el grupo de trabajo cercano , eximi\u00e9ndolos de la concurrencia a sus puestos de trabajo a partir del 1\/6\/2020. Con la confirmaci\u00f3n de que el resultado dio positivo, hemos tomado la decisi\u00f3n del cierre total de las instalaciones desde el 03\/06\/2020 hasta el 07\/06\/2020. inclusive para cumplir los 14 d\u00edas de cuarentena.<\/p>\n\n\n\n<p>La decisi\u00f3n apunta a preservar ante todo la salud de nuestras colaboradores y colaboradoras y buscando asegurar que la totalidad del personal de la Planta cumpla 14 d\u00edas desde el \u00faltimo posible contacto con este caso de acuerdo al est\u00e1ndar .<\/p>\n\n\n\n<p>Transcurrido el mencionado plazo, la f\u00e1brica volver\u00e1 a su actividad normal.<\/p>\n\n\n\n<p>Deseamos destacar que desde el inicio de la pandemia COVID-19, Agrale Argentina cuenta con todos los protocolos de seguridad necesarios para este tipo de industria, auditados por la Municipalidad, el Gobierno de la Provincia y el Sindicato, con el objetivo de cumplir las normativas oficiales y, especialmente, de velar por la seguridad de su capital humano. De la misma manera hemos obtenido las autorizaciones gubernamentales necesarias para funcionar dentro de los par\u00e1metros fijados por las reglamentaciones vigentes, tr\u00e1mite que exige y verifica la presentaci\u00f3n y cumplimiento de los mencionados protocolos.<\/p>\n\n\n\n<p>El trabajo mancomunado con el Gobierno Municipal en las personas de su Intendente, Dr. Juan Ignacio Ustarroz, de su Director de Salud, Dr. Pablo Casiani, de los m\u00e9dicos del Hospital Municipal Blas Dubarry y de todo el personal del \u00e1rea, a los cuales debemos reconocer especialmente su predisposici\u00f3n y calidad humana, han sido determinantes de que hayamos podido manejar este caso con eficiencia evitando la alarma tanto en nuestra Empresa como en la comunidad Mercedina, la que, naturalmente, manifiesta preocupaci\u00f3n por este suceso.<\/p>\n\n\n\n<p>Agradecemos a todos su apoyo y comprensi\u00f3n y hacemos votos para que en el futuro no se repitan situaciones como la que acabamos de describir.<\/p>\n\n\n\n<pre class=\"wp-block-code\"><code>                                                                                             La Direcci\u00f3n de Agrale Argentina S.A.<\/code><\/pre>\n\n\n\n<p>Mercedes 05 de Junio de 2020<\/p>\n","protected":false},"excerpt":{"rendered":"<p>La Direcci\u00f3n de Agrale Argentina pone en conocimiento a la comunidad de Mercedes. El d\u00eda 30\/05\/2020 las autoridades sanitarias de &#8230; <a title=\"AGRALE Argentina S.A a la comunidad mercedina\" class=\"read-more\" href=\"https:\/\/www.hoymercedes.com.ar\/principal\/2020\/06\/05\/agrale-argentina-s-a-a-la-comunidad-mercedina\/\" aria-label=\"Leer m\u00e1s sobre AGRALE Argentina S.A a la comunidad mercedina\">Leer m\u00e1s<\/a><\/p>\n","protected":false},"author":1,"featured_media":22094,"comment_status":"closed","ping_status":"open","sticky":false,"template":"","format":"standard","meta":{"_monsterinsights_skip_tracking":false,"_monsterinsights_sitenote_active":false,"_monsterinsights_sitenote_note":"","_monsterinsights_sitenote_category":0,"jetpack_post_was_ever_published":false,"_jetpack_newsletter_access":"","_jetpack_dont_email_post_to_subs":false,"_jetpack_newsletter_tier_id":0,"_jetpack_memberships_contains_paywalled_content":false,"_jetpack_memberships_contains_paid_content":false,"footnotes":"","jetpack_publicize_message":"","jetpack_publicize_feature_enabled":true,"jetpack_social_post_already_shared":true,"jetpack_social_options":{"image_generator_settings":{"template":"highway","default_image_id":0,"font":"","enabled":false},"version":2},"_wpas_customize_per_network":false},"categories":[8],"tags":[950],"class_list":["post-111707","post","type-post","status-publish","format-standard","has-post-thumbnail","hentry","category-sociedad","tag-agrale","generate-columns","tablet-grid-50","mobile-grid-100","grid-parent","grid-50"],"jetpack_publicize_connections":[],"jetpack_featured_media_url":"https:\/\/www.hoymercedes.com.ar\/principal\/wp-content\/uploads\/2013\/05\/agrale.jpg","wps_subtitle":"Declaraci\u00f3n empresarial","jetpack_sharing_enabled":true,"_links":{"self":[{"href":"https:\/\/www.hoymercedes.com.ar\/principal\/wp-json\/wp\/v2\/posts\/111707","targetHints":{"allow":["GET"]}}],"collection":[{"href":"https:\/\/www.hoymercedes.com.ar\/principal\/wp-json\/wp\/v2\/posts"}],"about":[{"href":"https:\/\/www.hoymercedes.com.ar\/principal\/wp-json\/wp\/v2\/types\/post"}],"author":[{"embeddable":true,"href":"https:\/\/www.hoymercedes.com.ar\/principal\/wp-json\/wp\/v2\/users\/1"}],"replies":[{"embeddable":true,"href":"https:\/\/www.hoymercedes.com.ar\/principal\/wp-json\/wp\/v2\/comments?post=111707"}],"version-history":[{"count":0,"href":"https:\/\/www.hoymercedes.com.ar\/principal\/wp-json\/wp\/v2\/posts\/111707\/revisions"}],"wp:featuredmedia":[{"embeddable":true,"href":"https:\/\/www.hoymercedes.com.ar\/principal\/wp-json\/wp\/v2\/media\/22094"}],"wp:attachment":[{"href":"https:\/\/www.hoymercedes.com.ar\/principal\/wp-json\/wp\/v2\/media?parent=111707"}],"wp:term":[{"taxonomy":"category","embeddable":true,"href":"https:\/\/www.hoymercedes.com.ar\/principal\/wp-json\/wp\/v2\/categories?post=111707"},{"taxonomy":"post_tag","embeddable":true,"href":"https:\/\/www.hoymercedes.com.ar\/principal\/wp-json\/wp\/v2\/tags?post=111707"}],"curies":[{"name":"wp","href":"https:\/\/api.w.org\/{rel}","templated":true}]}}