{"id":111711,"date":"2020-06-05T16:28:52","date_gmt":"2020-06-05T19:28:52","guid":{"rendered":"http:\/\/www.hoymercedes.com.ar\/principal\/?p=111711"},"modified":"2020-06-05T22:37:56","modified_gmt":"2020-06-06T01:37:56","slug":"provincia-presento-el-sello-ediciones-bonaerenses-y-relanzo-el-concurso-de-cuentos-haroldo-conti","status":"publish","type":"post","link":"https:\/\/www.hoymercedes.com.ar\/principal\/2020\/06\/05\/provincia-presento-el-sello-ediciones-bonaerenses-y-relanzo-el-concurso-de-cuentos-haroldo-conti\/","title":{"rendered":"Provincia present\u00f3 el sello Ediciones Bonaerenses y relanz\u00f3 el Concurso de Cuentos Haroldo Conti"},"content":{"rendered":"\n<p>El gobernador de la provincia de Buenos Aires, Axel Kicillof, junto al Secretario General, Federico Thea, y la ministra de Comunicaci\u00f3n P\u00fablica, Jesica Rey, present\u00f3 esta ma\u00f1ana el sello Ediciones Bonaerenses y lanzaron la Edici\u00f3n Bicentenario del Concurso de Cuentos Haroldo Conti.<\/p>\n\n\n\n<div class=\"wp-block-image\"><figure class=\"aligncenter size-large\"><img loading=\"lazy\" decoding=\"async\" width=\"800\" height=\"533\" data-attachment-id=\"111712\" data-permalink=\"https:\/\/www.hoymercedes.com.ar\/principal\/2020\/06\/05\/provincia-presento-el-sello-ediciones-bonaerenses-y-relanzo-el-concurso-de-cuentos-haroldo-conti\/05-libros-provincia\/#main\" data-orig-file=\"https:\/\/www.hoymercedes.com.ar\/principal\/wp-content\/uploads\/2020\/06\/05-libros-provincia.jpg\" data-orig-size=\"800,533\" data-comments-opened=\"0\" data-image-meta=\"{&quot;aperture&quot;:&quot;0&quot;,&quot;credit&quot;:&quot;&quot;,&quot;camera&quot;:&quot;&quot;,&quot;caption&quot;:&quot;&quot;,&quot;created_timestamp&quot;:&quot;0&quot;,&quot;copyright&quot;:&quot;&quot;,&quot;focal_length&quot;:&quot;0&quot;,&quot;iso&quot;:&quot;0&quot;,&quot;shutter_speed&quot;:&quot;0&quot;,&quot;title&quot;:&quot;&quot;,&quot;orientation&quot;:&quot;0&quot;}\" data-image-title=\"05 libros provincia\" data-image-description=\"\" data-image-caption=\"\" data-large-file=\"https:\/\/www.hoymercedes.com.ar\/principal\/wp-content\/uploads\/2020\/06\/05-libros-provincia.jpg\" src=\"https:\/\/www.hoymercedes.com.ar\/principal\/wp-content\/uploads\/2020\/06\/05-libros-provincia.jpg\" alt=\"\" class=\"wp-image-111712\"\/><\/figure><\/div>\n\n\n\n<p>En el a\u00f1o del bicentenario de la provincia, la propuesta educativa y cultural busca que los bonaerenses reconozcan las diferencias pol\u00edticas, hist\u00f3ricas, econ\u00f3micas, sociales y culturales del extenso territorio provincial. Una propuesta que tiene como meta recuperar producciones que ya existen para poner en valor el patrimonio de la Provincia que es riqu\u00edsimo y vasto en todo el territorio. <\/p>\n\n\n\n<p>Tambi\u00e9n participaron de la presentaci\u00f3n, que se realiz\u00f3 en formato de videoconferencia, la directora general de Cultura y Educaci\u00f3n, Agustina Vila; el ministro de Producci\u00f3n, Ciencia e Innovaci\u00f3n Tecnol\u00f3gica, Augusto Costa, y el director editorial del sello, Guillermo Korn.\u00a0<\/p>\n\n\n\n<p>En cuanto al concurso de cuentos Haroldo Conti adelantaron que est\u00e1 orientado para escritores de entre 18 y 35 a\u00f1os de edad.\u00a0El certamen es organizado por la Direcci\u00f3n de Bibliotecas y Promoci\u00f3n de la Lectura del Ministerio de Producci\u00f3n, Ciencia e Innovaci\u00f3n Tecnol\u00f3gica, y la Unidad Bicentenario del Ministerio de Comunicaci\u00f3n P\u00fablica.\u00a0 <\/p>\n\n\n\n<p>Los narradores y narradoras tendr\u00e1n hasta el 3 de agosto inclusive para enviar, en formato PDF, un \u00fanico cuento, original, in\u00e9dito y de tem\u00e1tica libre. Los 3 primeros cuentos seleccionados recibir\u00e1n un premio monetario; y se otorgar\u00e1n hasta 12 menciones. Las 15 obras seleccionadas ser\u00e1n publicadas por Ediciones Bonaerenses. <\/p>\n\n\n\n<p>El jurado, integrado por F\u00e9lix Bruzzone, Mariana Enriquez, Jimena N\u00e9spolo, Patricia Ratto y Hern\u00e1n Ronsino, se expedir\u00e1 dentro de los 75 d\u00edas posteriores al cierre de la convocatoria y la entrega de premios se realizar\u00e1 en el mes de noviembre de 2020.<\/p>\n\n\n\n<p>Con su nombre, el concurso rinde homenaje al escritor bonaerense Haroldo Conti, nacido en Chacabuco el 25 de mayo de 1925 y desaparecido desde 1976, cuando ten\u00eda 50 a\u00f1os, por la dictadura c\u00edvico militar. Las bases y condiciones se encuentran en gba.gob.ar\/cultura\/concurso_haroldo_conti y las eventuales consultas pueden ser remitidas a concursoharoldoconti@cultura.gba.gob.ar.<\/p>\n","protected":false},"excerpt":{"rendered":"<p>El gobernador de la provincia de Buenos Aires, Axel Kicillof, junto al Secretario General, Federico Thea, y la ministra de &#8230; <a title=\"Provincia present\u00f3 el sello Ediciones Bonaerenses y relanz\u00f3 el Concurso de Cuentos Haroldo Conti\" class=\"read-more\" href=\"https:\/\/www.hoymercedes.com.ar\/principal\/2020\/06\/05\/provincia-presento-el-sello-ediciones-bonaerenses-y-relanzo-el-concurso-de-cuentos-haroldo-conti\/\" aria-label=\"Leer m\u00e1s sobre Provincia present\u00f3 el sello Ediciones Bonaerenses y relanz\u00f3 el Concurso de Cuentos Haroldo Conti\">Leer m\u00e1s<\/a><\/p>\n","protected":false},"author":1,"featured_media":111712,"comment_status":"closed","ping_status":"open","sticky":false,"template":"","format":"standard","meta":{"_monsterinsights_skip_tracking":false,"_monsterinsights_sitenote_active":false,"_monsterinsights_sitenote_note":"","_monsterinsights_sitenote_category":0,"jetpack_post_was_ever_published":false,"_jetpack_newsletter_access":"","_jetpack_dont_email_post_to_subs":false,"_jetpack_newsletter_tier_id":0,"_jetpack_memberships_contains_paywalled_content":false,"_jetpack_memberships_contains_paid_content":false,"footnotes":"","jetpack_publicize_message":"","jetpack_publicize_feature_enabled":true,"jetpack_social_post_already_shared":true,"jetpack_social_options":{"image_generator_settings":{"template":"highway","default_image_id":0,"font":"","enabled":false},"version":2},"_wpas_customize_per_network":false},"categories":[8881],"tags":[7805,9421,47,1803],"class_list":["post-111711","post","type-post","status-publish","format-standard","has-post-thumbnail","hentry","category-provincia","tag-cultura","tag-editorial","tag-educacion-2","tag-provincia","generate-columns","tablet-grid-50","mobile-grid-100","grid-parent","grid-50"],"jetpack_publicize_connections":[],"jetpack_featured_media_url":"https:\/\/www.hoymercedes.com.ar\/principal\/wp-content\/uploads\/2020\/06\/05-libros-provincia.jpg","wps_subtitle":"","jetpack_sharing_enabled":true,"_links":{"self":[{"href":"https:\/\/www.hoymercedes.com.ar\/principal\/wp-json\/wp\/v2\/posts\/111711","targetHints":{"allow":["GET"]}}],"collection":[{"href":"https:\/\/www.hoymercedes.com.ar\/principal\/wp-json\/wp\/v2\/posts"}],"about":[{"href":"https:\/\/www.hoymercedes.com.ar\/principal\/wp-json\/wp\/v2\/types\/post"}],"author":[{"embeddable":true,"href":"https:\/\/www.hoymercedes.com.ar\/principal\/wp-json\/wp\/v2\/users\/1"}],"replies":[{"embeddable":true,"href":"https:\/\/www.hoymercedes.com.ar\/principal\/wp-json\/wp\/v2\/comments?post=111711"}],"version-history":[{"count":0,"href":"https:\/\/www.hoymercedes.com.ar\/principal\/wp-json\/wp\/v2\/posts\/111711\/revisions"}],"wp:featuredmedia":[{"embeddable":true,"href":"https:\/\/www.hoymercedes.com.ar\/principal\/wp-json\/wp\/v2\/media\/111712"}],"wp:attachment":[{"href":"https:\/\/www.hoymercedes.com.ar\/principal\/wp-json\/wp\/v2\/media?parent=111711"}],"wp:term":[{"taxonomy":"category","embeddable":true,"href":"https:\/\/www.hoymercedes.com.ar\/principal\/wp-json\/wp\/v2\/categories?post=111711"},{"taxonomy":"post_tag","embeddable":true,"href":"https:\/\/www.hoymercedes.com.ar\/principal\/wp-json\/wp\/v2\/tags?post=111711"}],"curies":[{"name":"wp","href":"https:\/\/api.w.org\/{rel}","templated":true}]}}