{"id":11172,"date":"2012-02-28T03:29:42","date_gmt":"2012-02-28T03:29:42","guid":{"rendered":"http:\/\/www.hoymercedes.com.ar\/principal\/?p=11172"},"modified":"2012-02-28T03:29:42","modified_gmt":"2012-02-28T03:29:42","slug":"se-realizo-la-2-fiesta-de-las-distinciones-deportivas","status":"publish","type":"post","link":"https:\/\/www.hoymercedes.com.ar\/principal\/2012\/02\/28\/se-realizo-la-2-fiesta-de-las-distinciones-deportivas\/","title":{"rendered":"Se realizo la 2\u00b0 Fiesta de las Distinciones Deportivas"},"content":{"rendered":"<p><a href=\"https:\/\/www.hoymercedes.com.ar\/principal\/wp-content\/uploads\/2012\/02\/fiestadeporte000.jpg\"><img loading=\"lazy\" decoding=\"async\" data-attachment-id=\"11174\" data-permalink=\"https:\/\/www.hoymercedes.com.ar\/principal\/2012\/02\/28\/se-realizo-la-2-fiesta-de-las-distinciones-deportivas\/fiestadeporte000\/#main\" data-orig-file=\"https:\/\/www.hoymercedes.com.ar\/principal\/wp-content\/uploads\/2012\/02\/fiestadeporte000.jpg\" data-orig-size=\"612,406\" data-comments-opened=\"1\" data-image-meta=\"{&quot;aperture&quot;:&quot;4&quot;,&quot;credit&quot;:&quot;&quot;,&quot;camera&quot;:&quot;NIKON D50&quot;,&quot;caption&quot;:&quot;&quot;,&quot;created_timestamp&quot;:&quot;1330379545&quot;,&quot;copyright&quot;:&quot;&quot;,&quot;focal_length&quot;:&quot;38&quot;,&quot;iso&quot;:&quot;0&quot;,&quot;shutter_speed&quot;:&quot;0.016666666666667&quot;,&quot;title&quot;:&quot;&quot;}\" data-image-title=\"fiestadeporte000\" data-image-description=\"\" data-image-caption=\"\" data-large-file=\"https:\/\/www.hoymercedes.com.ar\/principal\/wp-content\/uploads\/2012\/02\/fiestadeporte000.jpg\" class=\"aligncenter size-full wp-image-11174\" title=\"fiestadeporte000\" src=\"https:\/\/www.hoymercedes.com.ar\/principal\/wp-content\/uploads\/2012\/02\/fiestadeporte000.jpg\" alt=\"\" width=\"612\" height=\"406\" \/><\/a><\/p>\n<p>Lo que se iba a festejar en el Polideportivo a Cielo Abierto del Mart\u00edn Rodr\u00edguez, por cuestiones clim\u00e1ticas se realizo en el CEF N\u00b0 40, con la participaci\u00f3n de los representantes de los diferentes deportes que se practican en la ciudad<\/p>\n<p><a href=\"https:\/\/www.hoymercedes.com.ar\/principal\/wp-content\/uploads\/2012\/02\/fiestadeporte002.jpg\"><img loading=\"lazy\" decoding=\"async\" data-attachment-id=\"11175\" data-permalink=\"https:\/\/www.hoymercedes.com.ar\/principal\/2012\/02\/28\/se-realizo-la-2-fiesta-de-las-distinciones-deportivas\/fiestadeporte002\/#main\" data-orig-file=\"https:\/\/www.hoymercedes.com.ar\/principal\/wp-content\/uploads\/2012\/02\/fiestadeporte002.jpg\" data-orig-size=\"612,406\" data-comments-opened=\"1\" data-image-meta=\"{&quot;aperture&quot;:&quot;4.8&quot;,&quot;credit&quot;:&quot;&quot;,&quot;camera&quot;:&quot;NIKON D50&quot;,&quot;caption&quot;:&quot;&quot;,&quot;created_timestamp&quot;:&quot;1330377597&quot;,&quot;copyright&quot;:&quot;&quot;,&quot;focal_length&quot;:&quot;60&quot;,&quot;iso&quot;:&quot;0&quot;,&quot;shutter_speed&quot;:&quot;0.016666666666667&quot;,&quot;title&quot;:&quot;&quot;}\" data-image-title=\"fiestadeporte002\" data-image-description=\"\" data-image-caption=\"\" data-large-file=\"https:\/\/www.hoymercedes.com.ar\/principal\/wp-content\/uploads\/2012\/02\/fiestadeporte002.jpg\" class=\"aligncenter size-full wp-image-11175\" title=\"fiestadeporte002\" src=\"https:\/\/www.hoymercedes.com.ar\/principal\/wp-content\/uploads\/2012\/02\/fiestadeporte002.jpg\" alt=\"\" width=\"612\" height=\"406\" srcset=\"https:\/\/www.hoymercedes.com.ar\/principal\/wp-content\/uploads\/2012\/02\/fiestadeporte002.jpg 612w, https:\/\/www.hoymercedes.com.ar\/principal\/wp-content\/uploads\/2012\/02\/fiestadeporte002-300x199.jpg 300w\" sizes=\"auto, (max-width: 612px) 100vw, 612px\" \/><\/a><\/p>\n<p>La Municipalidad de Mercedes reuni\u00f3 a instituciones, dirigentes y deportistas para brindarles un reconocimiento por su aporte al deporte mercedino. A Partir de las 21hs, en el renovado gimnasio del Polideportivo de calle 30 esq. 45, se llev\u00f3 a cabo el festejo de la segunda edici\u00f3n que pretende acompa\u00f1ar a la fiesta que realiza todos los a\u00f1os el C\u00edrculo de Periodistas.<\/p>\n<p>En una ceremonia amena, el intendente Carlos Selva agradeci\u00f3 el esfuerzo de la gente de la Direcci\u00f3n de Deportes que d\u00eda a d\u00eda lleva adelante un extraordinario trabajo, acompa\u00f1ando a los deportistas de nuestra ciudad.<\/p>\n<p><a href=\"https:\/\/www.hoymercedes.com.ar\/principal\/wp-content\/uploads\/2012\/02\/fiestadeporte003.jpg\"><img loading=\"lazy\" decoding=\"async\" data-attachment-id=\"11177\" data-permalink=\"https:\/\/www.hoymercedes.com.ar\/principal\/2012\/02\/28\/se-realizo-la-2-fiesta-de-las-distinciones-deportivas\/fiestadeporte003\/#main\" data-orig-file=\"https:\/\/www.hoymercedes.com.ar\/principal\/wp-content\/uploads\/2012\/02\/fiestadeporte003.jpg\" data-orig-size=\"471,312\" data-comments-opened=\"1\" data-image-meta=\"{&quot;aperture&quot;:&quot;4.8&quot;,&quot;credit&quot;:&quot;&quot;,&quot;camera&quot;:&quot;NIKON D50&quot;,&quot;caption&quot;:&quot;&quot;,&quot;created_timestamp&quot;:&quot;1330378876&quot;,&quot;copyright&quot;:&quot;&quot;,&quot;focal_length&quot;:&quot;60&quot;,&quot;iso&quot;:&quot;0&quot;,&quot;shutter_speed&quot;:&quot;0.016666666666667&quot;,&quot;title&quot;:&quot;&quot;}\" data-image-title=\"fiestadeporte003\" data-image-description=\"\" data-image-caption=\"\" data-large-file=\"https:\/\/www.hoymercedes.com.ar\/principal\/wp-content\/uploads\/2012\/02\/fiestadeporte003.jpg\" class=\"aligncenter size-full wp-image-11177\" title=\"fiestadeporte003\" src=\"https:\/\/www.hoymercedes.com.ar\/principal\/wp-content\/uploads\/2012\/02\/fiestadeporte003.jpg\" alt=\"\" width=\"471\" height=\"312\" srcset=\"https:\/\/www.hoymercedes.com.ar\/principal\/wp-content\/uploads\/2012\/02\/fiestadeporte003.jpg 471w, https:\/\/www.hoymercedes.com.ar\/principal\/wp-content\/uploads\/2012\/02\/fiestadeporte003-300x198.jpg 300w\" sizes=\"auto, (max-width: 471px) 100vw, 471px\" \/><\/a><\/p>\n<p>Se distinguieron adem\u00e1s a los dirigentes deportivos y docentes de hoy y ayer, que durante toda su vida se encargaron de incentivar a los chicos a realizar actividad f\u00edsica como a la Se\u00f1ora Olga Mart\u00edn, \u00c1ngel Tessore, Omar Despalanques y Miguel \u00c1ngel Cestari entre otros.<\/p>\n<p>Al finalizar se le entreg\u00f3 un reconocimiento al mism\u00edsimo Carlos Selva por el apoyo constante, durante los \u00faltimos ocho a\u00f1os, al deporte mercedino.<\/p>\n<p><a href=\"https:\/\/www.hoymercedes.com.ar\/principal\/wp-content\/uploads\/2012\/02\/fiestadeporte001.jpg\"><img loading=\"lazy\" decoding=\"async\" data-attachment-id=\"11178\" data-permalink=\"https:\/\/www.hoymercedes.com.ar\/principal\/2012\/02\/28\/se-realizo-la-2-fiesta-de-las-distinciones-deportivas\/fiestadeporte001\/#main\" data-orig-file=\"https:\/\/www.hoymercedes.com.ar\/principal\/wp-content\/uploads\/2012\/02\/fiestadeporte001.jpg\" data-orig-size=\"612,406\" data-comments-opened=\"1\" data-image-meta=\"{&quot;aperture&quot;:&quot;4&quot;,&quot;credit&quot;:&quot;&quot;,&quot;camera&quot;:&quot;NIKON D50&quot;,&quot;caption&quot;:&quot;&quot;,&quot;created_timestamp&quot;:&quot;1330380277&quot;,&quot;copyright&quot;:&quot;&quot;,&quot;focal_length&quot;:&quot;44&quot;,&quot;iso&quot;:&quot;0&quot;,&quot;shutter_speed&quot;:&quot;0.016666666666667&quot;,&quot;title&quot;:&quot;&quot;}\" data-image-title=\"fiestadeporte001\" data-image-description=\"\" data-image-caption=\"\" data-large-file=\"https:\/\/www.hoymercedes.com.ar\/principal\/wp-content\/uploads\/2012\/02\/fiestadeporte001.jpg\" class=\"aligncenter size-full wp-image-11178\" title=\"fiestadeporte001\" src=\"https:\/\/www.hoymercedes.com.ar\/principal\/wp-content\/uploads\/2012\/02\/fiestadeporte001.jpg\" alt=\"\" width=\"612\" height=\"406\" srcset=\"https:\/\/www.hoymercedes.com.ar\/principal\/wp-content\/uploads\/2012\/02\/fiestadeporte001.jpg 612w, https:\/\/www.hoymercedes.com.ar\/principal\/wp-content\/uploads\/2012\/02\/fiestadeporte001-300x199.jpg 300w\" sizes=\"auto, (max-width: 612px) 100vw, 612px\" \/><\/a><\/p>\n<p>&nbsp;<\/p>\n<p><span style=\"color: #888888;\">Fuente-Fotos: Municipio<\/span><\/p>\n","protected":false},"excerpt":{"rendered":"<p>Lo que se iba a festejar en el Polideportivo a Cielo Abierto del Mart\u00edn Rodr\u00edguez, por cuestiones clim\u00e1ticas se realizo &#8230; <a title=\"Se realizo la 2\u00b0 Fiesta de las Distinciones Deportivas\" class=\"read-more\" href=\"https:\/\/www.hoymercedes.com.ar\/principal\/2012\/02\/28\/se-realizo-la-2-fiesta-de-las-distinciones-deportivas\/\" aria-label=\"Leer m\u00e1s sobre Se realizo la 2\u00b0 Fiesta de las Distinciones Deportivas\">Leer m\u00e1s<\/a><\/p>\n","protected":false},"author":1,"featured_media":0,"comment_status":"open","ping_status":"open","sticky":false,"template":"","format":"standard","meta":{"_monsterinsights_skip_tracking":false,"_monsterinsights_sitenote_active":false,"_monsterinsights_sitenote_note":"","_monsterinsights_sitenote_category":0,"jetpack_post_was_ever_published":false,"_jetpack_newsletter_access":"","_jetpack_dont_email_post_to_subs":false,"_jetpack_newsletter_tier_id":0,"_jetpack_memberships_contains_paywalled_content":false,"_jetpack_memberships_contains_paid_content":false,"footnotes":"","jetpack_publicize_message":"","jetpack_publicize_feature_enabled":true,"jetpack_social_post_already_shared":false,"jetpack_social_options":{"image_generator_settings":{"template":"highway","default_image_id":0,"font":"","enabled":false},"version":2},"_wpas_customize_per_network":false},"categories":[21],"tags":[142],"class_list":["post-11172","post","type-post","status-publish","format-standard","hentry","category-deportes","tag-deportes-mercedes","generate-columns","tablet-grid-50","mobile-grid-100","grid-parent","grid-50"],"jetpack_publicize_connections":[],"jetpack_featured_media_url":"","wps_subtitle":"","jetpack_sharing_enabled":true,"_links":{"self":[{"href":"https:\/\/www.hoymercedes.com.ar\/principal\/wp-json\/wp\/v2\/posts\/11172","targetHints":{"allow":["GET"]}}],"collection":[{"href":"https:\/\/www.hoymercedes.com.ar\/principal\/wp-json\/wp\/v2\/posts"}],"about":[{"href":"https:\/\/www.hoymercedes.com.ar\/principal\/wp-json\/wp\/v2\/types\/post"}],"author":[{"embeddable":true,"href":"https:\/\/www.hoymercedes.com.ar\/principal\/wp-json\/wp\/v2\/users\/1"}],"replies":[{"embeddable":true,"href":"https:\/\/www.hoymercedes.com.ar\/principal\/wp-json\/wp\/v2\/comments?post=11172"}],"version-history":[{"count":0,"href":"https:\/\/www.hoymercedes.com.ar\/principal\/wp-json\/wp\/v2\/posts\/11172\/revisions"}],"wp:attachment":[{"href":"https:\/\/www.hoymercedes.com.ar\/principal\/wp-json\/wp\/v2\/media?parent=11172"}],"wp:term":[{"taxonomy":"category","embeddable":true,"href":"https:\/\/www.hoymercedes.com.ar\/principal\/wp-json\/wp\/v2\/categories?post=11172"},{"taxonomy":"post_tag","embeddable":true,"href":"https:\/\/www.hoymercedes.com.ar\/principal\/wp-json\/wp\/v2\/tags?post=11172"}],"curies":[{"name":"wp","href":"https:\/\/api.w.org\/{rel}","templated":true}]}}