{"id":111722,"date":"2020-06-05T22:34:05","date_gmt":"2020-06-06T01:34:05","guid":{"rendered":"http:\/\/www.hoymercedes.com.ar\/principal\/?p=111722"},"modified":"2020-06-05T22:37:09","modified_gmt":"2020-06-06T01:37:09","slug":"coronavirus-informacion-regional-y-nacional","status":"publish","type":"post","link":"https:\/\/www.hoymercedes.com.ar\/principal\/2020\/06\/05\/coronavirus-informacion-regional-y-nacional\/","title":{"rendered":"Coronavirus: Informaci\u00f3n regional y nacional"},"content":{"rendered":"\n<p>Termina el d\u00eda con informaci\u00f3n regional en el algunas localidades confirmaron pocos casos, mientras otras se mantienen estable en las estad\u00edsticas. <\/p>\n\n\n\n<p><strong>San Andr\u00e9s de Giles <\/strong><br>La vecina localidad se mantiene sin nuevos casos desde marzo (el matrimonio que volvi\u00f3 de un crucero y a su regreso estuvieron internados y la mujer fallece en Luj\u00e1n). Durante la noche del viernes,  se descart\u00f3 el caso sospechoso de un hombre de 53 a\u00f1os. Resta esperar el resultad del hisopado realizado a un ni\u00f1o de 10 a\u00f1os. <\/p>\n\n\n\n<p><strong>Suipacha<\/strong><br>Dentro de la regi\u00f3n, la vecina localidad sigue siendo la \u00fanica que no tiene casos positivos. No obstante tiene dos casos en estudio y diez personas que est\u00e1n en aislamiento estricto. El comit\u00e9 de crisis de Suipacha aclar\u00f3 que en la informaci\u00f3n provincial (mapa interactivo) donde aparece un positivo all\u00ed, en realidad es uno de los positivos de Mercedes confirmados este jueves. <\/p>\n\n\n\n<p><strong>Luj\u00e1n<\/strong><br>La ciudad de la fe no sum\u00f3 ning\u00fan positivo por hoy y se mantiene en 43 contagios. Igualmente hay 28 casos en estudio. Reci\u00e9n hoy el Gobierno Nacional habilit\u00f3 bajo el estricto seguimiento de protocolos sanitarios, el servicio de gestor\u00eda, servicio t\u00e9cnico, kinesiolog\u00eda y algunos comercios de atenci\u00f3n al p\u00fablico.<\/p>\n\n\n\n<p><strong>Carmen de Areco<\/strong><br>Despu\u00e9s del primer positivo de la ciudad, el municipio inform\u00f3 que los 16 hisopados realizados a los dem\u00e1s trabajadores de la Granja Tres Arroyos dieron negativo. Por ahora solo hay 4 casos sospechosos en estudio.<\/p>\n\n\n\n<p><strong>San Antonio de Areco<\/strong><br>A pesar de la gran cantidad de contagios que sufri\u00f3 en muy poco tiempo, la vecina localidad flexibiliz\u00f3 la cuarentena. En total son 21 las personas que se contagiaron de covid-19 en San Antonio de Areco. Si bien estos n\u00fameros alarman a la regi\u00f3n, el municipio decidi\u00f3 avanzar hacia la fase 4. Hoy no se registraron casos sospechosos.<\/p>\n\n\n\n<p><strong>Capit\u00e1n Sarmiento<\/strong><br>Se confirm\u00f3 un nuevo positivo esta ma\u00f1ana y ya son 24 los contagiados por Covid-19. La vecina localidad es la m\u00e1s complicada de la regi\u00f3n. Los contagios iniciados en la Granja Tres Arroyos contin\u00faan multiplic\u00e1ndose. Sin embargo, la empresa ya anunci\u00f3 que retomar\u00e1 la actividad por sectores paulatinamente.<\/p>\n\n\n\n<p><strong>Informe Nacional<\/strong><br>En el informe provisto por el Ministerio de Salud de Naci\u00f3n se inform\u00f3 que hoy fueron confirmados 840 nuevos casos de COVID-19. A la hora de brindar un detalle por provincia se comunic\u00f3 que en la provincia de Buenos Aires son 371 los nuevos casos, la Ciudad de Buenos Aires tiene 420; Chaco 29; Chubut 3; C\u00f3rdoba 2; Entre R\u00edos 4; Mendoza 1; Neuqu\u00e9n 1; R\u00edo Negro 8, y Santa Fe 1 nuevo caso positivo. Con estos registros, suman 21.037 positivos en el pa\u00eds.<\/p>\n\n\n\n<p>En las \u00faltimas 24 horas, se produjeron 24 fallecimientos en el pa\u00eds. En el informe matutino comunicaron siete nuevas muertes: cinco mujeres, tres de 42, 84 y 95 a\u00f1os, residentes en la Ciudad de Buenos Aires (CABA); una de 79 a\u00f1os, residente en la Provincia de Buenos Aires: y una de 48 a\u00f1os, residente en la provincia de Chaco; y dos hombres, de 69 y 75 a\u00f1os, residente en la Ciudad de Buenos Aires (CABA). En tanto, en el vespertino se confirmaron las restantes: doce hombres, cuatro de 77, 84, 76 y 31 a\u00f1os, residentes en la provincia de Buenos Aires; ocho de 38, 61, 50, 57, 46, 54, 92 y 93 a\u00f1os, residentes en la Ciudad de Buenos Aires (CABA); y cinco mujeres, dos de 76 y 63 a\u00f1os, residentes en la Ciudad de Buenos Aires (CABA); y tres de 73, 67 y 35 a\u00f1os, residentes en la provincia de Buenos Aires. Al momento la cantidad de personas fallecidas es 632.<\/p>\n","protected":false},"excerpt":{"rendered":"<p>Termina el d\u00eda con informaci\u00f3n regional en el algunas localidades confirmaron pocos casos, mientras otras se mantienen estable en las &#8230; <a title=\"Coronavirus: Informaci\u00f3n regional y nacional\" class=\"read-more\" href=\"https:\/\/www.hoymercedes.com.ar\/principal\/2020\/06\/05\/coronavirus-informacion-regional-y-nacional\/\" aria-label=\"Leer m\u00e1s sobre Coronavirus: Informaci\u00f3n regional y nacional\">Leer m\u00e1s<\/a><\/p>\n","protected":false},"author":1,"featured_media":111592,"comment_status":"closed","ping_status":"open","sticky":false,"template":"","format":"standard","meta":{"_monsterinsights_skip_tracking":false,"_monsterinsights_sitenote_active":false,"_monsterinsights_sitenote_note":"","_monsterinsights_sitenote_category":0,"jetpack_post_was_ever_published":false,"_jetpack_newsletter_access":"","_jetpack_dont_email_post_to_subs":false,"_jetpack_newsletter_tier_id":0,"_jetpack_memberships_contains_paywalled_content":false,"_jetpack_memberships_contains_paid_content":false,"footnotes":"","jetpack_publicize_message":"","jetpack_publicize_feature_enabled":true,"jetpack_social_post_already_shared":true,"jetpack_social_options":{"image_generator_settings":{"template":"highway","default_image_id":0,"font":"","enabled":false},"version":2},"_wpas_customize_per_network":false},"categories":[5501],"tags":[16517,16428,16175,16313,1057],"class_list":["post-111722","post","type-post","status-publish","format-standard","has-post-thumbnail","hentry","category-region","tag-casos-en-estudio","tag-casos-positivos","tag-coronavirus","tag-covid-19","tag-regional","generate-columns","tablet-grid-50","mobile-grid-100","grid-parent","grid-50"],"jetpack_publicize_connections":[],"jetpack_featured_media_url":"https:\/\/www.hoymercedes.com.ar\/principal\/wp-content\/uploads\/2020\/06\/03-coronavirus_analisis_muestras.jpg","wps_subtitle":"Cierre del d\u00eda en la regi\u00f3n","jetpack_sharing_enabled":true,"_links":{"self":[{"href":"https:\/\/www.hoymercedes.com.ar\/principal\/wp-json\/wp\/v2\/posts\/111722","targetHints":{"allow":["GET"]}}],"collection":[{"href":"https:\/\/www.hoymercedes.com.ar\/principal\/wp-json\/wp\/v2\/posts"}],"about":[{"href":"https:\/\/www.hoymercedes.com.ar\/principal\/wp-json\/wp\/v2\/types\/post"}],"author":[{"embeddable":true,"href":"https:\/\/www.hoymercedes.com.ar\/principal\/wp-json\/wp\/v2\/users\/1"}],"replies":[{"embeddable":true,"href":"https:\/\/www.hoymercedes.com.ar\/principal\/wp-json\/wp\/v2\/comments?post=111722"}],"version-history":[{"count":0,"href":"https:\/\/www.hoymercedes.com.ar\/principal\/wp-json\/wp\/v2\/posts\/111722\/revisions"}],"wp:featuredmedia":[{"embeddable":true,"href":"https:\/\/www.hoymercedes.com.ar\/principal\/wp-json\/wp\/v2\/media\/111592"}],"wp:attachment":[{"href":"https:\/\/www.hoymercedes.com.ar\/principal\/wp-json\/wp\/v2\/media?parent=111722"}],"wp:term":[{"taxonomy":"category","embeddable":true,"href":"https:\/\/www.hoymercedes.com.ar\/principal\/wp-json\/wp\/v2\/categories?post=111722"},{"taxonomy":"post_tag","embeddable":true,"href":"https:\/\/www.hoymercedes.com.ar\/principal\/wp-json\/wp\/v2\/tags?post=111722"}],"curies":[{"name":"wp","href":"https:\/\/api.w.org\/{rel}","templated":true}]}}