{"id":111786,"date":"2020-06-07T09:33:00","date_gmt":"2020-06-07T12:33:00","guid":{"rendered":"http:\/\/www.hoymercedes.com.ar\/principal\/?p=111786"},"modified":"2020-06-06T20:35:34","modified_gmt":"2020-06-06T23:35:34","slug":"eliminacion-de-mini-basurales-y-limpieza-urbana","status":"publish","type":"post","link":"https:\/\/www.hoymercedes.com.ar\/principal\/2020\/06\/07\/eliminacion-de-mini-basurales-y-limpieza-urbana\/","title":{"rendered":"Eliminaci\u00f3n de mini basurales y limpieza urbana"},"content":{"rendered":"\n<p>Debido a la cuarentena, las actividades de limpieza se han visto afectadas y por lo tanto, se ha incrementado el volumen de basura. Desde el Municipio de Mercedes comenzaron con una campa\u00f1a de limpieza por los diferentes barrios de la ciudad.\u00a0<\/p>\n\n\n\n<div class=\"wp-block-image\"><figure class=\"aligncenter size-large\"><img loading=\"lazy\" decoding=\"async\" width=\"800\" height=\"533\" data-attachment-id=\"111791\" data-permalink=\"https:\/\/www.hoymercedes.com.ar\/principal\/2020\/06\/07\/eliminacion-de-mini-basurales-y-limpieza-urbana\/07-limpieza-21\/#main\" data-orig-file=\"https:\/\/www.hoymercedes.com.ar\/principal\/wp-content\/uploads\/2020\/06\/07-limpieza-21.jpeg\" data-orig-size=\"800,533\" data-comments-opened=\"0\" data-image-meta=\"{&quot;aperture&quot;:&quot;0&quot;,&quot;credit&quot;:&quot;&quot;,&quot;camera&quot;:&quot;&quot;,&quot;caption&quot;:&quot;&quot;,&quot;created_timestamp&quot;:&quot;0&quot;,&quot;copyright&quot;:&quot;&quot;,&quot;focal_length&quot;:&quot;0&quot;,&quot;iso&quot;:&quot;0&quot;,&quot;shutter_speed&quot;:&quot;0&quot;,&quot;title&quot;:&quot;&quot;,&quot;orientation&quot;:&quot;0&quot;}\" data-image-title=\"07 limpieza 21\" data-image-description=\"\" data-image-caption=\"\" data-large-file=\"https:\/\/www.hoymercedes.com.ar\/principal\/wp-content\/uploads\/2020\/06\/07-limpieza-21.jpeg\" src=\"https:\/\/www.hoymercedes.com.ar\/principal\/wp-content\/uploads\/2020\/06\/07-limpieza-21.jpeg\" alt=\"\" class=\"wp-image-111791\"\/><\/figure><\/div>\n\n\n\n<p>Luis Ponce, subsecretario de servicios p\u00fablicos remarc\u00f3 que, dentro de este contexto, \u201chubo muchos vecinos que han sacan a la v\u00eda p\u00fablica residuos y basura en general en lugares no permitidos como zanjas o calles poco transitadas , y eso gener\u00f3 proliferaci\u00f3n de microbasurales en la ciudad\u201d y apunt\u00f3 \u201ccon maquinaria y personal municipal estamos trabajando intensamente en diferentes zonas -29 al fondo, cruz de palo, 61 y 26, barrio Tedo y San Mart\u00edn, barrio blandengues, Obrero,&nbsp;&nbsp;Rosedal, entre otros, donde algunos vecinos de manera irresponsable han generado estos microbasurales\u201d.<\/p>\n\n\n\n<p>El funcionario tambi\u00e9n agradeci\u00f3 y destac\u00f3 \u201cel gran trabajo de los empleados municipales y en nombre de Leonel Guzm\u00e1n cono encargado de la cuadrilla a todos por una labora magn\u00edfica\u201d<\/p>\n\n\n\n<p><strong>Pedido<\/strong><\/p>\n\n\n\n<p>Conjuntamente, el subsecretario de servicios p\u00fablicos solicit\u00f3 \u201cles pedimos por favor a los vecinos que no tiren en cualquier lado los residuos, existen horarios de recolecci\u00f3n de basura domiciliaria que estamos llevando adelante diariamente en toda la ciudad, y en cuanto a las podas que los lleven directamente a \u201cLa Florida\u201d, para de esta manera colaborar en el mantenimiento de la limpieza de la ciudad\u201d.<\/p>\n\n\n\n<p>En tanto, aquellos vecinos que tengan tierra, escombros o restos de obra, deber\u00e1n contratar un volquete y hacerse responsables para evitar inconvenientes en el tr\u00e1nsito vehicular y peatonal.<\/p>\n\n\n\n<p>Cualquier inquietud o inconveniente los vecinos pueden llamar al 147 \u201csabemos que esta l\u00ednea est\u00e1 focalizada en el contexto de salud que nos afecta actualmente, de todas maneras, nosotros todo el tiempo estamos viendo y registrando las llamadas y los reclamos de cada una de las \u00e1reas que compete al servicio p\u00fablico\u201d asegur\u00f3 Ponce.<\/p>\n\n\n\n<p>Fuente: Prensa Municipal<\/p>\n\n\n\n<div class=\"wp-block-image\"><figure class=\"aligncenter size-large\"><img loading=\"lazy\" decoding=\"async\" width=\"800\" height=\"533\" data-attachment-id=\"111790\" data-permalink=\"https:\/\/www.hoymercedes.com.ar\/principal\/2020\/06\/07\/eliminacion-de-mini-basurales-y-limpieza-urbana\/07-limpieza-1\/#main\" data-orig-file=\"https:\/\/www.hoymercedes.com.ar\/principal\/wp-content\/uploads\/2020\/06\/07-limpieza-1.jpeg\" data-orig-size=\"800,533\" data-comments-opened=\"0\" data-image-meta=\"{&quot;aperture&quot;:&quot;0&quot;,&quot;credit&quot;:&quot;&quot;,&quot;camera&quot;:&quot;&quot;,&quot;caption&quot;:&quot;&quot;,&quot;created_timestamp&quot;:&quot;0&quot;,&quot;copyright&quot;:&quot;&quot;,&quot;focal_length&quot;:&quot;0&quot;,&quot;iso&quot;:&quot;0&quot;,&quot;shutter_speed&quot;:&quot;0&quot;,&quot;title&quot;:&quot;&quot;,&quot;orientation&quot;:&quot;0&quot;}\" data-image-title=\"07 limpieza 1\" data-image-description=\"\" data-image-caption=\"\" data-large-file=\"https:\/\/www.hoymercedes.com.ar\/principal\/wp-content\/uploads\/2020\/06\/07-limpieza-1.jpeg\" src=\"https:\/\/www.hoymercedes.com.ar\/principal\/wp-content\/uploads\/2020\/06\/07-limpieza-1.jpeg\" alt=\"\" class=\"wp-image-111790\"\/><\/figure><\/div>\n","protected":false},"excerpt":{"rendered":"<p>Debido a la cuarentena, las actividades de limpieza se han visto afectadas y por lo tanto, se ha incrementado el &#8230; <a title=\"Eliminaci\u00f3n de mini basurales y limpieza urbana\" class=\"read-more\" href=\"https:\/\/www.hoymercedes.com.ar\/principal\/2020\/06\/07\/eliminacion-de-mini-basurales-y-limpieza-urbana\/\" aria-label=\"Leer m\u00e1s sobre Eliminaci\u00f3n de mini basurales y limpieza urbana\">Leer m\u00e1s<\/a><\/p>\n","protected":false},"author":1,"featured_media":111790,"comment_status":"closed","ping_status":"open","sticky":false,"template":"","format":"standard","meta":{"_monsterinsights_skip_tracking":false,"_monsterinsights_sitenote_active":false,"_monsterinsights_sitenote_note":"","_monsterinsights_sitenote_category":0,"jetpack_post_was_ever_published":false,"_jetpack_newsletter_access":"","_jetpack_dont_email_post_to_subs":false,"_jetpack_newsletter_tier_id":0,"_jetpack_memberships_contains_paywalled_content":false,"_jetpack_memberships_contains_paid_content":false,"footnotes":"","jetpack_publicize_message":"","jetpack_publicize_feature_enabled":true,"jetpack_social_post_already_shared":true,"jetpack_social_options":{"image_generator_settings":{"template":"highway","default_image_id":0,"font":"","enabled":false},"version":2},"_wpas_customize_per_network":false},"categories":[30],"tags":[6049,6798,244,8628],"class_list":["post-111786","post","type-post","status-publish","format-standard","has-post-thumbnail","hentry","category-municipio","tag-basurales","tag-limpieza","tag-municipio-2","tag-servicios-publicos","generate-columns","tablet-grid-50","mobile-grid-100","grid-parent","grid-50"],"jetpack_publicize_connections":[],"jetpack_featured_media_url":"https:\/\/www.hoymercedes.com.ar\/principal\/wp-content\/uploads\/2020\/06\/07-limpieza-1.jpeg","wps_subtitle":"Servicios p\u00fablicos","jetpack_sharing_enabled":true,"_links":{"self":[{"href":"https:\/\/www.hoymercedes.com.ar\/principal\/wp-json\/wp\/v2\/posts\/111786","targetHints":{"allow":["GET"]}}],"collection":[{"href":"https:\/\/www.hoymercedes.com.ar\/principal\/wp-json\/wp\/v2\/posts"}],"about":[{"href":"https:\/\/www.hoymercedes.com.ar\/principal\/wp-json\/wp\/v2\/types\/post"}],"author":[{"embeddable":true,"href":"https:\/\/www.hoymercedes.com.ar\/principal\/wp-json\/wp\/v2\/users\/1"}],"replies":[{"embeddable":true,"href":"https:\/\/www.hoymercedes.com.ar\/principal\/wp-json\/wp\/v2\/comments?post=111786"}],"version-history":[{"count":0,"href":"https:\/\/www.hoymercedes.com.ar\/principal\/wp-json\/wp\/v2\/posts\/111786\/revisions"}],"wp:featuredmedia":[{"embeddable":true,"href":"https:\/\/www.hoymercedes.com.ar\/principal\/wp-json\/wp\/v2\/media\/111790"}],"wp:attachment":[{"href":"https:\/\/www.hoymercedes.com.ar\/principal\/wp-json\/wp\/v2\/media?parent=111786"}],"wp:term":[{"taxonomy":"category","embeddable":true,"href":"https:\/\/www.hoymercedes.com.ar\/principal\/wp-json\/wp\/v2\/categories?post=111786"},{"taxonomy":"post_tag","embeddable":true,"href":"https:\/\/www.hoymercedes.com.ar\/principal\/wp-json\/wp\/v2\/tags?post=111786"}],"curies":[{"name":"wp","href":"https:\/\/api.w.org\/{rel}","templated":true}]}}