{"id":111806,"date":"2020-06-07T10:47:00","date_gmt":"2020-06-07T13:47:00","guid":{"rendered":"http:\/\/www.hoymercedes.com.ar\/principal\/?p=111806"},"modified":"2020-06-06T22:01:02","modified_gmt":"2020-06-07T01:01:02","slug":"cambio-de-autoridades-en-el-complejo-penitenciario-norte-3","status":"publish","type":"post","link":"https:\/\/www.hoymercedes.com.ar\/principal\/2020\/06\/07\/cambio-de-autoridades-en-el-complejo-penitenciario-norte-3\/","title":{"rendered":"Cambio de autoridades en el Complejo Penitenciario Norte"},"content":{"rendered":"\n<p>El \u00faltimos viernes, en horas de la ma\u00f1ana, se realiz\u00f3 el cambio de autoridades en el\u00a0\u00a0Complejo Penitenciario Norte, quedando como Jefe del mismo Inspector Mayor (E.G.)\u00a0Ricardo Mendez, y como Secretaria de Coordinaci\u00f3n del mismo la Inspectora Mayor(E.G.)\u00a0Amorina Garc\u00eda,\u00a0para ponerlos en funciones estuvo presente de la Plana Mayor de la instituci\u00f3n el\u00a0Director General de Seguridad el Inspector General (E.G.)\u00a0Roberto Gonz\u00e1lez. <\/p>\n\n\n\n<div class=\"wp-block-image\"><figure class=\"aligncenter size-large\"><img loading=\"lazy\" decoding=\"async\" width=\"800\" height=\"507\" data-attachment-id=\"111807\" data-permalink=\"https:\/\/www.hoymercedes.com.ar\/principal\/2020\/06\/07\/cambio-de-autoridades-en-el-complejo-penitenciario-norte-3\/07-carcel-autorid-1\/#main\" data-orig-file=\"https:\/\/www.hoymercedes.com.ar\/principal\/wp-content\/uploads\/2020\/06\/07-carcel-autorid-1.jpg\" data-orig-size=\"800,507\" data-comments-opened=\"0\" data-image-meta=\"{&quot;aperture&quot;:&quot;0&quot;,&quot;credit&quot;:&quot;&quot;,&quot;camera&quot;:&quot;&quot;,&quot;caption&quot;:&quot;&quot;,&quot;created_timestamp&quot;:&quot;0&quot;,&quot;copyright&quot;:&quot;&quot;,&quot;focal_length&quot;:&quot;0&quot;,&quot;iso&quot;:&quot;0&quot;,&quot;shutter_speed&quot;:&quot;0&quot;,&quot;title&quot;:&quot;&quot;,&quot;orientation&quot;:&quot;0&quot;}\" data-image-title=\"07 carcel autorid 1\" data-image-description=\"\" data-image-caption=\"\" data-large-file=\"https:\/\/www.hoymercedes.com.ar\/principal\/wp-content\/uploads\/2020\/06\/07-carcel-autorid-1.jpg\" src=\"https:\/\/www.hoymercedes.com.ar\/principal\/wp-content\/uploads\/2020\/06\/07-carcel-autorid-1.jpg\" alt=\"\" class=\"wp-image-111807\"\/><\/figure><\/div>\n\n\n\n<p>En el mismo acto,\u00a0\u00a0tambi\u00e9n\u00a0asumi\u00f3 su cargo el director de la Unidad 16 de Jun\u00edn, Prefecto Mayor(E.G.)\u00a0Edgardo Gumarelli, ya que esta es una de las c\u00e1rceles que componen el Complejo\u00a0Penitenciario Norte,\u00a0junto a las\u00a0Unidades\u00a0N\u00ba 3\u00a0de San Nicol\u00e1s, la\u00a011 de\u00a0Baradero, la\u00a013, 16 y 49 de\u00a0Jun\u00edn y la U.P. N\u00ba 5 de Mercedes.<\/p>\n\n\n\n<p>La jefatura del Complejo ha quedado en la direcci\u00f3n de dos mercedinos, con amplia trayectoria en la Unidad local y un recorrido institucional que los trae nuevamente a cumplir funciones en esta zona penitenciaria.<\/p>\n\n\n\n<p>La formaci\u00f3n fue de unos pocos agentes, que respetaron las recomendaciones de distanciamiento social y medidas de prevenci\u00f3n del COVID-19, acompa\u00f1aron la asunci\u00f3n en \u00e9sta sencilla ceremonia .<\/p>\n\n\n\n<p>Fuente: U5<\/p>\n\n\n\n<figure class=\"wp-block-image size-large\"><img loading=\"lazy\" decoding=\"async\" width=\"800\" height=\"534\" data-attachment-id=\"111808\" data-permalink=\"https:\/\/www.hoymercedes.com.ar\/principal\/2020\/06\/07\/cambio-de-autoridades-en-el-complejo-penitenciario-norte-3\/07-carcel-autorid-2\/#main\" data-orig-file=\"https:\/\/www.hoymercedes.com.ar\/principal\/wp-content\/uploads\/2020\/06\/07-carcel-autorid-2.jpg\" data-orig-size=\"800,534\" data-comments-opened=\"0\" data-image-meta=\"{&quot;aperture&quot;:&quot;0&quot;,&quot;credit&quot;:&quot;&quot;,&quot;camera&quot;:&quot;&quot;,&quot;caption&quot;:&quot;&quot;,&quot;created_timestamp&quot;:&quot;0&quot;,&quot;copyright&quot;:&quot;&quot;,&quot;focal_length&quot;:&quot;0&quot;,&quot;iso&quot;:&quot;0&quot;,&quot;shutter_speed&quot;:&quot;0&quot;,&quot;title&quot;:&quot;&quot;,&quot;orientation&quot;:&quot;0&quot;}\" data-image-title=\"07 carcel autorid 2\" data-image-description=\"\" data-image-caption=\"\" data-large-file=\"https:\/\/www.hoymercedes.com.ar\/principal\/wp-content\/uploads\/2020\/06\/07-carcel-autorid-2.jpg\" src=\"https:\/\/www.hoymercedes.com.ar\/principal\/wp-content\/uploads\/2020\/06\/07-carcel-autorid-2.jpg\" alt=\"\" class=\"wp-image-111808\"\/><\/figure>\n","protected":false},"excerpt":{"rendered":"<p>El \u00faltimos viernes, en horas de la ma\u00f1ana, se realiz\u00f3 el cambio de autoridades en el\u00a0\u00a0Complejo Penitenciario Norte, quedando como &#8230; <a title=\"Cambio de autoridades en el Complejo Penitenciario Norte\" class=\"read-more\" href=\"https:\/\/www.hoymercedes.com.ar\/principal\/2020\/06\/07\/cambio-de-autoridades-en-el-complejo-penitenciario-norte-3\/\" aria-label=\"Leer m\u00e1s sobre Cambio de autoridades en el Complejo Penitenciario Norte\">Leer m\u00e1s<\/a><\/p>\n","protected":false},"author":1,"featured_media":111808,"comment_status":"closed","ping_status":"open","sticky":false,"template":"","format":"standard","meta":{"_monsterinsights_skip_tracking":false,"_monsterinsights_sitenote_active":false,"_monsterinsights_sitenote_note":"","_monsterinsights_sitenote_category":0,"jetpack_post_was_ever_published":false,"_jetpack_newsletter_access":"","_jetpack_dont_email_post_to_subs":false,"_jetpack_newsletter_tier_id":0,"_jetpack_memberships_contains_paywalled_content":false,"_jetpack_memberships_contains_paid_content":false,"footnotes":"","jetpack_publicize_message":"","jetpack_publicize_feature_enabled":true,"jetpack_social_post_already_shared":true,"jetpack_social_options":{"image_generator_settings":{"template":"highway","default_image_id":0,"font":"","enabled":false},"version":2},"_wpas_customize_per_network":false},"categories":[8],"tags":[12343,14813],"class_list":["post-111806","post","type-post","status-publish","format-standard","has-post-thumbnail","hentry","category-sociedad","tag-cambio-de-autoridades","tag-unidad-penitenciaria","generate-columns","tablet-grid-50","mobile-grid-100","grid-parent","grid-50"],"jetpack_publicize_connections":[],"jetpack_featured_media_url":"https:\/\/www.hoymercedes.com.ar\/principal\/wp-content\/uploads\/2020\/06\/07-carcel-autorid-2.jpg","wps_subtitle":"Servicio penitenciario","jetpack_sharing_enabled":true,"_links":{"self":[{"href":"https:\/\/www.hoymercedes.com.ar\/principal\/wp-json\/wp\/v2\/posts\/111806","targetHints":{"allow":["GET"]}}],"collection":[{"href":"https:\/\/www.hoymercedes.com.ar\/principal\/wp-json\/wp\/v2\/posts"}],"about":[{"href":"https:\/\/www.hoymercedes.com.ar\/principal\/wp-json\/wp\/v2\/types\/post"}],"author":[{"embeddable":true,"href":"https:\/\/www.hoymercedes.com.ar\/principal\/wp-json\/wp\/v2\/users\/1"}],"replies":[{"embeddable":true,"href":"https:\/\/www.hoymercedes.com.ar\/principal\/wp-json\/wp\/v2\/comments?post=111806"}],"version-history":[{"count":0,"href":"https:\/\/www.hoymercedes.com.ar\/principal\/wp-json\/wp\/v2\/posts\/111806\/revisions"}],"wp:featuredmedia":[{"embeddable":true,"href":"https:\/\/www.hoymercedes.com.ar\/principal\/wp-json\/wp\/v2\/media\/111808"}],"wp:attachment":[{"href":"https:\/\/www.hoymercedes.com.ar\/principal\/wp-json\/wp\/v2\/media?parent=111806"}],"wp:term":[{"taxonomy":"category","embeddable":true,"href":"https:\/\/www.hoymercedes.com.ar\/principal\/wp-json\/wp\/v2\/categories?post=111806"},{"taxonomy":"post_tag","embeddable":true,"href":"https:\/\/www.hoymercedes.com.ar\/principal\/wp-json\/wp\/v2\/tags?post=111806"}],"curies":[{"name":"wp","href":"https:\/\/api.w.org\/{rel}","templated":true}]}}