{"id":111845,"date":"2020-06-07T22:22:00","date_gmt":"2020-06-08T01:22:00","guid":{"rendered":"http:\/\/www.hoymercedes.com.ar\/principal\/?p=111845"},"modified":"2020-06-08T10:35:12","modified_gmt":"2020-06-08T13:35:12","slug":"coronavirus-mercedes-no-registra-nuevos-positivos-pero-la-region-si","status":"publish","type":"post","link":"https:\/\/www.hoymercedes.com.ar\/principal\/2020\/06\/07\/coronavirus-mercedes-no-registra-nuevos-positivos-pero-la-region-si\/","title":{"rendered":"Coronavirus: Mercedes no registra nuevos positivos, pero la regi\u00f3n s\u00ed."},"content":{"rendered":"\n<p>El informe local del d\u00eda no marca nuevos confirmados. Aunque sabe que son varios los pacientes que esperan sus resultados para el d\u00eda de ma\u00f1ana, y otros tanto los vecinos que deber\u00e1n hacerse el hisopado tambi\u00e9n por contacto estrecho con las dos familias confirmadas con covid-19 los d\u00edas previos. <\/p>\n\n\n\n<p>En la regi\u00f3n, los casos positivos y confirmados de la enfermedad que preocupa al mundo y al pa\u00eds se van sumando. Capit\u00e1n Sarmiento, Carmen de Areco y  Jun\u00edn, confirmaron un caso positivo cada uno, mientras que Luj\u00e1n sum\u00f3 tres, incluyendo un bebe de 9 meses. Mientras que localidades como Chivilcoy, Suipacha, Navarro, San Antonio de Areco y San Andr\u00e9s de Giles se mantienen estables, algunos de ellos superando la fase 4 del aislamiento obligatorio. <\/p>\n\n\n\n<p><strong>Luj\u00e1n<\/strong><br>La Secretar\u00eda de Salud de la vecina localidad confirm\u00f3 que ayer se registraron tres nuevos casos positivos de coronavirus. Luj\u00e1n ya tiene 47 contagiados por el virus. El Municipio cont\u00f3 que los nuevos casos de Covid-19 corresponden a un beb\u00e9 de 9 meses; una mujer de 61 a\u00f1os; y un hombre de 31 a\u00f1os. Este \u00faltimo estar\u00eda internado en un sanatorio de otra ciudad.<\/p>\n\n\n\n<p><strong>Capit\u00e1n Sarmiento<\/strong><br>Son 26 los casos confirmados. Sum\u00e1ndose uno en las \u00faltimas horas. El principal foco de contagio fue la planta de la empresa Granja\u00a0Tres Arroyos\u00a0que se encuentra en las afueras del partido. Del grupo de trabajadores que dio positivo, la enfermedad se propag\u00f3 a sus familiares. <\/p>\n\n\n\n<p><strong>Carmen de Areco<\/strong><br>En el reporte epidemiol\u00f3gico del s\u00e1bado, las autoridades sanitarias confirmaron el segundo positivo para Covid \u2013 19. Se encuentran aisladas 63 vecinos, por tener contacto estrecho con personas que ten\u00edan Coronavirus. En su gran mayor\u00eda son trabajadores de la empresa Tres Arroyos de Capit\u00e1n Sarmiento. <\/p>\n\n\n\n<p><strong>Junin<\/strong><br>La Municipalidad de Jun\u00edn confirm\u00f3 un nuevo caso positivo de COVID-19 durante la tarde del s\u00e1bado. Se trata de un hombre de 45 a\u00f1os con antecedentes de viaje a la regi\u00f3n de AMBA (\u00c1rea Metropolitana de Buenos Aires), que se encuentra internado en un centro de salud privado de dicha localidad. El intendente Pablo Petrecca junto a integrantes de la Mesa de Salud, informaron que, en la actual coyuntura, el distrito no pasar\u00e1 a\u00fan a la fase 5.<\/p>\n\n\n\n<p><strong>San Andr\u00e9s de Giles<\/strong><br>Se hisop\u00f3 a un adulto mayor, un hombre de 93 a\u00f1os que se encuentra aislado en el Hospital Municipal San Andr\u00e9s. Este caso se suma al de otro gilense de 58 a\u00f1os que fue hisopado en la tarde de ayer. Las muestras fueron enviadas al Instituto Julio Maiztegui de Pergamino para su an\u00e1lisis. Los resultados podr\u00edan estar ma\u00f1ana.<\/p>\n\n\n\n<p><strong>Informe Nacional<\/strong><br>Este domingo fueron confirmados 774 nuevos casos de COVID-19. En el detalle por provincia, Buenos Aires tiene 375, mientras que la ciudad de Bueno Aires sum\u00f3 359. Por su parte, Chaco tiene 18 nuevos positivos, Chubut 5; Entre R\u00edos 2; La Rioja 1; Misiones 3; R\u00edo Negro 10; y Salta 1. Con estos registros, suman 22.794 positivos en el pa\u00eds.<br>En el reporte, dieron a conocer el fallecimiento de 16 personas. En la ma\u00f1ana, se informaron las primeras ocho: siete mujeres, tres de 79, 82 y 88 a\u00f1os, residentes en la Ciudad de Buenos Aires (CABA); una de 82 a\u00f1os, residente en la provincia de Chaco; una de 52 a\u00f1os, residente en la provincia de La Rioja; y dos de 52 y 78 a\u00f1os, residentes en la provincia de Buenos Aires; y un hombre de 61 a\u00f1os, residente en la provincia de R\u00edo Negro. Y por la tarde, las restantes: cinco hombres, cuatro de 71, 85, 56 y 65 a\u00f1os, residentes en la provincia de Buenos Aires; uno, cuya edad se desconoce, residente en la Ciudad de Buenos Aires (CABA); y tres mujeres de 84, 69 y 73 a\u00f1os, residentes en la provincia de Buenos Aires. Al momento la cantidad de personas fallecidas es 664.<\/p>\n\n\n\n<p><\/p>\n","protected":false},"excerpt":{"rendered":"<p>El informe local del d\u00eda no marca nuevos confirmados. Aunque sabe que son varios los pacientes que esperan sus resultados &#8230; <a title=\"Coronavirus: Mercedes no registra nuevos positivos, pero la regi\u00f3n s\u00ed.\" class=\"read-more\" href=\"https:\/\/www.hoymercedes.com.ar\/principal\/2020\/06\/07\/coronavirus-mercedes-no-registra-nuevos-positivos-pero-la-region-si\/\" aria-label=\"Leer m\u00e1s sobre Coronavirus: Mercedes no registra nuevos positivos, pero la regi\u00f3n s\u00ed.\">Leer m\u00e1s<\/a><\/p>\n","protected":false},"author":1,"featured_media":111846,"comment_status":"closed","ping_status":"open","sticky":false,"template":"","format":"standard","meta":{"_monsterinsights_skip_tracking":false,"_monsterinsights_sitenote_active":false,"_monsterinsights_sitenote_note":"","_monsterinsights_sitenote_category":0,"jetpack_post_was_ever_published":false,"_jetpack_newsletter_access":"","_jetpack_dont_email_post_to_subs":false,"_jetpack_newsletter_tier_id":0,"_jetpack_memberships_contains_paywalled_content":false,"_jetpack_memberships_contains_paid_content":false,"footnotes":"","jetpack_publicize_message":"","jetpack_publicize_feature_enabled":true,"jetpack_social_post_already_shared":true,"jetpack_social_options":{"image_generator_settings":{"template":"highway","default_image_id":0,"font":"","enabled":false},"version":2},"_wpas_customize_per_network":false},"categories":[9791],"tags":[16561,16175,16313,15693,16680],"class_list":["post-111845","post","type-post","status-publish","format-standard","has-post-thumbnail","hentry","category-salud","tag-cierre-del-dia","tag-coronavirus","tag-covid-19","tag-informe-nacional","tag-informe-regional","generate-columns","tablet-grid-50","mobile-grid-100","grid-parent","grid-50"],"jetpack_publicize_connections":[],"jetpack_featured_media_url":"https:\/\/www.hoymercedes.com.ar\/principal\/wp-content\/uploads\/2020\/06\/07-coronavirus.jpeg","wps_subtitle":"Cierre del d\u00eda","jetpack_sharing_enabled":true,"_links":{"self":[{"href":"https:\/\/www.hoymercedes.com.ar\/principal\/wp-json\/wp\/v2\/posts\/111845","targetHints":{"allow":["GET"]}}],"collection":[{"href":"https:\/\/www.hoymercedes.com.ar\/principal\/wp-json\/wp\/v2\/posts"}],"about":[{"href":"https:\/\/www.hoymercedes.com.ar\/principal\/wp-json\/wp\/v2\/types\/post"}],"author":[{"embeddable":true,"href":"https:\/\/www.hoymercedes.com.ar\/principal\/wp-json\/wp\/v2\/users\/1"}],"replies":[{"embeddable":true,"href":"https:\/\/www.hoymercedes.com.ar\/principal\/wp-json\/wp\/v2\/comments?post=111845"}],"version-history":[{"count":0,"href":"https:\/\/www.hoymercedes.com.ar\/principal\/wp-json\/wp\/v2\/posts\/111845\/revisions"}],"wp:featuredmedia":[{"embeddable":true,"href":"https:\/\/www.hoymercedes.com.ar\/principal\/wp-json\/wp\/v2\/media\/111846"}],"wp:attachment":[{"href":"https:\/\/www.hoymercedes.com.ar\/principal\/wp-json\/wp\/v2\/media?parent=111845"}],"wp:term":[{"taxonomy":"category","embeddable":true,"href":"https:\/\/www.hoymercedes.com.ar\/principal\/wp-json\/wp\/v2\/categories?post=111845"},{"taxonomy":"post_tag","embeddable":true,"href":"https:\/\/www.hoymercedes.com.ar\/principal\/wp-json\/wp\/v2\/tags?post=111845"}],"curies":[{"name":"wp","href":"https:\/\/api.w.org\/{rel}","templated":true}]}}