{"id":111880,"date":"2020-06-08T18:15:00","date_gmt":"2020-06-08T21:15:00","guid":{"rendered":"http:\/\/www.hoymercedes.com.ar\/principal\/?p=111880"},"modified":"2020-06-08T19:42:41","modified_gmt":"2020-06-08T22:42:41","slug":"desafio-de-sos-habitat-yo-composto-en-casa","status":"publish","type":"post","link":"https:\/\/www.hoymercedes.com.ar\/principal\/2020\/06\/08\/desafio-de-sos-habitat-yo-composto-en-casa\/","title":{"rendered":"Desaf\u00edo de SOS H\u00e1bitat: \u00abYo Composto en Casa\u00bb"},"content":{"rendered":"\n<p>Desde la Asociaci\u00f3n Civil SOS H\u00e1bitat, han comenzado con un desaf\u00edo sobre compostaje. \u00abComo ya hemos recibido algunos videos y fotos, armamos un peque\u00f1o video compilando todo para que vayan viendo qu\u00e9 ideas hay para poder compostar\u00bb, explican desde la organizaci\u00f3n no gubernamental.\u00a0<\/p>\n\n\n\n<p>\u00abGracias\u00a0 a los que se est\u00e1n sumando, pronto seguiremos subiendo sus aportes.Y para los que a\u00fan no tienen nada armado en casa, an\u00edmense, hasta en una maceta se puede compostar. A no tener miedo a ensuciarse con el barro\u00bb, agregan e invitan a ver el video que invita a compostar.<\/p>\n\n\n\n<figure class=\"wp-block-embed-youtube wp-block-embed is-type-video is-provider-youtube wp-embed-aspect-16-9 wp-has-aspect-ratio\"><div class=\"wp-block-embed__wrapper\">\n<span class=\"embed-youtube\" style=\"text-align:center; display: block;\"><iframe loading=\"lazy\" class=\"youtube-player\" width=\"1200\" height=\"675\" src=\"https:\/\/www.youtube.com\/embed\/VH4V_MvtrD8?version=3&#038;rel=1&#038;showsearch=0&#038;showinfo=1&#038;iv_load_policy=1&#038;fs=1&#038;hl=es-ES&#038;autohide=2&#038;wmode=transparent\" allowfullscreen=\"true\" style=\"border:0;\" sandbox=\"allow-scripts allow-same-origin allow-popups allow-presentation allow-popups-to-escape-sandbox\"><\/iframe><\/span>\n<\/div><\/figure>\n\n\n\n<p>Colaboraci\u00f3n: Imagen realizada por San Benito en el D\u00eda del Ambiente. <\/p>\n","protected":false},"excerpt":{"rendered":"<p>Desde la Asociaci\u00f3n Civil SOS H\u00e1bitat, han comenzado con un desaf\u00edo sobre compostaje. \u00abComo ya hemos recibido algunos videos y &#8230; <a title=\"Desaf\u00edo de SOS H\u00e1bitat: \u00abYo Composto en Casa\u00bb\" class=\"read-more\" href=\"https:\/\/www.hoymercedes.com.ar\/principal\/2020\/06\/08\/desafio-de-sos-habitat-yo-composto-en-casa\/\" aria-label=\"Leer m\u00e1s sobre Desaf\u00edo de SOS H\u00e1bitat: \u00abYo Composto en Casa\u00bb\">Leer m\u00e1s<\/a><\/p>\n","protected":false},"author":1,"featured_media":111882,"comment_status":"closed","ping_status":"open","sticky":false,"template":"","format":"standard","meta":{"_monsterinsights_skip_tracking":false,"_monsterinsights_sitenote_active":false,"_monsterinsights_sitenote_note":"","_monsterinsights_sitenote_category":0,"jetpack_post_was_ever_published":false,"_jetpack_newsletter_access":"","_jetpack_dont_email_post_to_subs":false,"_jetpack_newsletter_tier_id":0,"_jetpack_memberships_contains_paywalled_content":false,"_jetpack_memberships_contains_paid_content":false,"footnotes":"","jetpack_publicize_message":"","jetpack_publicize_feature_enabled":true,"jetpack_social_post_already_shared":true,"jetpack_social_options":{"image_generator_settings":{"template":"highway","default_image_id":0,"font":"","enabled":false},"version":2},"_wpas_customize_per_network":false},"categories":[8],"tags":[16699,43,887],"class_list":["post-111880","post","type-post","status-publish","format-standard","has-post-thumbnail","hentry","category-sociedad","tag-compost","tag-medio-ambiente","tag-sos-habitat","generate-columns","tablet-grid-50","mobile-grid-100","grid-parent","grid-50"],"jetpack_publicize_connections":[],"jetpack_featured_media_url":"https:\/\/www.hoymercedes.com.ar\/principal\/wp-content\/uploads\/2020\/06\/08-compost-sos-habitat.jpeg","wps_subtitle":"","jetpack_sharing_enabled":true,"_links":{"self":[{"href":"https:\/\/www.hoymercedes.com.ar\/principal\/wp-json\/wp\/v2\/posts\/111880","targetHints":{"allow":["GET"]}}],"collection":[{"href":"https:\/\/www.hoymercedes.com.ar\/principal\/wp-json\/wp\/v2\/posts"}],"about":[{"href":"https:\/\/www.hoymercedes.com.ar\/principal\/wp-json\/wp\/v2\/types\/post"}],"author":[{"embeddable":true,"href":"https:\/\/www.hoymercedes.com.ar\/principal\/wp-json\/wp\/v2\/users\/1"}],"replies":[{"embeddable":true,"href":"https:\/\/www.hoymercedes.com.ar\/principal\/wp-json\/wp\/v2\/comments?post=111880"}],"version-history":[{"count":0,"href":"https:\/\/www.hoymercedes.com.ar\/principal\/wp-json\/wp\/v2\/posts\/111880\/revisions"}],"wp:featuredmedia":[{"embeddable":true,"href":"https:\/\/www.hoymercedes.com.ar\/principal\/wp-json\/wp\/v2\/media\/111882"}],"wp:attachment":[{"href":"https:\/\/www.hoymercedes.com.ar\/principal\/wp-json\/wp\/v2\/media?parent=111880"}],"wp:term":[{"taxonomy":"category","embeddable":true,"href":"https:\/\/www.hoymercedes.com.ar\/principal\/wp-json\/wp\/v2\/categories?post=111880"},{"taxonomy":"post_tag","embeddable":true,"href":"https:\/\/www.hoymercedes.com.ar\/principal\/wp-json\/wp\/v2\/tags?post=111880"}],"curies":[{"name":"wp","href":"https:\/\/api.w.org\/{rel}","templated":true}]}}