{"id":111897,"date":"2020-06-08T19:21:47","date_gmt":"2020-06-08T22:21:47","guid":{"rendered":"http:\/\/www.hoymercedes.com.ar\/principal\/?p=111897"},"modified":"2020-06-08T21:59:34","modified_gmt":"2020-06-09T00:59:34","slug":"coronavirus-confirman-dos-nuevos-positivos-en-mercedes","status":"publish","type":"post","link":"https:\/\/www.hoymercedes.com.ar\/principal\/2020\/06\/08\/coronavirus-confirman-dos-nuevos-positivos-en-mercedes\/","title":{"rendered":"Coronavirus: confirman dos nuevos positivos en Mercedes"},"content":{"rendered":"\n<p>A trav\u00e9s de una comunicaci\u00f3n en las redes sociales, nuevamente el Intendente Juan Ignacio Ustarroz y el Director del Hospital Dr. Pablo Cassiani confirmaron dos nuevos positivos. Se trata de uno de los vecinos de la familia del Barrio Ravello que estuvo en contacto con uno de los hermanos del caso \u00edndice, y un Gendarme de 22 a\u00f1os que se atiende en la ciudad y cuya pareja fue hisopada en el d\u00eda de hoy y se encuentra aislada. <\/p>\n\n\n\n<figure class=\"wp-block-embed-facebook wp-block-embed is-type-video is-provider-facebook\"><div class=\"wp-block-embed__wrapper\">\n<div class=\"fb-video\" data-allowfullscreen=\"true\" data-href=\"https:\/\/www.facebook.com\/munimercedes\/videos\/183950086393694\/\" style=\"background-color: #fff; display: inline-block;\"><\/div>\n<\/div><\/figure>\n\n\n\n<p>En las redes sociales del Municipio y del Hospital pudo verse la exposici\u00f3n de las autoridades comunales que explicaron la continuidad de los controles desde el surgimiento del \u00abcaso \u00edndice\u00bb, el trabajador de Agrale, la semana pasada. <\/p>\n\n\n\n<p>\u00abDesde all\u00ed detectamos y controlamos los casos que han surgido desde dicho caso. El s\u00e1bado contamos que hab\u00eda 5 estudios pendientes de resultado, siendo todos casos estrechos. Hoy sumamos desde ese caso \u00edndice un nuevo caso m\u00e1s. Son 11 en total desde el caso mencionado. Surge de la reuni\u00f3n del 30 de mayo donde se reunieron las familias. Ya estaba detectado, en aislamiento, asintom\u00e1tico, pero dio positivo. Por este positivo, le har\u00e1n el hisopado a su hijo de 6 a\u00f1os en el d\u00eda de ma\u00f1ana\u00bb, explic\u00f3 Cassiani al explicar que la confirmaci\u00f3n del diagn\u00f3stico se dio realizar 55 estudios para detectar los asintom\u00e1ticos y evitar la distribuci\u00f3n del virus.<\/p>\n\n\n\n<p>\u00abEstamos cerrando el c\u00edrculo del foco, pero previendo que podr\u00eda surgir alg\u00fan del c\u00edrculo \u00edntimo familiar que siguen en estudio\u00bb, agreg\u00f3 el m\u00e9dico. <\/p>\n\n\n\n<p>\u00abPor fuera del foco mencionado dio para covid-19 un paciente masculino de 22 a\u00f1os miembro de las fuerzas de seguridad que desempe\u00f1a funciones en Viila Soldati y est\u00e1 internado en la Cl\u00ednica. S\u00f3lo tuvo un contacto estrecho que es su pareja que ya est\u00e1 aislada y en estudio\u00bb, destac\u00f3 Cassiani en relaci\u00f3n al Gendarme que est\u00e1 siendo atendido en el centro de salud privado.<\/p>\n\n\n\n<p>Por su parte, el Jefe Comunal explic\u00f3 que tuvieron una nueva reuni\u00f3n con habitantes del barrio Ravello \u00abdonde se decidi\u00f3 levantar la cuarentena obligatoria del barrio\u00bb. \u00abFue con una importante cantidad de vecinos. Sospech\u00e1bamos iban a aparecer muchos m\u00e1s casos que finalmente no fue as\u00ed. Logramos controlar el foco surgido desde el caso \u00edndice. El aislamiento se hizo con el an\u00e1lisis de hace un panorama caso por caso. Y as\u00ed evitar m\u00e1s consecuencias\u00bb, destac\u00f3.<\/p>\n\n\n\n<p>Por \u00faltimo, Ustarroz enfatiz\u00f3 en mantener las medidas socio sanitarias. \u00abA\u00fan nos quedan varios meses fr\u00edos. Por eso debemos extremar las medias. Estamos trabajando arduamente con el COE en much\u00edsimos barrios, casa por casa, para tener un mapa m\u00e1s preciso\u00bb, expres\u00f3 y resalt\u00f3 que extendieron los certificados sanitarios a los vecinos sobre los protocolos de covid y por eso el levantamiento de la medida.<\/p>\n\n\n\n<div class=\"wp-block-image\"><figure class=\"aligncenter size-large\"><img loading=\"lazy\" decoding=\"async\" width=\"800\" height=\"800\" data-attachment-id=\"111907\" data-permalink=\"https:\/\/www.hoymercedes.com.ar\/principal\/2020\/06\/08\/coronavirus-confirman-dos-nuevos-positivos-en-mercedes\/whatsapp-image-2020-06-08-at-21-43-30\/#main\" data-orig-file=\"https:\/\/www.hoymercedes.com.ar\/principal\/wp-content\/uploads\/2020\/06\/WhatsApp-Image-2020-06-08-at-21.43.30.jpeg\" data-orig-size=\"800,800\" data-comments-opened=\"0\" data-image-meta=\"{&quot;aperture&quot;:&quot;0&quot;,&quot;credit&quot;:&quot;&quot;,&quot;camera&quot;:&quot;&quot;,&quot;caption&quot;:&quot;&quot;,&quot;created_timestamp&quot;:&quot;0&quot;,&quot;copyright&quot;:&quot;&quot;,&quot;focal_length&quot;:&quot;0&quot;,&quot;iso&quot;:&quot;0&quot;,&quot;shutter_speed&quot;:&quot;0&quot;,&quot;title&quot;:&quot;&quot;,&quot;orientation&quot;:&quot;0&quot;}\" data-image-title=\"WhatsApp-Image-2020-06-08-at-21.43.30\" data-image-description=\"\" data-image-caption=\"\" data-large-file=\"https:\/\/www.hoymercedes.com.ar\/principal\/wp-content\/uploads\/2020\/06\/WhatsApp-Image-2020-06-08-at-21.43.30.jpeg\" src=\"https:\/\/www.hoymercedes.com.ar\/principal\/wp-content\/uploads\/2020\/06\/WhatsApp-Image-2020-06-08-at-21.43.30.jpeg\" alt=\"\" class=\"wp-image-111907\"\/><\/figure><\/div>\n","protected":false},"excerpt":{"rendered":"<p>A trav\u00e9s de una comunicaci\u00f3n en las redes sociales, nuevamente el Intendente Juan Ignacio Ustarroz y el Director del Hospital &#8230; <a title=\"Coronavirus: confirman dos nuevos positivos en Mercedes\" class=\"read-more\" href=\"https:\/\/www.hoymercedes.com.ar\/principal\/2020\/06\/08\/coronavirus-confirman-dos-nuevos-positivos-en-mercedes\/\" aria-label=\"Leer m\u00e1s sobre Coronavirus: confirman dos nuevos positivos en Mercedes\">Leer m\u00e1s<\/a><\/p>\n","protected":false},"author":1,"featured_media":111899,"comment_status":"closed","ping_status":"open","sticky":false,"template":"","format":"standard","meta":{"_monsterinsights_skip_tracking":false,"_monsterinsights_sitenote_active":false,"_monsterinsights_sitenote_note":"","_monsterinsights_sitenote_category":0,"jetpack_post_was_ever_published":false,"_jetpack_newsletter_access":"","_jetpack_dont_email_post_to_subs":false,"_jetpack_newsletter_tier_id":0,"_jetpack_memberships_contains_paywalled_content":false,"_jetpack_memberships_contains_paid_content":false,"footnotes":"","jetpack_publicize_message":"","jetpack_publicize_feature_enabled":true,"jetpack_social_post_already_shared":true,"jetpack_social_options":{"image_generator_settings":{"template":"highway","default_image_id":0,"font":"","enabled":false},"version":2},"_wpas_customize_per_network":false},"categories":[30],"tags":[16517,16428,16175,16313,16446,244],"class_list":["post-111897","post","type-post","status-publish","format-standard","has-post-thumbnail","hentry","category-municipio","tag-casos-en-estudio","tag-casos-positivos","tag-coronavirus","tag-covid-19","tag-hospital-blas-l-dubarry-2","tag-municipio-2","generate-columns","tablet-grid-50","mobile-grid-100","grid-parent","grid-50"],"jetpack_publicize_connections":[],"jetpack_featured_media_url":"https:\/\/www.hoymercedes.com.ar\/principal\/wp-content\/uploads\/2020\/06\/08-muni-inform-covid.jpeg","wps_subtitle":"Seguir\u00e1n hisopando contactos estrechos","jetpack_sharing_enabled":true,"_links":{"self":[{"href":"https:\/\/www.hoymercedes.com.ar\/principal\/wp-json\/wp\/v2\/posts\/111897","targetHints":{"allow":["GET"]}}],"collection":[{"href":"https:\/\/www.hoymercedes.com.ar\/principal\/wp-json\/wp\/v2\/posts"}],"about":[{"href":"https:\/\/www.hoymercedes.com.ar\/principal\/wp-json\/wp\/v2\/types\/post"}],"author":[{"embeddable":true,"href":"https:\/\/www.hoymercedes.com.ar\/principal\/wp-json\/wp\/v2\/users\/1"}],"replies":[{"embeddable":true,"href":"https:\/\/www.hoymercedes.com.ar\/principal\/wp-json\/wp\/v2\/comments?post=111897"}],"version-history":[{"count":0,"href":"https:\/\/www.hoymercedes.com.ar\/principal\/wp-json\/wp\/v2\/posts\/111897\/revisions"}],"wp:featuredmedia":[{"embeddable":true,"href":"https:\/\/www.hoymercedes.com.ar\/principal\/wp-json\/wp\/v2\/media\/111899"}],"wp:attachment":[{"href":"https:\/\/www.hoymercedes.com.ar\/principal\/wp-json\/wp\/v2\/media?parent=111897"}],"wp:term":[{"taxonomy":"category","embeddable":true,"href":"https:\/\/www.hoymercedes.com.ar\/principal\/wp-json\/wp\/v2\/categories?post=111897"},{"taxonomy":"post_tag","embeddable":true,"href":"https:\/\/www.hoymercedes.com.ar\/principal\/wp-json\/wp\/v2\/tags?post=111897"}],"curies":[{"name":"wp","href":"https:\/\/api.w.org\/{rel}","templated":true}]}}