{"id":111906,"date":"2020-06-08T22:57:57","date_gmt":"2020-06-09T01:57:57","guid":{"rendered":"http:\/\/www.hoymercedes.com.ar\/principal\/?p=111906"},"modified":"2020-06-09T19:42:56","modified_gmt":"2020-06-09T22:42:56","slug":"coronavirus-san-andres-de-giles-confirmo-un-caso-positivo","status":"publish","type":"post","link":"https:\/\/www.hoymercedes.com.ar\/principal\/2020\/06\/08\/coronavirus-san-andres-de-giles-confirmo-un-caso-positivo\/","title":{"rendered":"Coronavirus: San Andr\u00e9s de Giles confirm\u00f3 un caso positivo"},"content":{"rendered":"\n<p><strong><em>A trav\u00e9s de una conferencia de prensa, el Municipio de San Andr\u00e9s de Giles confirm\u00f3 el positivo de un vecino de 58 a\u00f1os que es empleado municipal. En la regi\u00f3n siguen sum\u00e1ndose casos: Jun\u00edn confirm\u00f3 un positivo entre los contactos estrechos del verdulero confirmado d\u00edas atr\u00e1s y en Baradero falleci\u00f3 un paciente con coronavirus. <\/em><\/strong><\/p>\n\n\n\n<hr class=\"wp-block-separator has-text-color has-background has-vivid-cyan-blue-background-color has-vivid-cyan-blue-color\"\/>\n\n\n\n<p>En conferencia de prensa el Intendente\u00a0Carlos Puglelli;\u00a0el Secretario de Salud, Diego Schiaffino y el Director del Hospital\u00a0Fernando Romero\u00a0confirmaron un nuevo caso positivo de COVID-19 en San Andr\u00e9s de Giles. Se trata del hombre de 58 a\u00f1os hisopado el s\u00e1bado, es empleado de Servicios Sanitarios de la Municipalidad y tambi\u00e9n comerciante. El \u00faltimo d\u00eda que trabaj\u00f3 fue el 27 de mayo.<\/p>\n\n\n\n<p>Diego Schiafino explic\u00f3 que el paciente fue operado por un cuadro de peritonitis.&nbsp;\u201cEl 28 estuvo internado tres d\u00edas por ese cuadro quir\u00fargico, fue dado de alta el 30 y el d\u00eda jueves concurri\u00f3&nbsp; nuevamente por complicaciones con la cirug\u00eda y evolucion\u00f3, pero cuando se detect\u00f3 un cuadro compatible con neumon\u00eda, se le hizo una tomograf\u00eda, pas\u00f3 a terapia intensiva con deterioro del estado general y como dicen las normas todo paciente que comienza con un cuadro respiratorio grave debe ser hisopado\u201d.<\/p>\n\n\n\n<p>La muestra fue tomada el s\u00e1bado y se remiti\u00f3 el d\u00eda domingo. Hoy por la tarde cerca de las 19 horas se comunicaron con el Secretario de Salud local para confirmarle el positivo de este paciente y el negativo del hombre de 93 a\u00f1os que tambi\u00e9n hab\u00eda sido hisopado.<\/p>\n\n\n\n<p>Respecto a los contactos estrechos y posibles contagiados, las autoridades afirmaron que&nbsp;\u201chisopar\u00e1n a quien lo amerite para ver cu\u00e1ntos casos positivos puede haber. Esperamos encontrar el origen. Vamos a reforzar cada una de las medidas para buscar donde pudo haberse contagiado\u201d. Mientras tanto, su c\u00edrculo familiar y compa\u00f1eros de trabajo est\u00e1n en aislamiento estricto, hasta ahora sin presentar s\u00edntomas.<\/p>\n\n\n\n<p>Carlos Puglelli asegur\u00f3 que tendr\u00e1n m\u00e1s novedades ma\u00f1ana sobre las medidas que tomar\u00e1n. Respecto a la cuarentena y su flexibilizaci\u00f3n asegur\u00f3 que&nbsp;\u201cdespu\u00e9s de este primer caso hay que analizar seg\u00fan la normativa provincial como sigue todo\u201d.<\/p>\n\n\n\n<p>Sobre la situaci\u00f3n de los profesionales de la salud del Hospital, Schiaffino aseguro que &nbsp;si tomaron todos los recaudos de seguridad no hay riesgo.&nbsp;\u201cUno asume que esa persona no deber\u00eda hisoparse, pero si alguno del personal de salud no cumpli\u00f3 con las normas de seguridad, si corresponde se hisopar\u00e1 a esa persona. Eso no significa que hay que hisopar a toda la poblaci\u00f3n, sino buscar con criterio\u201d.<\/p>\n\n\n\n<p>Las autoridades sanitarias aseguraron que&nbsp;\u201cahora lo importante es saber si se contagio en Giles o por estar en contacto con alguien que viaj\u00f3\u201d. Adem\u00e1s, Schiaffino agreg\u00f3:\u201csabemos que viaj\u00f3 pero no dentro de los 14 d\u00edas, \u00e9l despu\u00e9s del post operatorio de su peritonitis por lo que nos dicen no viaj\u00f3 a ning\u00fan lado. Estamos averiguando si los contactos que trabajan con \u00e9l han viajado a alguna zona de circulaci\u00f3n del virus\u201d.<\/p>\n\n\n\n<p>Por su parte, el intendente pidi\u00f3 extremar las medidas personales de cuidados.&nbsp;\u201cLas reuniones con amigos es imposible de controlar, tenemos que tomar conciencia sino nada va a ser suficiente, no hay un polic\u00eda para que controle a cada uno en su actividad diaria, por eso es importante la responsabilidad\u201d. Adem\u00e1s afirmo que, tomando como referencia otras localidades,&nbsp;\u201cla mayor\u00eda de &nbsp;contagios se dan en este tipo de eventos que est\u00e1n por fuera de cualquier control que puede hacer el estado\u201d.<\/p>\n\n\n\n<p>Adem\u00e1s de confirmarse este caso positivo, hay dos en an\u00e1lisis en la actualidad. Uno se trata de un empleado del Hospital San Andr\u00e9s de 48 a\u00f1os (no es parte del staff m\u00e9dico) y una adulta mayor de 63 a\u00f1os residente del Hogar Geri\u00e1trico Nra. Sra. de Luj\u00e1n.<\/p>\n\n\n\n<p>Conferencia de prensa en San Andr\u00e9s de Giles. Informa InfoCiudad<\/p>\n\n\n\n<figure class=\"wp-block-embed-facebook wp-block-embed is-type-video is-provider-facebook\"><div class=\"wp-block-embed__wrapper\">\n<div class=\"fb-video\" data-allowfullscreen=\"true\" data-href=\"https:\/\/www.facebook.com\/infociudadsag\/videos\/181210813316624\/\" style=\"background-color: #fff; display: inline-block;\"><\/div>\n<\/div><\/figure>\n\n\n\n<p>En la regi\u00f3n, cabe destacar la informaci\u00f3n que llega de Jun\u00edn, en donde se confirm\u00f3 el resultado positivo del empleado del primer caso, un verdulero. Ambos hab\u00eda viajado al Mercado Central.  Se trata de un joven de 18 a\u00f1os. <\/p>\n\n\n\n<p>Por su parte, el Municipio de Baradero confirm\u00f3 el primer fallecimiento por coronavirus COVID-19 en dicha ciudad. \u00abSolicitamos aguardar el informe oficial ya que la prioridad en este momento es la contenci\u00f3n de la familia y la responsabilidad para cumplir con todos los protocolos establecidos. Pedimos a todos tener el m\u00e1ximo respeto hacia su entorno. Como todos los d\u00edas, se realizar\u00e1 el reporte de salud diario informando a la comunidad. En esta dif\u00edcil situaci\u00f3n, debemos estar unidos\u00bb, expresan. <\/p>\n\n\n\n<p><strong>Informe nacional<\/strong><\/p>\n\n\n\n<p>En la comunicaci\u00f3n enviada por el Ministerio de Salud de Naci\u00f3n, hoy se confirmaron 826 nuevos casos de COVID-19. En el detalle, se inform\u00f3: Buenos Aires (344); Ciudad de Buenos Aires (420); Chaco (45); Chubut (1); C\u00f3rdoba (1); Entre R\u00edos (2); Mendoza (1); Misiones (1); y R\u00edo Negro (11). Con estos registros, suman 23.620 positivos en el pa\u00eds.<\/p>\n\n\n\n<p>Asimismo, confirmaron que fallecieron 29 personas en las \u00faltimas 24 horas con covid-19. Las primeras seis se comunicaron a la ma\u00f1ana. Cuatro mujeres, de 90, 96, 89 y 58 a\u00f1os, residentes en la provincia de Buenos Aires; y dos hombres, uno de 71 a\u00f1os, residente en la Ciudad de Buenos Aires (CABA); y uno de 59 a\u00f1os, residente en la provincia de Buenos Aires. Mientras que a la noche confirmaron la mayor\u00eda de los fallecimientos. Catorce hombres, ocho de 78, 40, 77, 42, 77, 74, 77 y 74 a\u00f1os, residentes en la provincia de Buenos Aires; tres de 86, 66 y 62 a\u00f1os, residentes en la Ciudad de Buenos Aires (CABA); uno de 58 a\u00f1os, residente en la provincia de Chaco; uno* residente en la provincia de Tucum\u00e1n; uno de 58 a\u00f1os, residente en la provincia de R\u00edo Negro; y nueve mujeres, tres de 62, 77 y 80 a\u00f1os, residentes en la provincia de Buenos Aires; y cinco de 76, 77, 86, 76 y 88 a\u00f1os, residentes en la ciudad de Buenos Aires (CABA); y una de 82 a\u00f1os, residente en la provincia de R\u00edo Negro. Al momento la cantidad de personas fallecidas es 693.<\/p>\n\n\n\n<p><\/p>\n","protected":false},"excerpt":{"rendered":"<p>A trav\u00e9s de una conferencia de prensa, el Municipio de San Andr\u00e9s de Giles confirm\u00f3 el positivo de un vecino &#8230; <a title=\"Coronavirus: San Andr\u00e9s de Giles confirm\u00f3 un caso positivo\" class=\"read-more\" href=\"https:\/\/www.hoymercedes.com.ar\/principal\/2020\/06\/08\/coronavirus-san-andres-de-giles-confirmo-un-caso-positivo\/\" aria-label=\"Leer m\u00e1s sobre Coronavirus: San Andr\u00e9s de Giles confirm\u00f3 un caso positivo\">Leer m\u00e1s<\/a><\/p>\n","protected":false},"author":1,"featured_media":111912,"comment_status":"closed","ping_status":"open","sticky":false,"template":"","format":"standard","meta":{"_monsterinsights_skip_tracking":false,"_monsterinsights_sitenote_active":false,"_monsterinsights_sitenote_note":"","_monsterinsights_sitenote_category":0,"jetpack_post_was_ever_published":false,"_jetpack_newsletter_access":"","_jetpack_dont_email_post_to_subs":false,"_jetpack_newsletter_tier_id":0,"_jetpack_memberships_contains_paywalled_content":false,"_jetpack_memberships_contains_paid_content":false,"footnotes":"","jetpack_publicize_message":"","jetpack_publicize_feature_enabled":true,"jetpack_social_post_already_shared":true,"jetpack_social_options":{"image_generator_settings":{"template":"highway","default_image_id":0,"font":"","enabled":false},"version":2},"_wpas_customize_per_network":false},"categories":[8],"tags":[16646,16175,16313,2123],"class_list":["post-111906","post","type-post","status-publish","format-standard","has-post-thumbnail","hentry","category-sociedad","tag-caso-positivo","tag-coronavirus","tag-covid-19","tag-san-andres-de-giles","generate-columns","tablet-grid-50","mobile-grid-100","grid-parent","grid-50"],"jetpack_publicize_connections":[],"jetpack_featured_media_url":"https:\/\/www.hoymercedes.com.ar\/principal\/wp-content\/uploads\/2020\/06\/08-giles-positivo.jpeg","wps_subtitle":"Informe regional","jetpack_sharing_enabled":true,"_links":{"self":[{"href":"https:\/\/www.hoymercedes.com.ar\/principal\/wp-json\/wp\/v2\/posts\/111906","targetHints":{"allow":["GET"]}}],"collection":[{"href":"https:\/\/www.hoymercedes.com.ar\/principal\/wp-json\/wp\/v2\/posts"}],"about":[{"href":"https:\/\/www.hoymercedes.com.ar\/principal\/wp-json\/wp\/v2\/types\/post"}],"author":[{"embeddable":true,"href":"https:\/\/www.hoymercedes.com.ar\/principal\/wp-json\/wp\/v2\/users\/1"}],"replies":[{"embeddable":true,"href":"https:\/\/www.hoymercedes.com.ar\/principal\/wp-json\/wp\/v2\/comments?post=111906"}],"version-history":[{"count":0,"href":"https:\/\/www.hoymercedes.com.ar\/principal\/wp-json\/wp\/v2\/posts\/111906\/revisions"}],"wp:featuredmedia":[{"embeddable":true,"href":"https:\/\/www.hoymercedes.com.ar\/principal\/wp-json\/wp\/v2\/media\/111912"}],"wp:attachment":[{"href":"https:\/\/www.hoymercedes.com.ar\/principal\/wp-json\/wp\/v2\/media?parent=111906"}],"wp:term":[{"taxonomy":"category","embeddable":true,"href":"https:\/\/www.hoymercedes.com.ar\/principal\/wp-json\/wp\/v2\/categories?post=111906"},{"taxonomy":"post_tag","embeddable":true,"href":"https:\/\/www.hoymercedes.com.ar\/principal\/wp-json\/wp\/v2\/tags?post=111906"}],"curies":[{"name":"wp","href":"https:\/\/api.w.org\/{rel}","templated":true}]}}