{"id":111926,"date":"2020-06-09T11:36:21","date_gmt":"2020-06-09T14:36:21","guid":{"rendered":"http:\/\/www.hoymercedes.com.ar\/principal\/?p=111926"},"modified":"2020-06-09T11:38:55","modified_gmt":"2020-06-09T14:38:55","slug":"los-concejales-realizaron-una-nueva-sesion-ordinaria","status":"publish","type":"post","link":"https:\/\/www.hoymercedes.com.ar\/principal\/2020\/06\/09\/los-concejales-realizaron-una-nueva-sesion-ordinaria\/","title":{"rendered":"Los concejales realizaron una nueva sesi\u00f3n ordinaria"},"content":{"rendered":"\n<p>En la tarde-noche del lunes, el Concejo Deliberante de Mercedes realiz\u00f3 una nueva sesi\u00f3n ordinaria, presencial para los legisladores pero sin p\u00fablico ni medios de comunicaci\u00f3n m\u00e1s all\u00e1 de los que tomaban las im\u00e1genes que transmitieron la reuni\u00f3n en vivo desde las redes del HCD. <\/p>\n\n\n\n<p>En la sesi\u00f3n que dur\u00f3 poco m\u00e1s de una hora y media, trabajaron algunos proyectos presentados con anterioridad que m\u00e1s all\u00e1 del pase a comisi\u00f3n para analizarlos de manera m\u00e1s profunda por los concejales, derivaron en peque\u00f1os debates pol\u00edticos partidarios, tal es el caso del os proyectos relacionados con el sistema educativo y los fondos para esta \u00e1rea. <\/p>\n\n\n\n<p>Compartimos la transmisi\u00f3n de la sesi\u00f3n ordinaria del lunes 8 de junio de 2020.<\/p>\n\n\n\n<figure class=\"wp-block-embed-facebook wp-block-embed is-type-video is-provider-facebook\"><div class=\"wp-block-embed__wrapper\">\n<div class=\"fb-video\" data-allowfullscreen=\"true\" data-href=\"https:\/\/www.facebook.com\/hcd.mercedes\/videos\/251585789603057\/\" style=\"background-color: #fff; display: inline-block;\"><\/div>\n<\/div><\/figure>\n","protected":false},"excerpt":{"rendered":"<p>En la tarde-noche del lunes, el Concejo Deliberante de Mercedes realiz\u00f3 una nueva sesi\u00f3n ordinaria, presencial para los legisladores pero &#8230; <a title=\"Los concejales realizaron una nueva sesi\u00f3n ordinaria\" class=\"read-more\" href=\"https:\/\/www.hoymercedes.com.ar\/principal\/2020\/06\/09\/los-concejales-realizaron-una-nueva-sesion-ordinaria\/\" aria-label=\"Leer m\u00e1s sobre Los concejales realizaron una nueva sesi\u00f3n ordinaria\">Leer m\u00e1s<\/a><\/p>\n","protected":false},"author":1,"featured_media":111921,"comment_status":"closed","ping_status":"open","sticky":false,"template":"","format":"standard","meta":{"_monsterinsights_skip_tracking":false,"_monsterinsights_sitenote_active":false,"_monsterinsights_sitenote_note":"","_monsterinsights_sitenote_category":0,"jetpack_post_was_ever_published":false,"_jetpack_newsletter_access":"","_jetpack_dont_email_post_to_subs":false,"_jetpack_newsletter_tier_id":0,"_jetpack_memberships_contains_paywalled_content":false,"_jetpack_memberships_contains_paid_content":false,"footnotes":"","jetpack_publicize_message":"","jetpack_publicize_feature_enabled":true,"jetpack_social_post_already_shared":true,"jetpack_social_options":{"image_generator_settings":{"template":"highway","default_image_id":0,"font":"","enabled":false},"version":2},"_wpas_customize_per_network":false},"categories":[5],"tags":[15,5319,8969,9770],"class_list":["post-111926","post","type-post","status-publish","format-standard","has-post-thumbnail","hentry","category-politica","tag-hcd","tag-politica-2","tag-sesion-ordinaria","tag-video","generate-columns","tablet-grid-50","mobile-grid-100","grid-parent","grid-50"],"jetpack_publicize_connections":[],"jetpack_featured_media_url":"https:\/\/www.hoymercedes.com.ar\/principal\/wp-content\/uploads\/2020\/06\/09-sesion-hcd.jpeg","wps_subtitle":"Durante la tarde del lunes","jetpack_sharing_enabled":true,"_links":{"self":[{"href":"https:\/\/www.hoymercedes.com.ar\/principal\/wp-json\/wp\/v2\/posts\/111926","targetHints":{"allow":["GET"]}}],"collection":[{"href":"https:\/\/www.hoymercedes.com.ar\/principal\/wp-json\/wp\/v2\/posts"}],"about":[{"href":"https:\/\/www.hoymercedes.com.ar\/principal\/wp-json\/wp\/v2\/types\/post"}],"author":[{"embeddable":true,"href":"https:\/\/www.hoymercedes.com.ar\/principal\/wp-json\/wp\/v2\/users\/1"}],"replies":[{"embeddable":true,"href":"https:\/\/www.hoymercedes.com.ar\/principal\/wp-json\/wp\/v2\/comments?post=111926"}],"version-history":[{"count":0,"href":"https:\/\/www.hoymercedes.com.ar\/principal\/wp-json\/wp\/v2\/posts\/111926\/revisions"}],"wp:featuredmedia":[{"embeddable":true,"href":"https:\/\/www.hoymercedes.com.ar\/principal\/wp-json\/wp\/v2\/media\/111921"}],"wp:attachment":[{"href":"https:\/\/www.hoymercedes.com.ar\/principal\/wp-json\/wp\/v2\/media?parent=111926"}],"wp:term":[{"taxonomy":"category","embeddable":true,"href":"https:\/\/www.hoymercedes.com.ar\/principal\/wp-json\/wp\/v2\/categories?post=111926"},{"taxonomy":"post_tag","embeddable":true,"href":"https:\/\/www.hoymercedes.com.ar\/principal\/wp-json\/wp\/v2\/tags?post=111926"}],"curies":[{"name":"wp","href":"https:\/\/api.w.org\/{rel}","templated":true}]}}