{"id":111931,"date":"2020-06-09T13:00:00","date_gmt":"2020-06-09T16:00:00","guid":{"rendered":"http:\/\/www.hoymercedes.com.ar\/principal\/?p=111931"},"modified":"2020-06-09T13:08:11","modified_gmt":"2020-06-09T16:08:11","slug":"anses-habilita-consulta-de-fechas-de-pagos-del-atp","status":"publish","type":"post","link":"https:\/\/www.hoymercedes.com.ar\/principal\/2020\/06\/09\/anses-habilita-consulta-de-fechas-de-pagos-del-atp\/","title":{"rendered":"ANSES habilita consulta de fechas de pagos del ATP"},"content":{"rendered":"\n<p>En el sitio web de la ANSES se encuentra habilitada la opci\u00f3n de consulta del programa de Asistencia de Emergencia al Trabajo y la Producci\u00f3n (ATP) de la Administraci\u00f3n Federal de Ingresos P\u00fablicos (AFIP). Los interesados que sepan que sus empleadores se sumaron a esta ayuda, deben ingresar en\u00a0<a rel=\"noreferrer noopener\" target=\"_blank\" href=\"http:\/\/www.anses.gob.ar\/\">www.anses.gob.ar<\/a>, secci\u00f3n\u00a0<em>Accesos r\u00e1pidos<\/em>, colocar su n\u00famero de CUIL y el sistema les confirmar\u00e1 la fecha de acreditaci\u00f3n.<\/p>\n\n\n\n<p>El Programa&nbsp;ATP brinda una asignaci\u00f3n compensatoria al salario&nbsp;que es abonada por la ANSES&nbsp;para todos los trabajadores en relaci\u00f3n de dependencia de empresas del sector privado que cumplan con los requisitos para contar con los beneficios.<\/p>\n\n\n\n<p>La asignaci\u00f3n ser\u00e1 del 50% del salario neto de febrero de 2020 y no podr\u00e1 ser inferior a un Salario M\u00ednimo, Vital y M\u00f3vil ($16.875), ni superar dos Salarios M\u00ednimos, Vitales y M\u00f3viles ($33.750) ni al total del salario neto de ese mes.<\/p>\n","protected":false},"excerpt":{"rendered":"<p>En el sitio web de la ANSES se encuentra habilitada la opci\u00f3n de consulta del programa de Asistencia de Emergencia &#8230; <a title=\"ANSES habilita consulta de fechas de pagos del ATP\" class=\"read-more\" href=\"https:\/\/www.hoymercedes.com.ar\/principal\/2020\/06\/09\/anses-habilita-consulta-de-fechas-de-pagos-del-atp\/\" aria-label=\"Leer m\u00e1s sobre ANSES habilita consulta de fechas de pagos del ATP\">Leer m\u00e1s<\/a><\/p>\n","protected":false},"author":1,"featured_media":73507,"comment_status":"closed","ping_status":"open","sticky":false,"template":"","format":"standard","meta":{"_monsterinsights_skip_tracking":false,"_monsterinsights_sitenote_active":false,"_monsterinsights_sitenote_note":"","_monsterinsights_sitenote_category":0,"jetpack_post_was_ever_published":false,"_jetpack_newsletter_access":"","_jetpack_dont_email_post_to_subs":false,"_jetpack_newsletter_tier_id":0,"_jetpack_memberships_contains_paywalled_content":false,"_jetpack_memberships_contains_paid_content":false,"footnotes":"","jetpack_publicize_message":"","jetpack_publicize_feature_enabled":true,"jetpack_social_post_already_shared":false,"jetpack_social_options":{"image_generator_settings":{"template":"highway","default_image_id":0,"font":"","enabled":false},"version":2},"_wpas_customize_per_network":false},"categories":[8],"tags":[4,10595,10859],"class_list":["post-111931","post","type-post","status-publish","format-standard","has-post-thumbnail","hentry","category-sociedad","tag-anses","tag-atp","tag-pagos","generate-columns","tablet-grid-50","mobile-grid-100","grid-parent","grid-50"],"jetpack_publicize_connections":[],"jetpack_featured_media_url":"https:\/\/www.hoymercedes.com.ar\/principal\/wp-content\/uploads\/2018\/03\/15-anses-logo.jpg","wps_subtitle":"Informaci\u00f3n oficial","jetpack_sharing_enabled":true,"_links":{"self":[{"href":"https:\/\/www.hoymercedes.com.ar\/principal\/wp-json\/wp\/v2\/posts\/111931","targetHints":{"allow":["GET"]}}],"collection":[{"href":"https:\/\/www.hoymercedes.com.ar\/principal\/wp-json\/wp\/v2\/posts"}],"about":[{"href":"https:\/\/www.hoymercedes.com.ar\/principal\/wp-json\/wp\/v2\/types\/post"}],"author":[{"embeddable":true,"href":"https:\/\/www.hoymercedes.com.ar\/principal\/wp-json\/wp\/v2\/users\/1"}],"replies":[{"embeddable":true,"href":"https:\/\/www.hoymercedes.com.ar\/principal\/wp-json\/wp\/v2\/comments?post=111931"}],"version-history":[{"count":0,"href":"https:\/\/www.hoymercedes.com.ar\/principal\/wp-json\/wp\/v2\/posts\/111931\/revisions"}],"wp:featuredmedia":[{"embeddable":true,"href":"https:\/\/www.hoymercedes.com.ar\/principal\/wp-json\/wp\/v2\/media\/73507"}],"wp:attachment":[{"href":"https:\/\/www.hoymercedes.com.ar\/principal\/wp-json\/wp\/v2\/media?parent=111931"}],"wp:term":[{"taxonomy":"category","embeddable":true,"href":"https:\/\/www.hoymercedes.com.ar\/principal\/wp-json\/wp\/v2\/categories?post=111931"},{"taxonomy":"post_tag","embeddable":true,"href":"https:\/\/www.hoymercedes.com.ar\/principal\/wp-json\/wp\/v2\/tags?post=111931"}],"curies":[{"name":"wp","href":"https:\/\/api.w.org\/{rel}","templated":true}]}}