{"id":111942,"date":"2020-06-09T15:00:00","date_gmt":"2020-06-09T18:00:00","guid":{"rendered":"http:\/\/www.hoymercedes.com.ar\/principal\/?p=111942"},"modified":"2020-06-09T14:37:08","modified_gmt":"2020-06-09T17:37:08","slug":"operativo-de-relevamiento-en-el-barrio-facundo-quiroga","status":"publish","type":"post","link":"https:\/\/www.hoymercedes.com.ar\/principal\/2020\/06\/09\/operativo-de-relevamiento-en-el-barrio-facundo-quiroga\/","title":{"rendered":"Operativo de relevamiento en el barrio Facundo Quiroga"},"content":{"rendered":"\n<p>Durante la jornada de este lunes se llev\u00f3 a cabo una nueva actuaci\u00f3n del Comit\u00e9 Operativo de Emergencia barrial. En esta ocasi\u00f3n fue en Facundo Quiroga. Se concret\u00f3 con agentes de acci\u00f3n socio sanitaria con el objetivo de continuar trabajando en la prevenci\u00f3n y control de covid-19 en la ciudad. Son m\u00e1s de 10 barrios en los que ya se ha desplegado la actividad. <\/p>\n\n\n\n<div class=\"wp-block-image\"><figure class=\"aligncenter size-large\"><img loading=\"lazy\" decoding=\"async\" width=\"800\" height=\"533\" data-attachment-id=\"111919\" data-permalink=\"https:\/\/www.hoymercedes.com.ar\/principal\/2020\/06\/09\/levantan-la-cuarentena-estricta-en-el-barrios-ravello\/09-f-quiroga\/#main\" data-orig-file=\"https:\/\/www.hoymercedes.com.ar\/principal\/wp-content\/uploads\/2020\/06\/09-f-quiroga.jpeg\" data-orig-size=\"800,533\" data-comments-opened=\"0\" data-image-meta=\"{&quot;aperture&quot;:&quot;0&quot;,&quot;credit&quot;:&quot;&quot;,&quot;camera&quot;:&quot;&quot;,&quot;caption&quot;:&quot;&quot;,&quot;created_timestamp&quot;:&quot;0&quot;,&quot;copyright&quot;:&quot;&quot;,&quot;focal_length&quot;:&quot;0&quot;,&quot;iso&quot;:&quot;0&quot;,&quot;shutter_speed&quot;:&quot;0&quot;,&quot;title&quot;:&quot;&quot;,&quot;orientation&quot;:&quot;0&quot;}\" data-image-title=\"09 f quiroga\" data-image-description=\"\" data-image-caption=\"\" data-large-file=\"https:\/\/www.hoymercedes.com.ar\/principal\/wp-content\/uploads\/2020\/06\/09-f-quiroga.jpeg\" src=\"https:\/\/www.hoymercedes.com.ar\/principal\/wp-content\/uploads\/2020\/06\/09-f-quiroga.jpeg\" alt=\"\" class=\"wp-image-111919\"\/><\/figure><\/div>\n\n\n\n<p>Los denominados COE permiten generar un dispositivo de acercamiento a los vecinos, teniendo todas las medidas de seguridad, entrevistando a cada vecino y de esa manera saber la situaci\u00f3n de cada domicilio, las necesidades, las prevenciones, los controles, si hay adultos mayores, requerimientos de salud, y todo lo que sea inherente al cuidado de los vecinos y vecinos.<\/p>\n\n\n\n<p>\u201cSeguimos trabajando cada d\u00eda con el objetivo de estar organizados, prevenir, controlar y continuar tomando consciencia de lo peligroso que es el coronavirus quedando cada d\u00eda m\u00e1s claro lo importante de extremar las medidas de protecci\u00f3n\u201d coment\u00f3 el jefe comunal Juan Ignacio Ustarroz y sostuvo que \u201csin duda una comunidad organizada y solidaria es la mejor manera de combatir esta pandemia\u201d.<\/p>\n\n\n\n<p>Fuente: Prensa Municipal<\/p>\n","protected":false},"excerpt":{"rendered":"<p>Durante la jornada de este lunes se llev\u00f3 a cabo una nueva actuaci\u00f3n del Comit\u00e9 Operativo de Emergencia barrial. En &#8230; <a title=\"Operativo de relevamiento en el barrio Facundo Quiroga\" class=\"read-more\" href=\"https:\/\/www.hoymercedes.com.ar\/principal\/2020\/06\/09\/operativo-de-relevamiento-en-el-barrio-facundo-quiroga\/\" aria-label=\"Leer m\u00e1s sobre Operativo de relevamiento en el barrio Facundo Quiroga\">Leer m\u00e1s<\/a><\/p>\n","protected":false},"author":1,"featured_media":111919,"comment_status":"closed","ping_status":"open","sticky":false,"template":"","format":"standard","meta":{"_monsterinsights_skip_tracking":false,"_monsterinsights_sitenote_active":false,"_monsterinsights_sitenote_note":"","_monsterinsights_sitenote_category":0,"jetpack_post_was_ever_published":false,"_jetpack_newsletter_access":"","_jetpack_dont_email_post_to_subs":false,"_jetpack_newsletter_tier_id":0,"_jetpack_memberships_contains_paywalled_content":false,"_jetpack_memberships_contains_paid_content":false,"footnotes":"","jetpack_publicize_message":"","jetpack_publicize_feature_enabled":true,"jetpack_social_post_already_shared":true,"jetpack_social_options":{"image_generator_settings":{"template":"highway","default_image_id":0,"font":"","enabled":false},"version":2},"_wpas_customize_per_network":false},"categories":[30],"tags":[6803,244,8848],"class_list":["post-111942","post","type-post","status-publish","format-standard","has-post-thumbnail","hentry","category-municipio","tag-facundo-quiroga","tag-municipio-2","tag-operativo","generate-columns","tablet-grid-50","mobile-grid-100","grid-parent","grid-50"],"jetpack_publicize_connections":[],"jetpack_featured_media_url":"https:\/\/www.hoymercedes.com.ar\/principal\/wp-content\/uploads\/2020\/06\/09-f-quiroga.jpeg","wps_subtitle":"","jetpack_sharing_enabled":true,"_links":{"self":[{"href":"https:\/\/www.hoymercedes.com.ar\/principal\/wp-json\/wp\/v2\/posts\/111942","targetHints":{"allow":["GET"]}}],"collection":[{"href":"https:\/\/www.hoymercedes.com.ar\/principal\/wp-json\/wp\/v2\/posts"}],"about":[{"href":"https:\/\/www.hoymercedes.com.ar\/principal\/wp-json\/wp\/v2\/types\/post"}],"author":[{"embeddable":true,"href":"https:\/\/www.hoymercedes.com.ar\/principal\/wp-json\/wp\/v2\/users\/1"}],"replies":[{"embeddable":true,"href":"https:\/\/www.hoymercedes.com.ar\/principal\/wp-json\/wp\/v2\/comments?post=111942"}],"version-history":[{"count":0,"href":"https:\/\/www.hoymercedes.com.ar\/principal\/wp-json\/wp\/v2\/posts\/111942\/revisions"}],"wp:featuredmedia":[{"embeddable":true,"href":"https:\/\/www.hoymercedes.com.ar\/principal\/wp-json\/wp\/v2\/media\/111919"}],"wp:attachment":[{"href":"https:\/\/www.hoymercedes.com.ar\/principal\/wp-json\/wp\/v2\/media?parent=111942"}],"wp:term":[{"taxonomy":"category","embeddable":true,"href":"https:\/\/www.hoymercedes.com.ar\/principal\/wp-json\/wp\/v2\/categories?post=111942"},{"taxonomy":"post_tag","embeddable":true,"href":"https:\/\/www.hoymercedes.com.ar\/principal\/wp-json\/wp\/v2\/tags?post=111942"}],"curies":[{"name":"wp","href":"https:\/\/api.w.org\/{rel}","templated":true}]}}