{"id":111949,"date":"2020-06-09T17:00:00","date_gmt":"2020-06-09T20:00:00","guid":{"rendered":"http:\/\/www.hoymercedes.com.ar\/principal\/?p=111949"},"modified":"2020-06-09T19:46:21","modified_gmt":"2020-06-09T22:46:21","slug":"suteba-multicolor-propone-apagon-y-paro-virtual-a-la-tarea-docente","status":"publish","type":"post","link":"https:\/\/www.hoymercedes.com.ar\/principal\/2020\/06\/09\/suteba-multicolor-propone-apagon-y-paro-virtual-a-la-tarea-docente\/","title":{"rendered":"SUTEBA Multicolor propone \u00abapag\u00f3n y paro virtual\u00bb a la tarea docente"},"content":{"rendered":"\n<p>La l\u00ednea opositora a la dirigencia del gremio SUTEBA, que encabeza algunas de las seccionales del partido de Buenos Aires, convocan a los docentes a realizar \u00abun paro virtual\u00bb para el viernes 12 de junio. La propuesta es que ese d\u00eda los docentes no dediquen sus conexiones particulares al uso educativo y en modo de reclamo por el incumplimiento del gobierno provincial en la designaci\u00f3n de docentes por actos p\u00fablicos, el acceso gratuito a la conectividad para estudiantes y docentes, y en defensa de IOMA e IPS, entre otros puntos comunicados p\u00fablicamente. <\/p>\n\n\n\n<p>Comunicaci\u00f3n de la Multicolor: <\/p>\n\n\n\n<p>\u00abLos Consejos Ejecutivos de las Seccionales de SUTEBA de La Matanza, Marcos Paz, Bah\u00eda Blanca, Tigre, Escobar, Madariaga y Ensenada, en coordinaci\u00f3n provincial con la presencia de activistas y delegadxs de la Multicolor de 29 distritos convocan el pr\u00f3ximo viernes 12 de junio a un apag\u00f3n y paro virtual en toda la provincia de Buenos Aires.<\/p>\n\n\n\n<p>Desde la suspensi\u00f3n de clases lxs docentes estamos usando nuestros datos, conexiones de internet, computadoras y celulares, todo saliendo de nuestro sueldo para sostener la continuidad pedag\u00f3gica. Lo mismo sucede con familias, muchas ni siquiera cuentan con dispositivos o conexi\u00f3n. La educaci\u00f3n no presencial implica que estamos trabajando jornadas que no terminan nunca y corriendo para completar los requerimientos de una DGCyE que se borra para todo lo dem\u00e1s.<\/p>\n\n\n\n<p>Hay miles de cargos sin cubrir en la provincia porque se suspendieron las designaciones hace tres meses, y el Ministerio de Desarrollo ha anunciado que no aumentar\u00e1 ni los cupos ni los montos del Servicio Alimentario.<\/p>\n\n\n\n<p>Ante el incumplimiento del gobierno bonaerense y a la inacci\u00f3n de la conducci\u00f3n provincial de nuestro sindicato, hemos decidido impulsar esta medida provincial.<\/p>\n\n\n\n<p>El apag\u00f3n y paro virtual implicar\u00e1 el no cumplimiento de actividades pedag\u00f3gicas, correcciones, ni reuniones virtuales que hagan a la labor docente diaria.<\/p>\n\n\n\n<p>Convocamos a las familias a acompa\u00f1ar esta acci\u00f3n en defensa de la educaci\u00f3n p\u00fablica y el derecho a la educaci\u00f3n, por la asignaci\u00f3n de los fondos y recursos necesarios para garantizar las condiciones de estudio, insumos, obras y servicio alimentario.<\/p>\n\n\n\n<p>Estos reclamos son urgentes en el marco del incrementos de contagios de Covid-19 en la provincia y puntualmente en el conurbano.<\/p>\n\n\n\n<p>RECLAMAMOS<br>\u274c Inmediata convocatoria a actos p\u00fablicos virtuales con control de listados y vacantes por parte de los docentes aspirantes y las organizaciones gremiales. Cobertura de todos los cargos provisionales, suplentes, jer\u00e1rquicos, y equipos de orientaci\u00f3n. Nombramiento de los docentes del FINES, Secundaria con Oficio y todos los programas socioeducativos, retroactivo al mes de marzo.<br>\u274c Acceso gratuito a la conectividad de redes y telef\u00f3nica para estudiantes y docentes con abastecimiento de dispositivos digitales a cargo del gobierno.<br>\u274c Asistencia alimentaria estatal que incluya la matr\u00edcula en todos sus niveles educativos incluyendo alimentos frescos y kits de limpieza y protecci\u00f3n. Universalizaci\u00f3n del SAE.<br>\u274c Realizaci\u00f3n inmediata de todas las obras necesarias en los edificios escolares para su funcionamiento en las condiciones de seguridad edilicia y sanitaria garantizando el cumplimiento de los 12 puntos de escuelas seguras de CTERA homologado en la provincia de Buenos Aires.<br>\u274c Cese inmediato de todas las presiones que derivan en sobrecarga laboral , hostigamiento, persecuci\u00f3n a los docentes.<br>\u274c Subsidio en la emergencia y sin contraprestaci\u00f3n laboral para todos los docentes desocupados no inferior a la canasta b\u00e1sica. Basta de precarizaci\u00f3n laboral (Piedas)<br>\u274c Defensa del IPS y las jubilaciones provinciales , rechazo al convenio con la Anses, derogaci\u00f3n de todas las leyes de armonizaci\u00f3n de Macri, investigaci\u00f3n del destino de los fondos del Instituto de Previsi\u00f3n Social y pase a planta permanente de todos los contratados. <br>\u274c No al vaciamiento del IOMA. Cobertura de todas las prestaciones. Basta de copagos.<br>\u274c Reapertura de las paritarias. Cl\u00e1usula gatillo mensual. Ning\u00fan congelamiento ni rebaja de sueldos y jubilaciones. Regularizaci\u00f3n del pago de salarios a todos los docentes y pago de los alcances hasta que se regularicen los cobros.<\/p>\n\n\n\n<p>\u25b6\ufe0f Asimismo ratificamos nuestro pronunciamiento por el no pago de la deuda externa usurera y fraudulenta, la ruptura con el FMI y por un verdadero impuesto al capital y la gran propiedad industrial, bancaria y terrateniente que permita recaudar entre u$s 15.000 y 20.000 millones para combatir la pandemia, el hambre y encarar los planes de urbanizaci\u00f3n urgentes que requieren la emergencia y la crisis sanitaria, social y econ\u00f3mica.<\/p>\n\n\n\n<p>\u25b6\ufe0f Convocamos el 12 al apag\u00f3n y paro virtual como parte de un plan de acci\u00f3n que tendr\u00e1 su continuidad el 16\/6 con la jornada convocada por diferentes sectores como el Plenario del Sindicalismo Combativo y ADOSAC, entre otros, realizando acciones zonales y delegaciones a la movilizaci\u00f3n a Plaza de Mayo; y la Jornada de Solidaridad del 19\/6 con los docentes y estatales de Chubut a quienes el gobernador Arcioni no paga sus salarios\u00bb.<\/p>\n\n\n\n<p>Fuente: Tribuna Docente Mercedes<\/p>\n","protected":false},"excerpt":{"rendered":"<p>La l\u00ednea opositora a la dirigencia del gremio SUTEBA, que encabeza algunas de las seccionales del partido de Buenos Aires, &#8230; <a title=\"SUTEBA Multicolor propone \u00abapag\u00f3n y paro virtual\u00bb a la tarea docente\" class=\"read-more\" href=\"https:\/\/www.hoymercedes.com.ar\/principal\/2020\/06\/09\/suteba-multicolor-propone-apagon-y-paro-virtual-a-la-tarea-docente\/\" aria-label=\"Leer m\u00e1s sobre SUTEBA Multicolor propone \u00abapag\u00f3n y paro virtual\u00bb a la tarea docente\">Leer m\u00e1s<\/a><\/p>\n","protected":false},"author":1,"featured_media":111950,"comment_status":"closed","ping_status":"open","sticky":false,"template":"","format":"standard","meta":{"_monsterinsights_skip_tracking":false,"_monsterinsights_sitenote_active":false,"_monsterinsights_sitenote_note":"","_monsterinsights_sitenote_category":0,"jetpack_post_was_ever_published":false,"_jetpack_newsletter_access":"","_jetpack_dont_email_post_to_subs":false,"_jetpack_newsletter_tier_id":0,"_jetpack_memberships_contains_paywalled_content":false,"_jetpack_memberships_contains_paid_content":false,"footnotes":"","jetpack_publicize_message":"","jetpack_publicize_feature_enabled":true,"jetpack_social_post_already_shared":true,"jetpack_social_options":{"image_generator_settings":{"template":"highway","default_image_id":0,"font":"","enabled":false},"version":2},"_wpas_customize_per_network":false},"categories":[10563],"tags":[484,8799,16705],"class_list":["post-111949","post","type-post","status-publish","format-standard","has-post-thumbnail","hentry","category-gremios-sindicatos","tag-docentes","tag-gremios","tag-suteba-multicolor","generate-columns","tablet-grid-50","mobile-grid-100","grid-parent","grid-50"],"jetpack_publicize_connections":[],"jetpack_featured_media_url":"https:\/\/www.hoymercedes.com.ar\/principal\/wp-content\/uploads\/2020\/06\/09-suteba-multicolor.jpg","wps_subtitle":"Reclamos en educaci\u00f3n","jetpack_sharing_enabled":true,"_links":{"self":[{"href":"https:\/\/www.hoymercedes.com.ar\/principal\/wp-json\/wp\/v2\/posts\/111949","targetHints":{"allow":["GET"]}}],"collection":[{"href":"https:\/\/www.hoymercedes.com.ar\/principal\/wp-json\/wp\/v2\/posts"}],"about":[{"href":"https:\/\/www.hoymercedes.com.ar\/principal\/wp-json\/wp\/v2\/types\/post"}],"author":[{"embeddable":true,"href":"https:\/\/www.hoymercedes.com.ar\/principal\/wp-json\/wp\/v2\/users\/1"}],"replies":[{"embeddable":true,"href":"https:\/\/www.hoymercedes.com.ar\/principal\/wp-json\/wp\/v2\/comments?post=111949"}],"version-history":[{"count":0,"href":"https:\/\/www.hoymercedes.com.ar\/principal\/wp-json\/wp\/v2\/posts\/111949\/revisions"}],"wp:featuredmedia":[{"embeddable":true,"href":"https:\/\/www.hoymercedes.com.ar\/principal\/wp-json\/wp\/v2\/media\/111950"}],"wp:attachment":[{"href":"https:\/\/www.hoymercedes.com.ar\/principal\/wp-json\/wp\/v2\/media?parent=111949"}],"wp:term":[{"taxonomy":"category","embeddable":true,"href":"https:\/\/www.hoymercedes.com.ar\/principal\/wp-json\/wp\/v2\/categories?post=111949"},{"taxonomy":"post_tag","embeddable":true,"href":"https:\/\/www.hoymercedes.com.ar\/principal\/wp-json\/wp\/v2\/tags?post=111949"}],"curies":[{"name":"wp","href":"https:\/\/api.w.org\/{rel}","templated":true}]}}