{"id":111954,"date":"2020-06-09T18:41:50","date_gmt":"2020-06-09T21:41:50","guid":{"rendered":"http:\/\/www.hoymercedes.com.ar\/principal\/?p=111954"},"modified":"2020-06-09T23:53:11","modified_gmt":"2020-06-10T02:53:11","slug":"coronavirus-confirman-positivo-al-nino-de-6-anos-hijo-de-uno-de-los-pacientes-confirmados-el-lunes","status":"publish","type":"post","link":"https:\/\/www.hoymercedes.com.ar\/principal\/2020\/06\/09\/coronavirus-confirman-positivo-al-nino-de-6-anos-hijo-de-uno-de-los-pacientes-confirmados-el-lunes\/","title":{"rendered":"Coronavirus: confirman positivo al ni\u00f1o de 6 a\u00f1os hijo de de paciente confirmada el lunes"},"content":{"rendered":"\n<p>A trav\u00e9s de una comunicaci\u00f3n publicada en redes sociales, el Municipio de Mercedes confirm\u00f3 el positivo n\u00famero 12 derivado del caso \u00edndice, el trabajador de Agrale. Se trata de un nene de 6 a\u00f1os que durante el anuncio del d\u00eda lunes se anticip\u00f3 que le har\u00edan los estudios correspondiente, ya que es hijo de uno de los casos positivos anunciados y confirmados en la exposici\u00f3n del Intendente Ustarroz y el m\u00e9dicos Pablo Cassiani. <\/p>\n\n\n\n<figure class=\"wp-block-image size-large\"><img loading=\"lazy\" decoding=\"async\" width=\"729\" height=\"960\" data-attachment-id=\"111955\" data-permalink=\"https:\/\/www.hoymercedes.com.ar\/principal\/2020\/06\/09\/coronavirus-confirman-positivo-al-nino-de-6-anos-hijo-de-uno-de-los-pacientes-confirmados-el-lunes\/09-coronavirus\/#main\" data-orig-file=\"https:\/\/www.hoymercedes.com.ar\/principal\/wp-content\/uploads\/2020\/06\/09-coronavirus.jpg\" data-orig-size=\"729,960\" data-comments-opened=\"0\" data-image-meta=\"{&quot;aperture&quot;:&quot;0&quot;,&quot;credit&quot;:&quot;&quot;,&quot;camera&quot;:&quot;&quot;,&quot;caption&quot;:&quot;&quot;,&quot;created_timestamp&quot;:&quot;0&quot;,&quot;copyright&quot;:&quot;&quot;,&quot;focal_length&quot;:&quot;0&quot;,&quot;iso&quot;:&quot;0&quot;,&quot;shutter_speed&quot;:&quot;0&quot;,&quot;title&quot;:&quot;&quot;,&quot;orientation&quot;:&quot;0&quot;}\" data-image-title=\"09-coronavirus\" data-image-description=\"\" data-image-caption=\"\" data-large-file=\"https:\/\/www.hoymercedes.com.ar\/principal\/wp-content\/uploads\/2020\/06\/09-coronavirus.jpg\" src=\"https:\/\/www.hoymercedes.com.ar\/principal\/wp-content\/uploads\/2020\/06\/09-coronavirus.jpg\" alt=\"\" class=\"wp-image-111955\"\/><\/figure>\n","protected":false},"excerpt":{"rendered":"<p>A trav\u00e9s de una comunicaci\u00f3n publicada en redes sociales, el Municipio de Mercedes confirm\u00f3 el positivo n\u00famero 12 derivado del &#8230; <a title=\"Coronavirus: confirman positivo al ni\u00f1o de 6 a\u00f1os hijo de de paciente confirmada el lunes\" class=\"read-more\" href=\"https:\/\/www.hoymercedes.com.ar\/principal\/2020\/06\/09\/coronavirus-confirman-positivo-al-nino-de-6-anos-hijo-de-uno-de-los-pacientes-confirmados-el-lunes\/\" aria-label=\"Leer m\u00e1s sobre Coronavirus: confirman positivo al ni\u00f1o de 6 a\u00f1os hijo de de paciente confirmada el lunes\">Leer m\u00e1s<\/a><\/p>\n","protected":false},"author":1,"featured_media":111593,"comment_status":"closed","ping_status":"open","sticky":false,"template":"","format":"standard","meta":{"_monsterinsights_skip_tracking":false,"_monsterinsights_sitenote_active":false,"_monsterinsights_sitenote_note":"","_monsterinsights_sitenote_category":0,"jetpack_post_was_ever_published":false,"_jetpack_newsletter_access":"","_jetpack_dont_email_post_to_subs":false,"_jetpack_newsletter_tier_id":0,"_jetpack_memberships_contains_paywalled_content":false,"_jetpack_memberships_contains_paid_content":false,"footnotes":"","jetpack_publicize_message":"","jetpack_publicize_feature_enabled":true,"jetpack_social_post_already_shared":true,"jetpack_social_options":{"image_generator_settings":{"template":"highway","default_image_id":0,"font":"","enabled":false},"version":2},"_wpas_customize_per_network":false},"categories":[9791],"tags":[16646,16704,16175,16313,244],"class_list":["post-111954","post","type-post","status-publish","format-standard","has-post-thumbnail","hentry","category-salud","tag-caso-positivo","tag-confirmado","tag-coronavirus","tag-covid-19","tag-municipio-2","generate-columns","tablet-grid-50","mobile-grid-100","grid-parent","grid-50"],"jetpack_publicize_connections":[],"jetpack_featured_media_url":"https:\/\/www.hoymercedes.com.ar\/principal\/wp-content\/uploads\/2020\/06\/03-coronavirus1.jpg","wps_subtitle":"Informaci\u00f3n municipal","jetpack_sharing_enabled":true,"_links":{"self":[{"href":"https:\/\/www.hoymercedes.com.ar\/principal\/wp-json\/wp\/v2\/posts\/111954","targetHints":{"allow":["GET"]}}],"collection":[{"href":"https:\/\/www.hoymercedes.com.ar\/principal\/wp-json\/wp\/v2\/posts"}],"about":[{"href":"https:\/\/www.hoymercedes.com.ar\/principal\/wp-json\/wp\/v2\/types\/post"}],"author":[{"embeddable":true,"href":"https:\/\/www.hoymercedes.com.ar\/principal\/wp-json\/wp\/v2\/users\/1"}],"replies":[{"embeddable":true,"href":"https:\/\/www.hoymercedes.com.ar\/principal\/wp-json\/wp\/v2\/comments?post=111954"}],"version-history":[{"count":0,"href":"https:\/\/www.hoymercedes.com.ar\/principal\/wp-json\/wp\/v2\/posts\/111954\/revisions"}],"wp:featuredmedia":[{"embeddable":true,"href":"https:\/\/www.hoymercedes.com.ar\/principal\/wp-json\/wp\/v2\/media\/111593"}],"wp:attachment":[{"href":"https:\/\/www.hoymercedes.com.ar\/principal\/wp-json\/wp\/v2\/media?parent=111954"}],"wp:term":[{"taxonomy":"category","embeddable":true,"href":"https:\/\/www.hoymercedes.com.ar\/principal\/wp-json\/wp\/v2\/categories?post=111954"},{"taxonomy":"post_tag","embeddable":true,"href":"https:\/\/www.hoymercedes.com.ar\/principal\/wp-json\/wp\/v2\/tags?post=111954"}],"curies":[{"name":"wp","href":"https:\/\/api.w.org\/{rel}","templated":true}]}}