{"id":111965,"date":"2020-06-10T07:19:00","date_gmt":"2020-06-10T10:19:00","guid":{"rendered":"http:\/\/www.hoymercedes.com.ar\/principal\/?p=111965"},"modified":"2020-06-10T09:14:26","modified_gmt":"2020-06-10T12:14:26","slug":"acuerdo-entre-el-mercado-central-y-desarrollo-de-provincia-por-politicas-alimentarias","status":"publish","type":"post","link":"https:\/\/www.hoymercedes.com.ar\/principal\/2020\/06\/10\/acuerdo-entre-el-mercado-central-y-desarrollo-de-provincia-por-politicas-alimentarias\/","title":{"rendered":"Acuerdo entre el Mercado Central y Desarrollo de provincia por pol\u00edticas alimentarias"},"content":{"rendered":"\n<p>El Ministerio de Desarrollo de la provincia y el Mercado Central firmaron un acuerdo que permitir\u00e1 \u00abincrementar la capacidad de consumo de los bonaerenses y mejorar la calidad nutricional\u00bb. <\/p>\n\n\n\n<div class=\"wp-block-image\"><figure class=\"aligncenter size-large\"><img loading=\"lazy\" decoding=\"async\" width=\"800\" height=\"533\" data-attachment-id=\"111966\" data-permalink=\"https:\/\/www.hoymercedes.com.ar\/principal\/2020\/06\/10\/acuerdo-entre-el-mercado-central-y-desarrollo-de-provincia-por-politicas-alimentarias\/10-desarrollo\/#main\" data-orig-file=\"https:\/\/www.hoymercedes.com.ar\/principal\/wp-content\/uploads\/2020\/06\/10-desarrollo.jpg\" data-orig-size=\"800,533\" data-comments-opened=\"0\" data-image-meta=\"{&quot;aperture&quot;:&quot;0&quot;,&quot;credit&quot;:&quot;&quot;,&quot;camera&quot;:&quot;&quot;,&quot;caption&quot;:&quot;&quot;,&quot;created_timestamp&quot;:&quot;0&quot;,&quot;copyright&quot;:&quot;&quot;,&quot;focal_length&quot;:&quot;0&quot;,&quot;iso&quot;:&quot;0&quot;,&quot;shutter_speed&quot;:&quot;0&quot;,&quot;title&quot;:&quot;&quot;,&quot;orientation&quot;:&quot;0&quot;}\" data-image-title=\"10 desarrollo\" data-image-description=\"\" data-image-caption=\"\" data-large-file=\"https:\/\/www.hoymercedes.com.ar\/principal\/wp-content\/uploads\/2020\/06\/10-desarrollo.jpg\" src=\"https:\/\/www.hoymercedes.com.ar\/principal\/wp-content\/uploads\/2020\/06\/10-desarrollo.jpg\" alt=\"\" class=\"wp-image-111966\"\/><\/figure><\/div>\n\n\n\n<p>\u201cEste convenio que nos va a permitir generar acciones conjuntas en el marco de una situaci\u00f3n muy dif\u00edcil que vive nuestro pa\u00eds y la provincia de Buenos Aires, y particularmente el conurbano\u201d, destac\u00f3 al respecto Andr\u00e9s Larroque, titular de la cartera bonaerense. <\/p>\n\n\n\n<p>\u00abA trav\u00e9s de Mercado podemos llegar a aquellos lugares m\u00e1s postergados que necesitan asistencia urgente, y a los bonaerenses en general, para que puedan acceder a productos de buena calidad, a un precio razonable\u201d, agreg\u00f3 el Ministro. Asimismo, resalt\u00f3 que \u201clo importante es que los bonaerenses vayan recuperando la capacidad de consumir alimentos y a la vez mejorando la calidad de los mismos, con h\u00e1bitos y pr\u00e1cticas m\u00e1s saludables y nutritivas\u201d.<\/p>\n\n\n\n<p>Por su parte, el presidente del Mercado Central, Levaggi, afirm\u00f3 que \u201centendemos que el Mercado Central tiene un rol fundamental, y necesitamos transparentar y ponerlo activamente al servicio del conjunto\u201d. En ese sentido, agreg\u00f3: \u201cCreo que al segundo d\u00eda desde que asumimos le agregamos al logo la expresi\u00f3n \u2018De tu lado\u2019 porque entendemos eso, que tiene que estar en funci\u00f3n del pueblo este espacio tan importante\u2019.<\/p>\n\n\n\n<p>Los organismos firmaron un convenio de cooperaci\u00f3n para avanzar en pol\u00edticas tendientes a garantizar la soberan\u00eda alimentaria, en la Provincia de Buenos Aires. De la r\u00fabrica participaron el ministro de Desarrollo de la Comunidad, Andr\u00e9s Larroque, y los representantes del Mercado Nahuel Levaggi (Naci\u00f3n), An\u00edbal Stella (Provincia) y Maximiliano Vallejos (C.A.B.A.).<\/p>\n\n\n\n<p>Fuente: Ministerio Provincial<\/p>\n","protected":false},"excerpt":{"rendered":"<p>El Ministerio de Desarrollo de la provincia y el Mercado Central firmaron un acuerdo que permitir\u00e1 \u00abincrementar la capacidad de &#8230; <a title=\"Acuerdo entre el Mercado Central y Desarrollo de provincia por pol\u00edticas alimentarias\" class=\"read-more\" href=\"https:\/\/www.hoymercedes.com.ar\/principal\/2020\/06\/10\/acuerdo-entre-el-mercado-central-y-desarrollo-de-provincia-por-politicas-alimentarias\/\" aria-label=\"Leer m\u00e1s sobre Acuerdo entre el Mercado Central y Desarrollo de provincia por pol\u00edticas alimentarias\">Leer m\u00e1s<\/a><\/p>\n","protected":false},"author":1,"featured_media":111966,"comment_status":"closed","ping_status":"open","sticky":false,"template":"","format":"standard","meta":{"_monsterinsights_skip_tracking":false,"_monsterinsights_sitenote_active":false,"_monsterinsights_sitenote_note":"","_monsterinsights_sitenote_category":0,"jetpack_post_was_ever_published":false,"_jetpack_newsletter_access":"","_jetpack_dont_email_post_to_subs":false,"_jetpack_newsletter_tier_id":0,"_jetpack_memberships_contains_paywalled_content":false,"_jetpack_memberships_contains_paid_content":false,"footnotes":"","jetpack_publicize_message":"","jetpack_publicize_feature_enabled":true,"jetpack_social_post_already_shared":true,"jetpack_social_options":{"image_generator_settings":{"template":"highway","default_image_id":0,"font":"","enabled":false},"version":2},"_wpas_customize_per_network":false},"categories":[8881],"tags":[870,16708,1803],"class_list":["post-111965","post","type-post","status-publish","format-standard","has-post-thumbnail","hentry","category-provincia","tag-desarrollo-social","tag-mercado-central","tag-provincia","generate-columns","tablet-grid-50","mobile-grid-100","grid-parent","grid-50"],"jetpack_publicize_connections":[],"jetpack_featured_media_url":"https:\/\/www.hoymercedes.com.ar\/principal\/wp-content\/uploads\/2020\/06\/10-desarrollo.jpg","wps_subtitle":"","jetpack_sharing_enabled":true,"_links":{"self":[{"href":"https:\/\/www.hoymercedes.com.ar\/principal\/wp-json\/wp\/v2\/posts\/111965","targetHints":{"allow":["GET"]}}],"collection":[{"href":"https:\/\/www.hoymercedes.com.ar\/principal\/wp-json\/wp\/v2\/posts"}],"about":[{"href":"https:\/\/www.hoymercedes.com.ar\/principal\/wp-json\/wp\/v2\/types\/post"}],"author":[{"embeddable":true,"href":"https:\/\/www.hoymercedes.com.ar\/principal\/wp-json\/wp\/v2\/users\/1"}],"replies":[{"embeddable":true,"href":"https:\/\/www.hoymercedes.com.ar\/principal\/wp-json\/wp\/v2\/comments?post=111965"}],"version-history":[{"count":0,"href":"https:\/\/www.hoymercedes.com.ar\/principal\/wp-json\/wp\/v2\/posts\/111965\/revisions"}],"wp:featuredmedia":[{"embeddable":true,"href":"https:\/\/www.hoymercedes.com.ar\/principal\/wp-json\/wp\/v2\/media\/111966"}],"wp:attachment":[{"href":"https:\/\/www.hoymercedes.com.ar\/principal\/wp-json\/wp\/v2\/media?parent=111965"}],"wp:term":[{"taxonomy":"category","embeddable":true,"href":"https:\/\/www.hoymercedes.com.ar\/principal\/wp-json\/wp\/v2\/categories?post=111965"},{"taxonomy":"post_tag","embeddable":true,"href":"https:\/\/www.hoymercedes.com.ar\/principal\/wp-json\/wp\/v2\/tags?post=111965"}],"curies":[{"name":"wp","href":"https:\/\/api.w.org\/{rel}","templated":true}]}}