{"id":111968,"date":"2020-06-09T23:50:39","date_gmt":"2020-06-10T02:50:39","guid":{"rendered":"http:\/\/www.hoymercedes.com.ar\/principal\/?p=111968"},"modified":"2020-06-09T23:51:56","modified_gmt":"2020-06-10T02:51:56","slug":"coronavirus-lujan-sumo-12-casos-positivos","status":"publish","type":"post","link":"https:\/\/www.hoymercedes.com.ar\/principal\/2020\/06\/09\/coronavirus-lujan-sumo-12-casos-positivos\/","title":{"rendered":"Coronavirus: Luj\u00e1n sum\u00f3 12 casos positivos"},"content":{"rendered":"\n<p>A trav\u00e9s de un mensaje v\u00eda redes, el Intendente de Luj\u00e1n, Leonardo Boto, anunci\u00f3 que creci\u00f3 el n\u00famero de casos positivos en un 25%. \u00abTransitemos esta etapa con la mayor de las responsabilidades\u00bb, resalt\u00f3 al comunicar que el d\u00eda martes se confirmaron 12 casos positivos, llegando a 60 el total de pacientes con covid-19 en la vecina localidad. <\/p>\n\n\n\n<figure class=\"wp-block-image\"><img decoding=\"async\" src=\"https:\/\/scontent.faep10-1.fna.fbcdn.net\/v\/t15.5256-10\/103309103_262454461480697_915422711450894284_n.jpg?_nc_cat=111&amp;_nc_sid=f2c4d5&amp;_nc_ohc=cRAY95NlN0EAX8rSlWK&amp;_nc_ht=scontent.faep10-1.fna&amp;oh=19c9ba1ea8ba1c479d537e91745ab11a&amp;oe=5F066B96\" alt=\"\"\/><\/figure>\n\n\n\n<p>En el marco de la Emergencia Sanitaria por la pandemia de Coronavirus y las medidas de aislamiento social preventivo y obligatorio, el Intendente Municipal, Leonardo Boto, se dirigi\u00f3 este martes por la noche a la comunidad a trav\u00e9s de un video difundido en medios de prensa y redes sociales.<\/p>\n\n\n\n<p>El Intendente habl\u00f3 tras encabezar una reuni\u00f3n del Comit\u00e9 de Crisis para analizar la evoluci\u00f3n de la pandemia y afirm\u00f3 que \u201ces un d\u00eda dif\u00edcil, un d\u00eda en el que hasta ahora ya tenemos 12 casos confirmados. Esto significa un crecimiento de los casos del 25 por ciento\u201d.<\/p>\n\n\n\n<p>\u201cLo que le sucede a Luj\u00e1n ocurre tambi\u00e9n en el \u00c1rea Metropolitana de Buenos Aires y en muchas localidades vecinas. Es una etapa que se mencionaba, el famoso pico que no llegaba y que de acuerdo a la opini\u00f3n de los epidemi\u00f3logos estamos empezando a transitar\u201d, se\u00f1al\u00f3, en tanto sostuvo que \u201cseguramente vamos a empezar a ver una escalada de casos en los pr\u00f3ximos d\u00edas\u201d.<\/p>\n\n\n\n<p>Por otra parte, inform\u00f3 que en el d\u00eda de ma\u00f1ana participar\u00e1 de una reuni\u00f3n con varios Intendentes y el Gobernador Axel Kicillof, donde se analizar\u00e1n diferentes medidas y cursos de acci\u00f3n a llevar adelante.<\/p>\n\n\n\n<p>En el plano local, adelant\u00f3 que se est\u00e1n evaluando la revisi\u00f3n de los horarios comerciales y otras medidas puntuales que permitan circunscribir la circulaci\u00f3n de vecinos y vecinas para disminuir la transmisi\u00f3n comunitaria y fortalecer el aislamiento.<\/p>\n\n\n\n<p>\u201cComprendo perfectamente el esfuerzo que estamos haciendo desde el inicio de la cuarentena, pero empezamos a transitar una etapa compleja que apela a la responsabilidad individual y social del conjunto\u201d, expres\u00f3 el Intendente, y pidi\u00f3 a los vecinos: \u201cCuid\u00e9monos, qued\u00e9monos en casa en la medida de lo posible, y si salimos hag\u00e1moslo con todas las medidas de protecci\u00f3n en las que tanto venimos insistiendo\u201d.<\/p>\n\n\n\n<p>\u201cTransitemos este pico que se viene con la mayor de las responsabilidades\u201d, finaliz\u00f3.<\/p>\n\n\n\n<figure class=\"wp-block-embed-facebook wp-block-embed is-type-video is-provider-facebook\"><div class=\"wp-block-embed__wrapper\">\n<div class=\"fb-video\" data-allowfullscreen=\"true\" data-href=\"https:\/\/www.facebook.com\/LeoBotoARG\/videos\/262446688148141\/\" style=\"background-color: #fff; display: inline-block;\"><\/div>\n<\/div><\/figure>\n\n\n\n<p>Fuente: Municipalidad de Luj\u00e1n<\/p>\n","protected":false},"excerpt":{"rendered":"<p>A trav\u00e9s de un mensaje v\u00eda redes, el Intendente de Luj\u00e1n, Leonardo Boto, anunci\u00f3 que creci\u00f3 el n\u00famero de casos &#8230; <a title=\"Coronavirus: Luj\u00e1n sum\u00f3 12 casos positivos\" class=\"read-more\" href=\"https:\/\/www.hoymercedes.com.ar\/principal\/2020\/06\/09\/coronavirus-lujan-sumo-12-casos-positivos\/\" aria-label=\"Leer m\u00e1s sobre Coronavirus: Luj\u00e1n sum\u00f3 12 casos positivos\">Leer m\u00e1s<\/a><\/p>\n","protected":false},"author":1,"featured_media":111972,"comment_status":"closed","ping_status":"open","sticky":false,"template":"","format":"standard","meta":{"_monsterinsights_skip_tracking":false,"_monsterinsights_sitenote_active":false,"_monsterinsights_sitenote_note":"","_monsterinsights_sitenote_category":0,"jetpack_post_was_ever_published":false,"_jetpack_newsletter_access":"","_jetpack_dont_email_post_to_subs":false,"_jetpack_newsletter_tier_id":0,"_jetpack_memberships_contains_paywalled_content":false,"_jetpack_memberships_contains_paid_content":false,"footnotes":"","jetpack_publicize_message":"","jetpack_publicize_feature_enabled":true,"jetpack_social_post_already_shared":true,"jetpack_social_options":{"image_generator_settings":{"template":"highway","default_image_id":0,"font":"","enabled":false},"version":2},"_wpas_customize_per_network":false},"categories":[5501],"tags":[16428,16706,86,9322],"class_list":["post-111968","post","type-post","status-publish","format-standard","has-post-thumbnail","hentry","category-region","tag-casos-positivos","tag-coronavirus-covid-19","tag-lujan","tag-region","generate-columns","tablet-grid-50","mobile-grid-100","grid-parent","grid-50"],"jetpack_publicize_connections":[],"jetpack_featured_media_url":"https:\/\/www.hoymercedes.com.ar\/principal\/wp-content\/uploads\/2020\/06\/10-lujan.jpg","wps_subtitle":"Salud regional","jetpack_sharing_enabled":true,"_links":{"self":[{"href":"https:\/\/www.hoymercedes.com.ar\/principal\/wp-json\/wp\/v2\/posts\/111968","targetHints":{"allow":["GET"]}}],"collection":[{"href":"https:\/\/www.hoymercedes.com.ar\/principal\/wp-json\/wp\/v2\/posts"}],"about":[{"href":"https:\/\/www.hoymercedes.com.ar\/principal\/wp-json\/wp\/v2\/types\/post"}],"author":[{"embeddable":true,"href":"https:\/\/www.hoymercedes.com.ar\/principal\/wp-json\/wp\/v2\/users\/1"}],"replies":[{"embeddable":true,"href":"https:\/\/www.hoymercedes.com.ar\/principal\/wp-json\/wp\/v2\/comments?post=111968"}],"version-history":[{"count":0,"href":"https:\/\/www.hoymercedes.com.ar\/principal\/wp-json\/wp\/v2\/posts\/111968\/revisions"}],"wp:featuredmedia":[{"embeddable":true,"href":"https:\/\/www.hoymercedes.com.ar\/principal\/wp-json\/wp\/v2\/media\/111972"}],"wp:attachment":[{"href":"https:\/\/www.hoymercedes.com.ar\/principal\/wp-json\/wp\/v2\/media?parent=111968"}],"wp:term":[{"taxonomy":"category","embeddable":true,"href":"https:\/\/www.hoymercedes.com.ar\/principal\/wp-json\/wp\/v2\/categories?post=111968"},{"taxonomy":"post_tag","embeddable":true,"href":"https:\/\/www.hoymercedes.com.ar\/principal\/wp-json\/wp\/v2\/tags?post=111968"}],"curies":[{"name":"wp","href":"https:\/\/api.w.org\/{rel}","templated":true}]}}