{"id":111976,"date":"2020-06-10T09:35:29","date_gmt":"2020-06-10T12:35:29","guid":{"rendered":"http:\/\/www.hoymercedes.com.ar\/principal\/?p=111976"},"modified":"2020-06-10T14:07:03","modified_gmt":"2020-06-10T17:07:03","slug":"en-el-dia-de-la-seguridad-vial-recuerdan-a-los-vecinos-fallecidos-en-siniestros-viales","status":"publish","type":"post","link":"https:\/\/www.hoymercedes.com.ar\/principal\/2020\/06\/10\/en-el-dia-de-la-seguridad-vial-recuerdan-a-los-vecinos-fallecidos-en-siniestros-viales\/","title":{"rendered":"En el D\u00eda de la Seguridad Vial, recuerdan a los vecinos fallecidos en siniestros viales"},"content":{"rendered":"\n<p>El Grupo Estrellas Amarillas cumple cuatro a\u00f1os. Con el objetivo de concientizar a la comunidad, homenajean y recuerdan a sus familiares, mercedinos que fallecieron tras un siniestro vial. <\/p>\n\n\n\n<p>Este d\u00eda est\u00e1 dedicado a promover la educaci\u00f3n vial como estrategia para reducir los accidentes de tr\u00e1nsito. La fecha elegida se debe a un curioso suceso de la vida nacional: el \u00abcambio de mano\u00bb. En nuestro pa\u00eds reg\u00eda la norma que ordenaba el sentido del tr\u00e1nsito por la mano izquierda, al igual que en Gran Breta\u00f1a. Pero el 10 de junio de 1945 se decret\u00f3 el sentido del tr\u00e1nsito por la derecha, tal como es norma generalizada en la mayor\u00eda de los pa\u00edses.<\/p>\n\n\n\n<p>Sin embargo, en Mercedes tiene otro sentido esta fecha. Hoy se cumplen cuatro a\u00f1os de la creaci\u00f3n del grupo Estrellas Amarillas, asociaci\u00f3n civil creada entre otras madres por Ana Torres, luego del fallecimiento de su hijo Braian Z\u00e1rate. <\/p>\n\n\n\n<p>\u00abSomos muchas familias unidas, algunas de nosotras le enviamos a nuestra mam\u00e1 amiga\u00a0Patricia Recalde\u00a0unos videitos caseros y ella compil\u00f3 un bello v\u00eddeo en honor a todos ellos que partieron antes, para seguir concientizando. Besos al cielo para todas nuestras estrellitas! Jam\u00e1s olvidar, #NOMASVIOLENCIAVIAL\u00bb, destaca Ana. <\/p>\n\n\n\n<figure class=\"wp-block-embed-facebook wp-block-embed is-type-video is-provider-facebook\"><div class=\"wp-block-embed__wrapper\">\n<div class=\"fb-video\" data-allowfullscreen=\"true\" data-href=\"https:\/\/www.facebook.com\/ana.torres.16547008\/videos\/10223157998162111\/\" style=\"background-color: #fff; display: inline-block;\"><\/div>\n<\/div><\/figure>\n\n\n\n<p>Por su parte, desde TECPREMER, y la Municipalidad de Mercedes, invitaron a los vecinos a decorar sus domicilios con lazoa amarillos, ya que no podr\u00e1 realizarse el acto protocolar en la plaza San Luis. <\/p>\n","protected":false},"excerpt":{"rendered":"<p>El Grupo Estrellas Amarillas cumple cuatro a\u00f1os. Con el objetivo de concientizar a la comunidad, homenajean y recuerdan a sus &#8230; <a title=\"En el D\u00eda de la Seguridad Vial, recuerdan a los vecinos fallecidos en siniestros viales\" class=\"read-more\" href=\"https:\/\/www.hoymercedes.com.ar\/principal\/2020\/06\/10\/en-el-dia-de-la-seguridad-vial-recuerdan-a-los-vecinos-fallecidos-en-siniestros-viales\/\" aria-label=\"Leer m\u00e1s sobre En el D\u00eda de la Seguridad Vial, recuerdan a los vecinos fallecidos en siniestros viales\">Leer m\u00e1s<\/a><\/p>\n","protected":false},"author":1,"featured_media":84206,"comment_status":"closed","ping_status":"open","sticky":false,"template":"","format":"standard","meta":{"_monsterinsights_skip_tracking":false,"_monsterinsights_sitenote_active":false,"_monsterinsights_sitenote_note":"","_monsterinsights_sitenote_category":0,"jetpack_post_was_ever_published":false,"_jetpack_newsletter_access":"","_jetpack_dont_email_post_to_subs":false,"_jetpack_newsletter_tier_id":0,"_jetpack_memberships_contains_paywalled_content":false,"_jetpack_memberships_contains_paid_content":false,"footnotes":"","jetpack_publicize_message":"","jetpack_publicize_feature_enabled":true,"jetpack_social_post_already_shared":true,"jetpack_social_options":{"image_generator_settings":{"template":"highway","default_image_id":0,"font":"","enabled":false},"version":2},"_wpas_customize_per_network":false},"categories":[8],"tags":[9451,626],"class_list":["post-111976","post","type-post","status-publish","format-standard","has-post-thumbnail","hentry","category-sociedad","tag-estrellas-amarillas","tag-seguridad-vial","generate-columns","tablet-grid-50","mobile-grid-100","grid-parent","grid-50"],"jetpack_publicize_connections":[],"jetpack_featured_media_url":"https:\/\/www.hoymercedes.com.ar\/principal\/wp-content\/uploads\/2018\/11\/19-estrellas-4.jpg","wps_subtitle":"","jetpack_sharing_enabled":true,"_links":{"self":[{"href":"https:\/\/www.hoymercedes.com.ar\/principal\/wp-json\/wp\/v2\/posts\/111976","targetHints":{"allow":["GET"]}}],"collection":[{"href":"https:\/\/www.hoymercedes.com.ar\/principal\/wp-json\/wp\/v2\/posts"}],"about":[{"href":"https:\/\/www.hoymercedes.com.ar\/principal\/wp-json\/wp\/v2\/types\/post"}],"author":[{"embeddable":true,"href":"https:\/\/www.hoymercedes.com.ar\/principal\/wp-json\/wp\/v2\/users\/1"}],"replies":[{"embeddable":true,"href":"https:\/\/www.hoymercedes.com.ar\/principal\/wp-json\/wp\/v2\/comments?post=111976"}],"version-history":[{"count":0,"href":"https:\/\/www.hoymercedes.com.ar\/principal\/wp-json\/wp\/v2\/posts\/111976\/revisions"}],"wp:featuredmedia":[{"embeddable":true,"href":"https:\/\/www.hoymercedes.com.ar\/principal\/wp-json\/wp\/v2\/media\/84206"}],"wp:attachment":[{"href":"https:\/\/www.hoymercedes.com.ar\/principal\/wp-json\/wp\/v2\/media?parent=111976"}],"wp:term":[{"taxonomy":"category","embeddable":true,"href":"https:\/\/www.hoymercedes.com.ar\/principal\/wp-json\/wp\/v2\/categories?post=111976"},{"taxonomy":"post_tag","embeddable":true,"href":"https:\/\/www.hoymercedes.com.ar\/principal\/wp-json\/wp\/v2\/tags?post=111976"}],"curies":[{"name":"wp","href":"https:\/\/api.w.org\/{rel}","templated":true}]}}