{"id":11200,"date":"2012-03-02T01:17:21","date_gmt":"2012-03-02T01:17:21","guid":{"rendered":"http:\/\/www.hoymercedes.com.ar\/principal\/?p=11200"},"modified":"2012-03-02T01:17:21","modified_gmt":"2012-03-02T01:17:21","slug":"senador-santiago-nino-sobre-el-discurso-del-gobernador-daniel-scioli-una-vez-mas-hemos-escuchado-un-discurso-desordenado-vacio-de-contenidos-y-sin-conceptos","status":"publish","type":"post","link":"https:\/\/www.hoymercedes.com.ar\/principal\/2012\/03\/02\/senador-santiago-nino-sobre-el-discurso-del-gobernador-daniel-scioli-una-vez-mas-hemos-escuchado-un-discurso-desordenado-vacio-de-contenidos-y-sin-conceptos\/","title":{"rendered":"Senador Santiago Nino sobre el discurso del Gobernador Daniel Scioli \u201cuna vez mas hemos escuchado un discurso desordenado, vac\u00edo de contenidos y sin conceptos\u201d"},"content":{"rendered":"<p>Una vez finalizada la Asamblea Legislativa y concluido el discurso del Gobernador Daniel Scioli, el Senador de la UCR Santiago Nino expres\u00f3 duras criticas al mismo, al considerar que \u201cScioli tiene la costumbre de transformar las propuestas del Radicalismo en anuncios vac\u00edos, en esta oportunidad esa costumbre la terminan pagando los municipios de nuestra Provincia, fuimos nosotros quienes impulsamos permanentemente un nuevo modelo de Coparticipaci\u00f3n a los Municipios, como as\u00ed tambi\u00e9n los impulsores de un Plan de Regionalizaci\u00f3n ordenado y acorde a las necesidades de los habitantes de la Provincia\u201d.<\/p>\n<p>Con respecto a lo expresado por el mandatario Provincial en materia de Salud, el Legislador Radical declar\u00f3 \u201cresumir la gesti\u00f3n de un Gobierno en materia de Salud a expresar que se van a construir 20 UPAs (Unidades Primarias de Atenci\u00f3n) y promocionar la construcci\u00f3n de Hospitales por parte del Gobierno Nacional es no reconocer la crisis que atraviesa el Sistema de Salud Provincial, el gobernador parece desconocer lo que pasa d\u00eda a d\u00eda en los Hospitales Provinciales\u201d-<\/p>\n<p>Frente a las declaraciones del Jefe de Estado Provincial con respecto al Medio Ambiente, el Miembro de la C\u00e1mara Alta Provincial expres\u00f3 \u201cel pedido al Gobierno de la Ciudad de Buenos Aires con respecto a la basura es una farsa, Scioli lo muestra como un anuncio cuando en verdad deber\u00edan sentarse ambas partes a discutir seriamente del tema. Por otra parte,<\/p>\n<p>la cuenca Matanza Riachuelo parece no formar parte de lo que el gobernador mencion\u00f3 como nueva agenda de pol\u00edticas ambientales, solamente agradeci\u00f3 la inversi\u00f3n del gobierno nacional para sanear el p\u00e9simo estado que atraviesa esa zona\u201d.<\/p>\n<p>Llegado el turno en que el Daniel Scioli dio a conocer su opini\u00f3n en materia de Producci\u00f3n Y Empleo, Santiago Nino sentenci\u00f3 \u201cel gobernador enumera una serie de buenas intenciones a llevar a cabo; pero no demuestra intenciones de encabezar junto a los sectores productivos de la provincia los reclamos frente al Gobierno Nacional por las frecuentes complicaciones que se plantean desde la Secretaria de Comercio Interior a cargo de Guillermo Moreno\u201d. A su vez, continu\u00f3 expresando que \u201cproponer seg\u00fan dice el gobernador h\u00e1bitos de vida positivos y saludables debe ser complementado con practicas pol\u00edticas desde el Ejecutivo que tengan como objeto insertar a los j\u00f3venes al mercado laboral, promocionar su capacitaci\u00f3n, mejorar sus condiciones de vida, favorecer a los que menos tienen; de lo contrario caemos una vez mas en los ya frecuentemente y conocidos anuncios vac\u00edos de este gobierno\u201d.<\/p>\n<p>Una vez conocido todo lo relacionado a Justicia y Seguridad que expresa la Gesti\u00f3n Scioli, el Miembro del Bloque Radical remarc\u00f3 \u201csi el gobernador pide la colaboraci\u00f3n de todos los sectores para lograr mas seguridad nos vemos obligados a recordarle que desde la UCR todos los a\u00f1os le acercamos nuestra propuesta para mejorar la situaci\u00f3n que se vive hoy en d\u00eda en los barrios y ciudades de nuestra Provincia.<\/p>\n<p>El gobernador declar\u00f3 que sin desarmaderos se reduce el robo de automotores, sin armas ilegales se salvan vidas y sin contrabando de drogas se disminuye la violencia y se vive mejor. Con tristeza, le decimos al Gobernador que en nuestra Provincia cada vez hay m\u00e1s robos, no solo de automotores, cada d\u00eda mas frecuentemente a mano armada y con mayor violencia; y la droga mata d\u00eda a d\u00eda a nuestros j\u00f3venes\u201d.<\/p>\n<p>A su vez, el legislador de la UCR no dej\u00f3 pasar por alto que \u00abel Proyecto de creaci\u00f3n de la Polic\u00eda judicial es otra bandera hist\u00f3rica impulsada desde la UCR nos ofende que Scioli transforme nuestra permanente predisposici\u00f3n en t\u00edtulos para los medios que despu\u00e9s no se ejecutan desde el gobierno\u201d.<\/p>\n<p>A modo de cierre y frente a la delicada situaci\u00f3n que atraviesa la Educaci\u00f3n de la Provincia, Santiago Nino concluy\u00f3 \u201clo invito al gobernador a tomar contacto con los padres de los chicos que estos d\u00edas tuvieron que dejar a sus hijos al cuidado de alg\u00fan familiar, que conozca lo indignante que es ver como quien tiene y puede env\u00eda a sus hijos a la escuela privada; y quien no tiene ni puede vive reh\u00e9n del animo de las autoridades negociando la dignidad de los docentes de nuestra provincia. En esta Provincia nadie es ingenuo, Scioli pone a los docentes en una situaci\u00f3n incomoda fingiendo predisposici\u00f3n de solucionar el conflicto\u201d. Por \u00faltimo, frente a las declaraciones del Gobernador enviando un paquete de Propuestas para ser debatidas en las C\u00e1maras Legislativas, Nino concluy\u00f3 \u201cMuchas de las Leyes que el pregona, cuando toman estado Parlamentario ni sus propios Ministros vienen a defenderlas\u201d.<\/p>\n","protected":false},"excerpt":{"rendered":"<p>Una vez finalizada la Asamblea Legislativa y concluido el discurso del Gobernador Daniel Scioli, el Senador de la UCR Santiago &#8230; <a title=\"Senador Santiago Nino sobre el discurso del Gobernador Daniel Scioli \u201cuna vez mas hemos escuchado un discurso desordenado, vac\u00edo de contenidos y sin conceptos\u201d\" class=\"read-more\" href=\"https:\/\/www.hoymercedes.com.ar\/principal\/2012\/03\/02\/senador-santiago-nino-sobre-el-discurso-del-gobernador-daniel-scioli-una-vez-mas-hemos-escuchado-un-discurso-desordenado-vacio-de-contenidos-y-sin-conceptos\/\" aria-label=\"Leer m\u00e1s sobre Senador Santiago Nino sobre el discurso del Gobernador Daniel Scioli \u201cuna vez mas hemos escuchado un discurso desordenado, vac\u00edo de contenidos y sin conceptos\u201d\">Leer m\u00e1s<\/a><\/p>\n","protected":false},"author":1,"featured_media":0,"comment_status":"open","ping_status":"open","sticky":false,"template":"","format":"standard","meta":{"_monsterinsights_skip_tracking":false,"_monsterinsights_sitenote_active":false,"_monsterinsights_sitenote_note":"","_monsterinsights_sitenote_category":0,"jetpack_post_was_ever_published":false,"_jetpack_newsletter_access":"","_jetpack_dont_email_post_to_subs":false,"_jetpack_newsletter_tier_id":0,"_jetpack_memberships_contains_paywalled_content":false,"_jetpack_memberships_contains_paid_content":false,"footnotes":"","jetpack_publicize_message":"","jetpack_publicize_feature_enabled":true,"jetpack_social_post_already_shared":false,"jetpack_social_options":{"image_generator_settings":{"template":"highway","default_image_id":0,"font":"","enabled":false},"version":2},"_wpas_customize_per_network":false},"categories":[5],"tags":[1909,1910],"class_list":["post-11200","post","type-post","status-publish","format-standard","hentry","category-politica","tag-santiago-nino","tag-senador-ucr","generate-columns","tablet-grid-50","mobile-grid-100","grid-parent","grid-50"],"jetpack_publicize_connections":[],"jetpack_featured_media_url":"","wps_subtitle":"","jetpack_sharing_enabled":true,"_links":{"self":[{"href":"https:\/\/www.hoymercedes.com.ar\/principal\/wp-json\/wp\/v2\/posts\/11200","targetHints":{"allow":["GET"]}}],"collection":[{"href":"https:\/\/www.hoymercedes.com.ar\/principal\/wp-json\/wp\/v2\/posts"}],"about":[{"href":"https:\/\/www.hoymercedes.com.ar\/principal\/wp-json\/wp\/v2\/types\/post"}],"author":[{"embeddable":true,"href":"https:\/\/www.hoymercedes.com.ar\/principal\/wp-json\/wp\/v2\/users\/1"}],"replies":[{"embeddable":true,"href":"https:\/\/www.hoymercedes.com.ar\/principal\/wp-json\/wp\/v2\/comments?post=11200"}],"version-history":[{"count":0,"href":"https:\/\/www.hoymercedes.com.ar\/principal\/wp-json\/wp\/v2\/posts\/11200\/revisions"}],"wp:attachment":[{"href":"https:\/\/www.hoymercedes.com.ar\/principal\/wp-json\/wp\/v2\/media?parent=11200"}],"wp:term":[{"taxonomy":"category","embeddable":true,"href":"https:\/\/www.hoymercedes.com.ar\/principal\/wp-json\/wp\/v2\/categories?post=11200"},{"taxonomy":"post_tag","embeddable":true,"href":"https:\/\/www.hoymercedes.com.ar\/principal\/wp-json\/wp\/v2\/tags?post=11200"}],"curies":[{"name":"wp","href":"https:\/\/api.w.org\/{rel}","templated":true}]}}