{"id":112017,"date":"2020-06-10T23:05:39","date_gmt":"2020-06-11T02:05:39","guid":{"rendered":"http:\/\/www.hoymercedes.com.ar\/principal\/?p=112017"},"modified":"2020-06-10T23:07:31","modified_gmt":"2020-06-11T02:07:31","slug":"coronavirus-san-andres-de-giles-confirma-nuevo-positivo","status":"publish","type":"post","link":"https:\/\/www.hoymercedes.com.ar\/principal\/2020\/06\/10\/coronavirus-san-andres-de-giles-confirma-nuevo-positivo\/","title":{"rendered":"Coronavirus: San Andr\u00e9s de Giles confirma nuevo positivo"},"content":{"rendered":"\n<p>En conferencia de prensa el Intendente de San Andr\u00e9s de Giles Carlos Puglelli y su Secretario de Salud Diego Schiaffino\u00a0 confirmaron un nuevo caso positivo de coronavirus en la vecina localidad. Se trata de un hombre de 43 a\u00f1os que trabaja en una verduler\u00eda. Present\u00f3 s\u00edntomas. No tiene contacto estrecho con el positivo confirmado d\u00edas atr\u00e1s, aunque no descartan que ambos se hayan contagiado en el mismo lugar. <\/p>\n\n\n\n<p>A trav\u00e9s del encuentro con los medios de San Andr\u00e9s de Giles, las autoridades de dicha ciudad explicaorn que de los 17 casos que hab\u00eda en estudio, uno solo dio positivo mientras que los restantes fueron descartados. El hombre de 43 a\u00f1os que trabaja en una verduler\u00eda fue hisopado porque presentaba s\u00edntomas. Sin embargo no tuvo contacto estrecho con el paciente confirmado el lunes. Aunque no descartan que compartan un nexo epidemiol\u00f3gico ya que ambos trabajan en el mismo rubro e investigando si tienen alg\u00fan tipo de relaci\u00f3n entre s\u00ed.<\/p>\n\n\n\n<p>Con respecto a los hisopados realizados ayer a los familiares y compa\u00f1eros de trabajo del paciente que continua internado en estado cr\u00edtico, el doctor Schiaffino confirm\u00f3 que dieron negativo. Ma\u00f1ana se realizar\u00e1n nuevos hisopados a los contactos estrechos del nuevo caso y se esperan tener los resultados antes de las 48 horas.<\/p>\n\n\n\n<p>Schiaffino tambi\u00e9n confirm\u00f3 que ya se consigui\u00f3 el plasma que necesita el paciente en terapia intensiva para tratar el coronavirus. \u201cEso nos da una satisfacci\u00f3n muy grande porque nos permite dar una posibilidad m\u00e1s, vamos a seguir trabajando muy fuerte para que el se\u00f1or se recupere y vamos a hacer todo lo posible con honestidad y transparencia\u201d.<\/p>\n\n\n\n<p>El nuevo confirmado consult\u00f3 porque tenia fiebre. En este momento est\u00e1 cumpliendo con aislamiento en su casa. Se encuentra en buen estado general.<\/p>\n\n\n\n<p>Schiaffino sostuvo que \u201cesperar que en Giles no tengamos casos seria inocente de nuestra parte, hemos trabajado mucho para este momento. Vamos a seguir las normas y un camino que nos ha permitido responder bien a la situaci\u00f3n.\u201d<\/p>\n\n\n\n<p>Fuente: Infociudad de San Andr\u00e9s de Giles<br>Imagen: FM Vall <\/p>\n","protected":false},"excerpt":{"rendered":"<p>En conferencia de prensa el Intendente de San Andr\u00e9s de Giles Carlos Puglelli y su Secretario de Salud Diego Schiaffino\u00a0 &#8230; <a title=\"Coronavirus: San Andr\u00e9s de Giles confirma nuevo positivo\" class=\"read-more\" href=\"https:\/\/www.hoymercedes.com.ar\/principal\/2020\/06\/10\/coronavirus-san-andres-de-giles-confirma-nuevo-positivo\/\" aria-label=\"Leer m\u00e1s sobre Coronavirus: San Andr\u00e9s de Giles confirma nuevo positivo\">Leer m\u00e1s<\/a><\/p>\n","protected":false},"author":1,"featured_media":112019,"comment_status":"closed","ping_status":"open","sticky":false,"template":"","format":"standard","meta":{"_monsterinsights_skip_tracking":false,"_monsterinsights_sitenote_active":false,"_monsterinsights_sitenote_note":"","_monsterinsights_sitenote_category":0,"jetpack_post_was_ever_published":false,"_jetpack_newsletter_access":"","_jetpack_dont_email_post_to_subs":false,"_jetpack_newsletter_tier_id":0,"_jetpack_memberships_contains_paywalled_content":false,"_jetpack_memberships_contains_paid_content":false,"footnotes":"","jetpack_publicize_message":"","jetpack_publicize_feature_enabled":true,"jetpack_social_post_already_shared":true,"jetpack_social_options":{"image_generator_settings":{"template":"highway","default_image_id":0,"font":"","enabled":false},"version":2},"_wpas_customize_per_network":false},"categories":[5501],"tags":[16428,16175,16313,2123],"class_list":["post-112017","post","type-post","status-publish","format-standard","has-post-thumbnail","hentry","category-region","tag-casos-positivos","tag-coronavirus","tag-covid-19","tag-san-andres-de-giles","generate-columns","tablet-grid-50","mobile-grid-100","grid-parent","grid-50"],"jetpack_publicize_connections":[],"jetpack_featured_media_url":"https:\/\/www.hoymercedes.com.ar\/principal\/wp-content\/uploads\/2020\/06\/10-giles-2.png","wps_subtitle":"Salud en la regi\u00f3n","jetpack_sharing_enabled":true,"_links":{"self":[{"href":"https:\/\/www.hoymercedes.com.ar\/principal\/wp-json\/wp\/v2\/posts\/112017","targetHints":{"allow":["GET"]}}],"collection":[{"href":"https:\/\/www.hoymercedes.com.ar\/principal\/wp-json\/wp\/v2\/posts"}],"about":[{"href":"https:\/\/www.hoymercedes.com.ar\/principal\/wp-json\/wp\/v2\/types\/post"}],"author":[{"embeddable":true,"href":"https:\/\/www.hoymercedes.com.ar\/principal\/wp-json\/wp\/v2\/users\/1"}],"replies":[{"embeddable":true,"href":"https:\/\/www.hoymercedes.com.ar\/principal\/wp-json\/wp\/v2\/comments?post=112017"}],"version-history":[{"count":0,"href":"https:\/\/www.hoymercedes.com.ar\/principal\/wp-json\/wp\/v2\/posts\/112017\/revisions"}],"wp:featuredmedia":[{"embeddable":true,"href":"https:\/\/www.hoymercedes.com.ar\/principal\/wp-json\/wp\/v2\/media\/112019"}],"wp:attachment":[{"href":"https:\/\/www.hoymercedes.com.ar\/principal\/wp-json\/wp\/v2\/media?parent=112017"}],"wp:term":[{"taxonomy":"category","embeddable":true,"href":"https:\/\/www.hoymercedes.com.ar\/principal\/wp-json\/wp\/v2\/categories?post=112017"},{"taxonomy":"post_tag","embeddable":true,"href":"https:\/\/www.hoymercedes.com.ar\/principal\/wp-json\/wp\/v2\/tags?post=112017"}],"curies":[{"name":"wp","href":"https:\/\/api.w.org\/{rel}","templated":true}]}}