{"id":112025,"date":"2020-06-11T14:00:00","date_gmt":"2020-06-11T17:00:00","guid":{"rendered":"http:\/\/www.hoymercedes.com.ar\/principal\/?p=112025"},"modified":"2020-06-11T16:11:28","modified_gmt":"2020-06-11T19:11:28","slug":"coronavirus-preocupa-los-casos-positivos-en-trabajadores-esenciales-de-la-region","status":"publish","type":"post","link":"https:\/\/www.hoymercedes.com.ar\/principal\/2020\/06\/11\/coronavirus-preocupa-los-casos-positivos-en-trabajadores-esenciales-de-la-region\/","title":{"rendered":"Coronavirus: preocupa los casos positivos en trabajadores esenciales de la regi\u00f3n"},"content":{"rendered":"\n<p>En las localidades de la regi\u00f3n se han sumado m\u00e1s pacientes con coronavirus. La mayor\u00eda tienen algo en com\u00fan, son trabajadores en los rubros alimenticios, esenciales y con permisos especiales desde el d\u00eda 1 de la cuarentena determinada por Naci\u00f3n. En Jun\u00edn, San Andr\u00e9s de Giles, San Antonio de Areco y en Chacabuco  confirmaron que verduleros dieron positivos en sus estudios, mientras que en Salto el paciente positivo trabaja en la f\u00e1brica Bagley y en Capit\u00e1n Sarmiento y Arrecifes los trabajadores de una empresa de producci\u00f3n alimentaria debieron ser atendidos por COVD-19. <\/p>\n\n\n\n<p>Las verdulerias de la regi\u00f3n est\u00e1n en vilo. De hecho, en San Andr\u00e9s de Giles el Municipio solicit\u00f3 el cierre preventivo de los comercios del rubro porque los dos pacientes positivos de COVID-19 conocidos d\u00edas atr\u00e1s trabajan en verduler\u00edas y recientemente viajaron al Mercado Central a buscar mercader\u00eda. Lo mismo que el comerciante de Jun\u00edn, cuya mujer dio positivo al igual que su empleado. El verdulero de esta localidad adem\u00e1s recorri\u00f3 pueblos rurales de alrededor entregando mercader\u00eda. Por su parte, el verdulero de Chacabuco, habr\u00eda contra\u00eddo el virus en el Mercado de Escobar. <\/p>\n\n\n\n<p>Estos casos positivos motivaron agresiones y solidaridad con los pacientes. Algunos de sus vecinos tomaron actitudes negativas como quemar las herramientas de trabajo, el caso del incendio de la camioneta del verdulero de Jun\u00edn, o hechos de discriminaci\u00f3n a la comunidad boliviana en San Andr\u00e9s de Giles que mereci\u00f3 una respuesta por parte de sus representantes para que \u00abno los juzguen\u00bb y se unan a la cadena de oraci\u00f3n por sus compatriotas afectados por el COVID-19. <\/p>\n\n\n\n<p>En Capit\u00e1n Sarmiento, que tienen 28 pacientes positivos,  tambi\u00e9n hay entre los pacientes en positivo trabajadores del sector de venta de frutas y verduras. Uno de ellos habr\u00eda sido el caso \u00edndice en esta localidad, ya que tambi\u00e9n trabaja en Granja Tres Arroyos. Todav\u00eda aparecen pacientes con COVID, personas vinculadas a los trabajadores de la empresa de producci\u00f3n av\u00edcola. Un foco de contagio que repercuti\u00f3 en las localidades de San Antonio de Areco y Arrecifes. <\/p>\n\n\n\n<p>En la jornada del mi\u00e9rcoles, se conoci\u00f3 que en Salto, apareci\u00f3 un caso positivo de covid-19. Se trata de un trabajador de la planta Bagley. Tanto el paciente como su familia se encuentran aislados. Sin embargo, algunos de sus compa\u00f1eros de trabajo comenzaron a tener s\u00edntomas y est\u00e1n siendo estudiados, m\u00e1s all\u00e1 de mantenerlos aislados a ellos y a sus familias. A su vez, un trabajador de la planta, oriundo de Carmen de Areco dio negativo, aunque el municipio de Areco determin\u00f3, por prevenci\u00f3n, el aislamiento obligatorio tanto a los vecinos de su ciudad que trabajan en la planta de Salto como a sus nucleo familiar. <\/p>\n\n\n\n<p>En tanto, en Luj\u00e1n, con 63 casos positivos, de los cuales un alto porcentaje son menores de 10 a\u00f1os de edad. Uno de los focos de mayor concentraci\u00f3n es la Colonia Montes de Oca y sigue en investigaci\u00f3n c\u00f3mo contrajeron el virus los siete beb\u00e9s de menos de 2 a\u00f1os., cuyos padres dieron negativo en el estudio PCR. <\/p>\n","protected":false},"excerpt":{"rendered":"<p>En las localidades de la regi\u00f3n se han sumado m\u00e1s pacientes con coronavirus. La mayor\u00eda tienen algo en com\u00fan, son &#8230; <a title=\"Coronavirus: preocupa los casos positivos en trabajadores esenciales de la regi\u00f3n\" class=\"read-more\" href=\"https:\/\/www.hoymercedes.com.ar\/principal\/2020\/06\/11\/coronavirus-preocupa-los-casos-positivos-en-trabajadores-esenciales-de-la-region\/\" aria-label=\"Leer m\u00e1s sobre Coronavirus: preocupa los casos positivos en trabajadores esenciales de la regi\u00f3n\">Leer m\u00e1s<\/a><\/p>\n","protected":false},"author":1,"featured_media":111450,"comment_status":"closed","ping_status":"open","sticky":false,"template":"","format":"standard","meta":{"_monsterinsights_skip_tracking":false,"_monsterinsights_sitenote_active":false,"_monsterinsights_sitenote_note":"","_monsterinsights_sitenote_category":0,"jetpack_post_was_ever_published":false,"_jetpack_newsletter_access":"","_jetpack_dont_email_post_to_subs":false,"_jetpack_newsletter_tier_id":0,"_jetpack_memberships_contains_paywalled_content":false,"_jetpack_memberships_contains_paid_content":false,"footnotes":"","jetpack_publicize_message":"","jetpack_publicize_feature_enabled":true,"jetpack_social_post_already_shared":true,"jetpack_social_options":{"image_generator_settings":{"template":"highway","default_image_id":0,"font":"","enabled":false},"version":2},"_wpas_customize_per_network":false},"categories":[5501],"tags":[16428,16175,16313,9322,134],"class_list":["post-112025","post","type-post","status-publish","format-standard","has-post-thumbnail","hentry","category-region","tag-casos-positivos","tag-coronavirus","tag-covid-19","tag-region","tag-salud","generate-columns","tablet-grid-50","mobile-grid-100","grid-parent","grid-50"],"jetpack_publicize_connections":[],"jetpack_featured_media_url":"https:\/\/www.hoymercedes.com.ar\/principal\/wp-content\/uploads\/2020\/05\/31-Coronavirus-Estudios-696x429-1.jpg","wps_subtitle":"Informaci\u00f3n sanitaria regional","jetpack_sharing_enabled":true,"_links":{"self":[{"href":"https:\/\/www.hoymercedes.com.ar\/principal\/wp-json\/wp\/v2\/posts\/112025","targetHints":{"allow":["GET"]}}],"collection":[{"href":"https:\/\/www.hoymercedes.com.ar\/principal\/wp-json\/wp\/v2\/posts"}],"about":[{"href":"https:\/\/www.hoymercedes.com.ar\/principal\/wp-json\/wp\/v2\/types\/post"}],"author":[{"embeddable":true,"href":"https:\/\/www.hoymercedes.com.ar\/principal\/wp-json\/wp\/v2\/users\/1"}],"replies":[{"embeddable":true,"href":"https:\/\/www.hoymercedes.com.ar\/principal\/wp-json\/wp\/v2\/comments?post=112025"}],"version-history":[{"count":0,"href":"https:\/\/www.hoymercedes.com.ar\/principal\/wp-json\/wp\/v2\/posts\/112025\/revisions"}],"wp:featuredmedia":[{"embeddable":true,"href":"https:\/\/www.hoymercedes.com.ar\/principal\/wp-json\/wp\/v2\/media\/111450"}],"wp:attachment":[{"href":"https:\/\/www.hoymercedes.com.ar\/principal\/wp-json\/wp\/v2\/media?parent=112025"}],"wp:term":[{"taxonomy":"category","embeddable":true,"href":"https:\/\/www.hoymercedes.com.ar\/principal\/wp-json\/wp\/v2\/categories?post=112025"},{"taxonomy":"post_tag","embeddable":true,"href":"https:\/\/www.hoymercedes.com.ar\/principal\/wp-json\/wp\/v2\/tags?post=112025"}],"curies":[{"name":"wp","href":"https:\/\/api.w.org\/{rel}","templated":true}]}}