{"id":112041,"date":"2020-06-11T12:34:00","date_gmt":"2020-06-11T15:34:00","guid":{"rendered":"http:\/\/www.hoymercedes.com.ar\/principal\/?p=112041"},"modified":"2020-06-11T16:12:10","modified_gmt":"2020-06-11T19:12:10","slug":"arreglos-y-mejoras-en-los-caminos-rurales","status":"publish","type":"post","link":"https:\/\/www.hoymercedes.com.ar\/principal\/2020\/06\/11\/arreglos-y-mejoras-en-los-caminos-rurales\/","title":{"rendered":"Arreglos y mejoras en los caminos rurales"},"content":{"rendered":"\n<p>La Municipalidad de Mercedes lleva adelante un plan de recuperaci\u00f3n y mantenimiento de caminos rurales y semi rurales de la ciudad y alrededores. A trav\u00e9s de estas tareas se trata de dar mayor accesibilidad a establecimientos educativos, centros de salud y cascos urbanos. Se est\u00e1n ejecutando trabajos de abovedados, recuperaci\u00f3n de banquinas, nivelaci\u00f3n y entoscado.\u00a0\u00a0<\/p>\n\n\n\n<p>\u201cLa idea principal es que estos caminos tengan un buen drenaje y est\u00e9n en condiciones para el tr\u00e1nsito diario de las personas de la zona\u201d asegur\u00f3 Luis Ponce, Subsecretario de Servicios P\u00fablicos y apunt\u00f3 \u201cestamos trabajando en la zona de Garc\u00eda, La Florida, Altamira, Agote y Gowland, previendo los problemas que se puedan suscitar y buscando una \u00f3ptima transitabilidad de estas calles\u201d.&nbsp;<\/p>\n\n\n\n<p>Por su parte, el director de Servicios P\u00fablicos, Daniel Apezteguia indic\u00f3 \u201clas buenas condiciones clim\u00e1ticas de estos d\u00edas han permitido que el equipamiento vial pueda trabajar sin complicaciones en diferentes puntos y as\u00ed poner en condiciones estos caminos, en muchos casos esenciales para los vecinos del lugar\u201d<\/p>\n","protected":false},"excerpt":{"rendered":"<p>La Municipalidad de Mercedes lleva adelante un plan de recuperaci\u00f3n y mantenimiento de caminos rurales y semi rurales de la &#8230; <a title=\"Arreglos y mejoras en los caminos rurales\" class=\"read-more\" href=\"https:\/\/www.hoymercedes.com.ar\/principal\/2020\/06\/11\/arreglos-y-mejoras-en-los-caminos-rurales\/\" aria-label=\"Leer m\u00e1s sobre Arreglos y mejoras en los caminos rurales\">Leer m\u00e1s<\/a><\/p>\n","protected":false},"author":1,"featured_media":112042,"comment_status":"closed","ping_status":"open","sticky":false,"template":"","format":"standard","meta":{"_monsterinsights_skip_tracking":false,"_monsterinsights_sitenote_active":false,"_monsterinsights_sitenote_note":"","_monsterinsights_sitenote_category":0,"jetpack_post_was_ever_published":false,"_jetpack_newsletter_access":"","_jetpack_dont_email_post_to_subs":false,"_jetpack_newsletter_tier_id":0,"_jetpack_memberships_contains_paywalled_content":false,"_jetpack_memberships_contains_paid_content":false,"footnotes":"","jetpack_publicize_message":"","jetpack_publicize_feature_enabled":true,"jetpack_social_post_already_shared":true,"jetpack_social_options":{"image_generator_settings":{"template":"highway","default_image_id":0,"font":"","enabled":false},"version":2},"_wpas_customize_per_network":false},"categories":[8],"tags":[8620,5700,16713,244,8628],"class_list":["post-112041","post","type-post","status-publish","format-standard","has-post-thumbnail","hentry","category-sociedad","tag-arreglos","tag-caminos-rurales","tag-mejoras","tag-municipio-2","tag-servicios-publicos","generate-columns","tablet-grid-50","mobile-grid-100","grid-parent","grid-50"],"jetpack_publicize_connections":[],"jetpack_featured_media_url":"https:\/\/www.hoymercedes.com.ar\/principal\/wp-content\/uploads\/2020\/06\/11-caminos-rurales.jpeg","wps_subtitle":"","jetpack_sharing_enabled":true,"_links":{"self":[{"href":"https:\/\/www.hoymercedes.com.ar\/principal\/wp-json\/wp\/v2\/posts\/112041","targetHints":{"allow":["GET"]}}],"collection":[{"href":"https:\/\/www.hoymercedes.com.ar\/principal\/wp-json\/wp\/v2\/posts"}],"about":[{"href":"https:\/\/www.hoymercedes.com.ar\/principal\/wp-json\/wp\/v2\/types\/post"}],"author":[{"embeddable":true,"href":"https:\/\/www.hoymercedes.com.ar\/principal\/wp-json\/wp\/v2\/users\/1"}],"replies":[{"embeddable":true,"href":"https:\/\/www.hoymercedes.com.ar\/principal\/wp-json\/wp\/v2\/comments?post=112041"}],"version-history":[{"count":0,"href":"https:\/\/www.hoymercedes.com.ar\/principal\/wp-json\/wp\/v2\/posts\/112041\/revisions"}],"wp:featuredmedia":[{"embeddable":true,"href":"https:\/\/www.hoymercedes.com.ar\/principal\/wp-json\/wp\/v2\/media\/112042"}],"wp:attachment":[{"href":"https:\/\/www.hoymercedes.com.ar\/principal\/wp-json\/wp\/v2\/media?parent=112041"}],"wp:term":[{"taxonomy":"category","embeddable":true,"href":"https:\/\/www.hoymercedes.com.ar\/principal\/wp-json\/wp\/v2\/categories?post=112041"},{"taxonomy":"post_tag","embeddable":true,"href":"https:\/\/www.hoymercedes.com.ar\/principal\/wp-json\/wp\/v2\/tags?post=112041"}],"curies":[{"name":"wp","href":"https:\/\/api.w.org\/{rel}","templated":true}]}}