{"id":112056,"date":"2020-06-11T18:13:00","date_gmt":"2020-06-11T21:13:00","guid":{"rendered":"http:\/\/www.hoymercedes.com.ar\/principal\/?p=112056"},"modified":"2020-06-11T17:30:11","modified_gmt":"2020-06-11T20:30:11","slug":"colocan-canos-para-los-desagues-pluviales-en-el-barrio-favaloro","status":"publish","type":"post","link":"https:\/\/www.hoymercedes.com.ar\/principal\/2020\/06\/11\/colocan-canos-para-los-desagues-pluviales-en-el-barrio-favaloro\/","title":{"rendered":"Colocan ca\u00f1os para los desag\u00fces pluviales en el Barrio Favaloro"},"content":{"rendered":"\n<p>El \u00e1rea de Servicios P\u00fablicos comenz\u00f3 esta semana con la colocaci\u00f3n de ca\u00f1os de desag\u00fces  para  el escurrimiento del agua en la zona del barrio Favaloro. En esa zona hab\u00eda una zanja que imped\u00eda el ingreso a los terrenos entregados en el marco del programa Mi Terreno. Los ca\u00f1os permitir\u00e1n el ingreso y egreso de cada uno de los terrenos. <\/p>\n\n\n\n<p>\u201cSe est\u00e1n entubando los frentes de cada lote, con ca\u00f1os de 80 pulgadas, para un mejor escurrimiento del agua en la zona\u201d, explicaron desde el \u00e1rea.  \u00abSi bien los mismo fueron adquiridos por la Municipalidad, los beneficiarios reintegraran el valor de la inversi\u00f3n tras haberlo acordado cada uno de los beneficiarios con la Direcci\u00f3n de Tierras de la Municipalidad\u201d, puntualiz\u00f3 Luis Ponce, Subsecretario de Servicios P\u00fablicos.<\/p>\n\n\n\n<p>Por su parte, la Directora de Tierras, Valeria Ilarraz, se\u00f1al\u00f3 \u201cque a\u00fan falta que EDEN contin\u00fae y concluya la obra energ\u00e9tica para que los vecinos, con quienes estamos en permanente contacto, firmen los correspondientes boletos. Algunos ya comenzaron a realizar las obras sin contar con energ\u00eda, pero a partir de la firma de los boletos, aquellos que no comenzaron tendr\u00e1n seis meses para iniciar la obra\u201d.<\/p>\n\n\n\n<p>Concluida la colocaci\u00f3n de los ca\u00f1os, la Subsecretar\u00eda de Servicios P\u00fablicos avanzar\u00e1 con las tareas en otro sector de la ciudad donde m\u00e1s m\u00e1s de un centenar de familias de la ciudad recibir\u00e1n terrenos.<\/p>\n","protected":false},"excerpt":{"rendered":"<p>El \u00e1rea de Servicios P\u00fablicos comenz\u00f3 esta semana con la colocaci\u00f3n de ca\u00f1os de desag\u00fces para el escurrimiento del agua &#8230; <a title=\"Colocan ca\u00f1os para los desag\u00fces pluviales en el Barrio Favaloro\" class=\"read-more\" href=\"https:\/\/www.hoymercedes.com.ar\/principal\/2020\/06\/11\/colocan-canos-para-los-desagues-pluviales-en-el-barrio-favaloro\/\" aria-label=\"Leer m\u00e1s sobre Colocan ca\u00f1os para los desag\u00fces pluviales en el Barrio Favaloro\">Leer m\u00e1s<\/a><\/p>\n","protected":false},"author":1,"featured_media":112059,"comment_status":"closed","ping_status":"open","sticky":false,"template":"","format":"standard","meta":{"_monsterinsights_skip_tracking":false,"_monsterinsights_sitenote_active":false,"_monsterinsights_sitenote_note":"","_monsterinsights_sitenote_category":0,"jetpack_post_was_ever_published":false,"_jetpack_newsletter_access":"","_jetpack_dont_email_post_to_subs":false,"_jetpack_newsletter_tier_id":0,"_jetpack_memberships_contains_paywalled_content":false,"_jetpack_memberships_contains_paid_content":false,"footnotes":"","jetpack_publicize_message":"","jetpack_publicize_feature_enabled":true,"jetpack_social_post_already_shared":true,"jetpack_social_options":{"image_generator_settings":{"template":"highway","default_image_id":0,"font":"","enabled":false},"version":2},"_wpas_customize_per_network":false},"categories":[30],"tags":[],"class_list":["post-112056","post","type-post","status-publish","format-standard","has-post-thumbnail","hentry","category-municipio","generate-columns","tablet-grid-50","mobile-grid-100","grid-parent","grid-50"],"jetpack_publicize_connections":[],"jetpack_featured_media_url":"https:\/\/www.hoymercedes.com.ar\/principal\/wp-content\/uploads\/2020\/06\/11-muni-ca\u00f1o-faval.jpeg","wps_subtitle":"Obras p\u00fablicas ","jetpack_sharing_enabled":true,"_links":{"self":[{"href":"https:\/\/www.hoymercedes.com.ar\/principal\/wp-json\/wp\/v2\/posts\/112056","targetHints":{"allow":["GET"]}}],"collection":[{"href":"https:\/\/www.hoymercedes.com.ar\/principal\/wp-json\/wp\/v2\/posts"}],"about":[{"href":"https:\/\/www.hoymercedes.com.ar\/principal\/wp-json\/wp\/v2\/types\/post"}],"author":[{"embeddable":true,"href":"https:\/\/www.hoymercedes.com.ar\/principal\/wp-json\/wp\/v2\/users\/1"}],"replies":[{"embeddable":true,"href":"https:\/\/www.hoymercedes.com.ar\/principal\/wp-json\/wp\/v2\/comments?post=112056"}],"version-history":[{"count":0,"href":"https:\/\/www.hoymercedes.com.ar\/principal\/wp-json\/wp\/v2\/posts\/112056\/revisions"}],"wp:featuredmedia":[{"embeddable":true,"href":"https:\/\/www.hoymercedes.com.ar\/principal\/wp-json\/wp\/v2\/media\/112059"}],"wp:attachment":[{"href":"https:\/\/www.hoymercedes.com.ar\/principal\/wp-json\/wp\/v2\/media?parent=112056"}],"wp:term":[{"taxonomy":"category","embeddable":true,"href":"https:\/\/www.hoymercedes.com.ar\/principal\/wp-json\/wp\/v2\/categories?post=112056"},{"taxonomy":"post_tag","embeddable":true,"href":"https:\/\/www.hoymercedes.com.ar\/principal\/wp-json\/wp\/v2\/tags?post=112056"}],"curies":[{"name":"wp","href":"https:\/\/api.w.org\/{rel}","templated":true}]}}