{"id":112080,"date":"2020-06-12T09:26:23","date_gmt":"2020-06-12T12:26:23","guid":{"rendered":"http:\/\/www.hoymercedes.com.ar\/principal\/?p=112080"},"modified":"2020-06-12T11:24:34","modified_gmt":"2020-06-12T14:24:34","slug":"inician-causa-y-detienen-a-joven-por-violar-la-cuarentena-siendo-contacto-de-paciente-covid","status":"publish","type":"post","link":"https:\/\/www.hoymercedes.com.ar\/principal\/2020\/06\/12\/inician-causa-y-detienen-a-joven-por-violar-la-cuarentena-siendo-contacto-de-paciente-covid\/","title":{"rendered":"Inician causa y detienen a joven por violar la cuarentena siendo contacto de paciente covid"},"content":{"rendered":"\n<p>Fue detenido y llevado a la Comisar\u00eda Comunal. Un joven que es contacto estrecho de la familia del foco de contagio de covid-19 suscitado en nuestra ciudad, obligado sanitariamente a mantenerse en cuarentena, fue encontrado incumpli\u00e9ndola y fue detenido por la Polic\u00eda e iniciada una causa penal a instancias de la Justicia Federal.<\/p>\n\n\n\n<p>Un vecino de nuestra ciudad viol\u00f3 la cuarentena obligatoria que deb\u00eda cumplir dado que es contacto estrecho de una de las familias afectadas por covid-19 y que est\u00e1n bajo tratamiento sanitario y aislado.<\/p>\n\n\n\n<p>El masculino decidi\u00f3 no cumplir la ley y dirigirse a atender un quiosco que ser\u00eda de su propiedad. Vecinos, que detectaron el tema, se comunicaron con la l\u00ednea de asistencia al vecino 147 y all\u00ed la Secretar\u00eda de Seguridad que inmediatamente avisa a la Polic\u00eda Comunal quien se dirige a la zona constatando efectivamente el incumplimiento.<br>El operativo permiti\u00f3 detenerlo y llevarlo a la Comisar\u00eda Comunal dando intervenci\u00f3n a la Justicia Federal con participaci\u00f3n del Secretaria de Miguel Ari\u00f1o.<\/p>\n\n\n\n<p>El vecino, adem\u00e1s, estaba en seguimiento por parte de la Secretar\u00eda de Salud dado el riesgo que corr\u00eda \u00e9l como as\u00ed tambi\u00e9n quien eventualmente se vinculara.<\/p>\n\n\n\n<p>Vale recordar que el pasado 2 de junio se dio el primer caso de covid-19 a trav\u00e9s de un masculino que hab\u00eda salido de Mercedes contrayendo el virus para luego contagiar a su grupo familiar directo, con otros 5 casos m\u00e1s y a su vez \u00e9stos al tener sin permiso una reuni\u00f3n con otro grupo familiar gener\u00f3 otros 5 contagios y, nuevamente, estos un contagio m\u00e1s llevando a 13 casos desde uno.<\/p>\n\n\n\n<p>El vecino detenido y con inicio de causa federal era, justamente, contacto estrecho de ese n\u00facleo desatado, de ah\u00ed la gravedad del asunto.<\/p>\n","protected":false},"excerpt":{"rendered":"<p>Fue detenido y llevado a la Comisar\u00eda Comunal. Un joven que es contacto estrecho de la familia del foco de &#8230; <a title=\"Inician causa y detienen a joven por violar la cuarentena siendo contacto de paciente covid\" class=\"read-more\" href=\"https:\/\/www.hoymercedes.com.ar\/principal\/2020\/06\/12\/inician-causa-y-detienen-a-joven-por-violar-la-cuarentena-siendo-contacto-de-paciente-covid\/\" aria-label=\"Leer m\u00e1s sobre Inician causa y detienen a joven por violar la cuarentena siendo contacto de paciente covid\">Leer m\u00e1s<\/a><\/p>\n","protected":false},"author":1,"featured_media":41186,"comment_status":"closed","ping_status":"open","sticky":false,"template":"","format":"standard","meta":{"_monsterinsights_skip_tracking":false,"_monsterinsights_sitenote_active":false,"_monsterinsights_sitenote_note":"","_monsterinsights_sitenote_category":0,"jetpack_post_was_ever_published":false,"_jetpack_newsletter_access":"","_jetpack_dont_email_post_to_subs":false,"_jetpack_newsletter_tier_id":0,"_jetpack_memberships_contains_paywalled_content":false,"_jetpack_memberships_contains_paid_content":false,"footnotes":"","jetpack_publicize_message":"","jetpack_publicize_feature_enabled":true,"jetpack_social_post_already_shared":true,"jetpack_social_options":{"image_generator_settings":{"template":"highway","default_image_id":0,"font":"","enabled":false},"version":2},"_wpas_customize_per_network":false},"categories":[85],"tags":[16417,16175,16313,10352,96],"class_list":["post-112080","post","type-post","status-publish","format-standard","has-post-thumbnail","hentry","category-policial","tag-aislamiento","tag-coronavirus","tag-covid-19","tag-detencion","tag-policial-2","generate-columns","tablet-grid-50","mobile-grid-100","grid-parent","grid-50"],"jetpack_publicize_connections":[],"jetpack_featured_media_url":"https:\/\/www.hoymercedes.com.ar\/principal\/wp-content\/uploads\/2015\/04\/DSC_0016.jpg","wps_subtitle":"Actuaci\u00f3n Federal","jetpack_sharing_enabled":true,"_links":{"self":[{"href":"https:\/\/www.hoymercedes.com.ar\/principal\/wp-json\/wp\/v2\/posts\/112080","targetHints":{"allow":["GET"]}}],"collection":[{"href":"https:\/\/www.hoymercedes.com.ar\/principal\/wp-json\/wp\/v2\/posts"}],"about":[{"href":"https:\/\/www.hoymercedes.com.ar\/principal\/wp-json\/wp\/v2\/types\/post"}],"author":[{"embeddable":true,"href":"https:\/\/www.hoymercedes.com.ar\/principal\/wp-json\/wp\/v2\/users\/1"}],"replies":[{"embeddable":true,"href":"https:\/\/www.hoymercedes.com.ar\/principal\/wp-json\/wp\/v2\/comments?post=112080"}],"version-history":[{"count":0,"href":"https:\/\/www.hoymercedes.com.ar\/principal\/wp-json\/wp\/v2\/posts\/112080\/revisions"}],"wp:featuredmedia":[{"embeddable":true,"href":"https:\/\/www.hoymercedes.com.ar\/principal\/wp-json\/wp\/v2\/media\/41186"}],"wp:attachment":[{"href":"https:\/\/www.hoymercedes.com.ar\/principal\/wp-json\/wp\/v2\/media?parent=112080"}],"wp:term":[{"taxonomy":"category","embeddable":true,"href":"https:\/\/www.hoymercedes.com.ar\/principal\/wp-json\/wp\/v2\/categories?post=112080"},{"taxonomy":"post_tag","embeddable":true,"href":"https:\/\/www.hoymercedes.com.ar\/principal\/wp-json\/wp\/v2\/tags?post=112080"}],"curies":[{"name":"wp","href":"https:\/\/api.w.org\/{rel}","templated":true}]}}