{"id":11209,"date":"2012-03-02T01:44:08","date_gmt":"2012-03-02T01:44:08","guid":{"rendered":"http:\/\/www.hoymercedes.com.ar\/principal\/?p=11209"},"modified":"2012-03-02T01:44:08","modified_gmt":"2012-03-02T01:44:08","slug":"juventud-peronista-de-mercedes-presenta-una-muestra-sobre-eva-peron","status":"publish","type":"post","link":"https:\/\/www.hoymercedes.com.ar\/principal\/2012\/03\/02\/juventud-peronista-de-mercedes-presenta-una-muestra-sobre-eva-peron\/","title":{"rendered":"Juventud Peronista de Mercedes presenta una muestra sobre Eva Per\u00f3n"},"content":{"rendered":"<p>Se trata de los integrantes de la Agrupaci\u00f3n 17 de Octubre quienes contar\u00e1n con el apoyo de la Agrupaci\u00f3n Peronismo Militante de la ciudad de Luj\u00e1n con quienes trabajan juntos desde hace tiempo. En el Concejo Deliberante tambi\u00e9n habr\u00e1 una muestra de cuadros organizado de manera institucional por el Municipio.<\/p>\n<p>Desde el 5 hasta el 9 de marzo se llevar\u00e1 a cabo en la sede de la Agrupaci\u00f3n Justicialista 17 de Octubre, funciona en la sede partidaria de Avenida 29 entre 20 y 22, una muestra relacionada con la vida de Mar\u00eda Eva Duarte de Per\u00f3n en el marco de la Semana de la Mujer organizada por los integrantes de la Juventud de la misma<\/p>\n<p>En tal sentido el Concejal M\u00e9ndez precis\u00f3 \u201cse trata de un acto especial que los j\u00f3venes de la Agrupaci\u00f3n realizamos teniendo en cuenta que nada mejor que rendir un homenaje a todas las mujeres mostrando la diferentes facetas que tuvo la vida de Eva Per\u00f3n, para muchos Evita.<\/p>\n<p>Esta muestra la hacemos en conjunto con integrantes de la Juventud del Peronismo Militante de la ciudad de Luj\u00e1n con quienes desde hace tiempo venimos realizando tareas comunes fortaleciendo la juventud partidaria en la zona.<\/p>\n<p>Ustedes recordar\u00e1n que hace un tiempo este grupo de j\u00f3venes realiz\u00f3 en nuestra ciudad, concretamente en las instalaciones del Ex Instituto Mart\u00edn Rodr\u00edguez un campamento en el cual participaron j\u00f3venes de la mayor\u00eda de las ciudades de la provincia ubicadas en el \u00e1rea metropolitana, es decir las m\u00e1s cercanas a la Capital Federal, contando con el apoyo de nuestros integrantes.<\/p>\n<p>El lunes 5 a partir de las 19.00 vamos a concretar la apertura formar de la muestra y tras las habituales palabras de los representantes elegidos estaremos proyectando el primer video relacionado con la vida de Mar\u00eda Eva Duarte de Per\u00f3n, el martes haremos un panel con j\u00f3venes y vamos a contar con la presencia de un concejal de Luj\u00e1n que es justamente integrante de Peronismo Militante y la referente local Sabrina Selva.<\/p>\n<p>Luego el mi\u00e9rcoles tendremos otro video sobre Eva Per\u00f3n y tendremos uno de N\u00e9stor Kirchner y as\u00ed llegaremos al 9 con el acto de cierre siempre en la avenida 29 entre 20 y 22 donde esperamos a todos los j\u00f3venes de la ciudad.<\/p>\n<p>Este ser\u00e1 al mismo tiempo nuestro aporte como j\u00f3venes para el D\u00eda de la Mujer que es el 8, as\u00ed que ya nos encontramos trabajando en la clasificaci\u00f3n de las diferentes fotos y trabajos que se van a mostrar concretando dicha clasificaci\u00f3n de manera cronol\u00f3gica con los elementos que esta oportunidad nos aporta la gente de Luj\u00e1n.<\/p>\n<p>Hago la aclaraci\u00f3n porque en las instalaciones del Concejo Deliberante tambi\u00e9n se llevar\u00e1 a cabo una muestra sobre el D\u00eda de la Mujer pero es algo directamente institucional generado desde el gobierno municipal, muestra que tambi\u00e9n tendr\u00e1 relaci\u00f3n con la vida de Evita pero en este aso se trata de material, concretamente cuadros, que se traer\u00e1n desde Los Toldos\u201d<\/p>\n","protected":false},"excerpt":{"rendered":"<p>Se trata de los integrantes de la Agrupaci\u00f3n 17 de Octubre quienes contar\u00e1n con el apoyo de la Agrupaci\u00f3n Peronismo &#8230; <a title=\"Juventud Peronista de Mercedes presenta una muestra sobre Eva Per\u00f3n\" class=\"read-more\" href=\"https:\/\/www.hoymercedes.com.ar\/principal\/2012\/03\/02\/juventud-peronista-de-mercedes-presenta-una-muestra-sobre-eva-peron\/\" aria-label=\"Leer m\u00e1s sobre Juventud Peronista de Mercedes presenta una muestra sobre Eva Per\u00f3n\">Leer m\u00e1s<\/a><\/p>\n","protected":false},"author":1,"featured_media":0,"comment_status":"open","ping_status":"open","sticky":false,"template":"","format":"standard","meta":{"_monsterinsights_skip_tracking":false,"_monsterinsights_sitenote_active":false,"_monsterinsights_sitenote_note":"","_monsterinsights_sitenote_category":0,"jetpack_post_was_ever_published":false,"_jetpack_newsletter_access":"","_jetpack_dont_email_post_to_subs":false,"_jetpack_newsletter_tier_id":0,"_jetpack_memberships_contains_paywalled_content":false,"_jetpack_memberships_contains_paid_content":false,"footnotes":"","jetpack_publicize_message":"","jetpack_publicize_feature_enabled":true,"jetpack_social_post_already_shared":false,"jetpack_social_options":{"image_generator_settings":{"template":"highway","default_image_id":0,"font":"","enabled":false},"version":2},"_wpas_customize_per_network":false},"categories":[5],"tags":[751,1912],"class_list":["post-11209","post","type-post","status-publish","format-standard","hentry","category-politica","tag-juventud-17-de-octubre","tag-muestra-eva-peron","generate-columns","tablet-grid-50","mobile-grid-100","grid-parent","grid-50"],"jetpack_publicize_connections":[],"jetpack_featured_media_url":"","wps_subtitle":"","jetpack_sharing_enabled":true,"_links":{"self":[{"href":"https:\/\/www.hoymercedes.com.ar\/principal\/wp-json\/wp\/v2\/posts\/11209","targetHints":{"allow":["GET"]}}],"collection":[{"href":"https:\/\/www.hoymercedes.com.ar\/principal\/wp-json\/wp\/v2\/posts"}],"about":[{"href":"https:\/\/www.hoymercedes.com.ar\/principal\/wp-json\/wp\/v2\/types\/post"}],"author":[{"embeddable":true,"href":"https:\/\/www.hoymercedes.com.ar\/principal\/wp-json\/wp\/v2\/users\/1"}],"replies":[{"embeddable":true,"href":"https:\/\/www.hoymercedes.com.ar\/principal\/wp-json\/wp\/v2\/comments?post=11209"}],"version-history":[{"count":0,"href":"https:\/\/www.hoymercedes.com.ar\/principal\/wp-json\/wp\/v2\/posts\/11209\/revisions"}],"wp:attachment":[{"href":"https:\/\/www.hoymercedes.com.ar\/principal\/wp-json\/wp\/v2\/media?parent=11209"}],"wp:term":[{"taxonomy":"category","embeddable":true,"href":"https:\/\/www.hoymercedes.com.ar\/principal\/wp-json\/wp\/v2\/categories?post=11209"},{"taxonomy":"post_tag","embeddable":true,"href":"https:\/\/www.hoymercedes.com.ar\/principal\/wp-json\/wp\/v2\/tags?post=11209"}],"curies":[{"name":"wp","href":"https:\/\/api.w.org\/{rel}","templated":true}]}}