{"id":112097,"date":"2020-06-12T19:05:06","date_gmt":"2020-06-12T22:05:06","guid":{"rendered":"http:\/\/www.hoymercedes.com.ar\/principal\/?p=112097"},"modified":"2020-06-12T19:07:45","modified_gmt":"2020-06-12T22:07:45","slug":"reunion-del-comite-de-crisis-evaluo-la-fase-4-en-la-ciudad","status":"publish","type":"post","link":"https:\/\/www.hoymercedes.com.ar\/principal\/2020\/06\/12\/reunion-del-comite-de-crisis-evaluo-la-fase-4-en-la-ciudad\/","title":{"rendered":"Reuni\u00f3n del Comit\u00e9 de Crisis evalu\u00f3 la fase 4 en la ciudad"},"content":{"rendered":"\n<p>Durante la ma\u00f1ana de este viernes se volvi\u00f3 a reunir el Comit\u00e9 de Crisis. Convocados por el intendente Ustarroz el encuentro permiti\u00f3 analizar lo sucedido en las \u00faltimas jornadas, la intervenci\u00f3n del foco de covid-19, el dispositivo Comit\u00e9 Operativo de Emergencia, el lanzamiento de aplicaci\u00f3n m\u00f3vil para viajantes y\u00a0\u00a0geri\u00e1tricos y que se espera de ac\u00e1 en adelante el inicio de los picos de contagio especialmente en AMBA y CABA donde cientos de vecinos trabajan cotidianamente.<\/p>\n\n\n\n<div class=\"wp-block-image\"><figure class=\"aligncenter size-large\"><img loading=\"lazy\" decoding=\"async\" width=\"800\" height=\"600\" data-attachment-id=\"112098\" data-permalink=\"https:\/\/www.hoymercedes.com.ar\/principal\/2020\/06\/12\/reunion-del-comite-de-crisis-evaluo-la-fase-4-en-la-ciudad\/12-comite-crisis\/#main\" data-orig-file=\"https:\/\/www.hoymercedes.com.ar\/principal\/wp-content\/uploads\/2020\/06\/12-comite-crisis.jpeg\" data-orig-size=\"800,600\" data-comments-opened=\"0\" data-image-meta=\"{&quot;aperture&quot;:&quot;0&quot;,&quot;credit&quot;:&quot;&quot;,&quot;camera&quot;:&quot;&quot;,&quot;caption&quot;:&quot;&quot;,&quot;created_timestamp&quot;:&quot;0&quot;,&quot;copyright&quot;:&quot;&quot;,&quot;focal_length&quot;:&quot;0&quot;,&quot;iso&quot;:&quot;0&quot;,&quot;shutter_speed&quot;:&quot;0&quot;,&quot;title&quot;:&quot;&quot;,&quot;orientation&quot;:&quot;0&quot;}\" data-image-title=\"12 comite crisis\" data-image-description=\"\" data-image-caption=\"\" data-large-file=\"https:\/\/www.hoymercedes.com.ar\/principal\/wp-content\/uploads\/2020\/06\/12-comite-crisis.jpeg\" src=\"https:\/\/www.hoymercedes.com.ar\/principal\/wp-content\/uploads\/2020\/06\/12-comite-crisis.jpeg\" alt=\"\" class=\"wp-image-112098\"\/><\/figure><\/div>\n\n\n\n<p>La reuni\u00f3n se realiz\u00f3 bien temprano en el \u00e1mbito del Teatro Argentino, donde la sala amplia permite el distanciamiento y ejecuci\u00f3n de las medidas socio sanitarias.<\/p>\n\n\n\n<p>Se efectu\u00f3 un an\u00e1lisis fino de lo que signific\u00f3 la importante intervenci\u00f3n en el barrio Ravello, narrando que cercar el per\u00edmetro y las actividades tuvo un objetivo epidemiol\u00f3gico, de estudio, a sabiendas hab\u00eda habido un partido de futbol con asistencia de un contagiado era fundamental tener relevamiento de los vecinos por una eventual intervenci\u00f3n. De todos modos se concret\u00f3 un r\u00e1pido estudio y rastreo epidemiol\u00f3gico que facilit\u00f3 analizar 103 personas y detectar los 12 casos surgido del primero, es decir, 13 activos oportunamente anunciados.<\/p>\n\n\n\n<p>Una de las medidas que se invit\u00f3 a fomentar es que nos concienticemos de mantener los cuidados correspondientes, especialmente el mate, un elemento de socializaci\u00f3n que en \u00e9pocas de pandemia se torna sumamente peligroso por la alta posibilidad de contagio que posee.<\/p>\n\n\n\n<p>Se narr\u00f3 que \u201cestamos en el momento m\u00e1s dif\u00edcil desde AMBA y CABA. Lo que pase all\u00ed tiene un impacto directo con nuestra ciudad. A medida que crezca en dicha zona se elevan las chances de que arribe a Mercedes. Es una se\u00f1al de alerta, sobre todo por los cientos de vecinos que se ven obligados a viajar a trabajar\u201d<\/p>\n\n\n\n<p>Los geri\u00e1tricos fueron tambi\u00e9n tema de di\u00e1logo y se especific\u00f3 que se est\u00e1 trabajando con todos, que se ayud\u00f3 con diversos dispositivos, capacitaciones y hay un seguimiento muy fuerte con una gran participaci\u00f3n de cada uno de ellos, siendo muy conscientes del sector vulnerable con el que tratan.<\/p>\n\n\n\n<p>Respecto a las fases, se especific\u00f3 que cada una var\u00eda seg\u00fan determinaci\u00f3n articulada con Ministerio de Salud. En Mercedes estamos en la 4 y para aspirar a pasar a la 5 m\u00ednimo debe haber 21 d\u00edas sin casos. Nuestra ciudad de momento no se da esa situaci\u00f3n as\u00ed que por m\u00e1s que se especule no es algo que est\u00e9 en el horizonte cercano.<\/p>\n\n\n\n<p>Por parte la C\u00e1mara Econ\u00f3mica se ley\u00f3 parte de los resultados de la encuesta recientemente lanzada con casi 130 comercios encuestados.<\/p>\n\n\n\n<p>Por parte del \u00e1mbito educativo, adem\u00e1s, se inform\u00f3 el estado de situaci\u00f3n y que, en el horizonte cercano, no se ven perspectivas de inicio de clases. Tambi\u00e9n las asistencias a instituciones y datos valiosos respectos a los operativos de acompa\u00f1amiento a las familias en t\u00e9rminos alimenticios.<\/p>\n\n\n\n<p>Se espera que, el comit\u00e9 de crisis como tal, se vuelva\u00a0\u00a0reunir la semana pr\u00f3xima, pero, eventualmente si surgiera alguna necesidad est\u00e1 siempre la posibilidad de seguir articulando.<\/p>\n\n\n\n<p>Fuente: Prensa Municipal<\/p>\n","protected":false},"excerpt":{"rendered":"<p>Durante la ma\u00f1ana de este viernes se volvi\u00f3 a reunir el Comit\u00e9 de Crisis. Convocados por el intendente Ustarroz el &#8230; <a title=\"Reuni\u00f3n del Comit\u00e9 de Crisis evalu\u00f3 la fase 4 en la ciudad\" class=\"read-more\" href=\"https:\/\/www.hoymercedes.com.ar\/principal\/2020\/06\/12\/reunion-del-comite-de-crisis-evaluo-la-fase-4-en-la-ciudad\/\" aria-label=\"Leer m\u00e1s sobre Reuni\u00f3n del Comit\u00e9 de Crisis evalu\u00f3 la fase 4 en la ciudad\">Leer m\u00e1s<\/a><\/p>\n","protected":false},"author":1,"featured_media":112098,"comment_status":"closed","ping_status":"open","sticky":false,"template":"","format":"standard","meta":{"_monsterinsights_skip_tracking":false,"_monsterinsights_sitenote_active":false,"_monsterinsights_sitenote_note":"","_monsterinsights_sitenote_category":0,"jetpack_post_was_ever_published":false,"_jetpack_newsletter_access":"","_jetpack_dont_email_post_to_subs":false,"_jetpack_newsletter_tier_id":0,"_jetpack_memberships_contains_paywalled_content":false,"_jetpack_memberships_contains_paid_content":false,"footnotes":"","jetpack_publicize_message":"","jetpack_publicize_feature_enabled":true,"jetpack_social_post_already_shared":true,"jetpack_social_options":{"image_generator_settings":{"template":"highway","default_image_id":0,"font":"","enabled":false},"version":2},"_wpas_customize_per_network":false},"categories":[30],"tags":[16345,244,8684],"class_list":["post-112097","post","type-post","status-publish","format-standard","has-post-thumbnail","hentry","category-municipio","tag-comite-de-crisis","tag-municipio-2","tag-reunion","generate-columns","tablet-grid-50","mobile-grid-100","grid-parent","grid-50"],"jetpack_publicize_connections":[],"jetpack_featured_media_url":"https:\/\/www.hoymercedes.com.ar\/principal\/wp-content\/uploads\/2020\/06\/12-comite-crisis.jpeg","wps_subtitle":"","jetpack_sharing_enabled":true,"_links":{"self":[{"href":"https:\/\/www.hoymercedes.com.ar\/principal\/wp-json\/wp\/v2\/posts\/112097","targetHints":{"allow":["GET"]}}],"collection":[{"href":"https:\/\/www.hoymercedes.com.ar\/principal\/wp-json\/wp\/v2\/posts"}],"about":[{"href":"https:\/\/www.hoymercedes.com.ar\/principal\/wp-json\/wp\/v2\/types\/post"}],"author":[{"embeddable":true,"href":"https:\/\/www.hoymercedes.com.ar\/principal\/wp-json\/wp\/v2\/users\/1"}],"replies":[{"embeddable":true,"href":"https:\/\/www.hoymercedes.com.ar\/principal\/wp-json\/wp\/v2\/comments?post=112097"}],"version-history":[{"count":0,"href":"https:\/\/www.hoymercedes.com.ar\/principal\/wp-json\/wp\/v2\/posts\/112097\/revisions"}],"wp:featuredmedia":[{"embeddable":true,"href":"https:\/\/www.hoymercedes.com.ar\/principal\/wp-json\/wp\/v2\/media\/112098"}],"wp:attachment":[{"href":"https:\/\/www.hoymercedes.com.ar\/principal\/wp-json\/wp\/v2\/media?parent=112097"}],"wp:term":[{"taxonomy":"category","embeddable":true,"href":"https:\/\/www.hoymercedes.com.ar\/principal\/wp-json\/wp\/v2\/categories?post=112097"},{"taxonomy":"post_tag","embeddable":true,"href":"https:\/\/www.hoymercedes.com.ar\/principal\/wp-json\/wp\/v2\/tags?post=112097"}],"curies":[{"name":"wp","href":"https:\/\/api.w.org\/{rel}","templated":true}]}}