{"id":112107,"date":"2020-06-12T22:34:00","date_gmt":"2020-06-13T01:34:00","guid":{"rendered":"http:\/\/www.hoymercedes.com.ar\/principal\/?p=112107"},"modified":"2020-06-12T22:46:23","modified_gmt":"2020-06-13T01:46:23","slug":"coronavirus-confirman-mas-pacientes-positivos-en-la-region","status":"publish","type":"post","link":"https:\/\/www.hoymercedes.com.ar\/principal\/2020\/06\/12\/coronavirus-confirman-mas-pacientes-positivos-en-la-region\/","title":{"rendered":"Coronavirus: confirman m\u00e1s pacientes positivos en la regi\u00f3n"},"content":{"rendered":"\n<p>En Mercedes no registr\u00f3 nuevos casos positivos, pero s\u00ed dos pacientes est\u00e1n a la espera de los resultados de sus estudios y m\u00e1s de 150 personas est\u00e1n aisladas y en seguimiento por la Secretar\u00eda de Salud Municipal. No obstante, es la regi\u00f3n la que preocupa. En el Municipio de San Andr\u00e9s de Giles, se sumaron tres nuevos positivos y Luj\u00e1n confirm\u00f3 5 pacientes m\u00e1s. Meintras tanto, en Salto son 14 los trabajadores de una f\u00e1brica de alimentos los que dieron positivo. <\/p>\n\n\n\n<p>Las localidades vecinas Luj\u00e1n y San Andr\u00e9s de Giles suman nuevos pacientes con covid-19. En Giles, el Jefe Comunal Puglelli confirm\u00f3 que de los 12 hisopados realizados ayer, 3 resultaron positivos.\u00a0San Andr\u00e9s de Giles ahora tiene un total de 5 casos activos de coronavirus. Los positivos que se confirmaron est\u00e1n relacionados al caso que se dio a conocer el mi\u00e9rcoles. Se trata de una ni\u00f1a de 5 a\u00f1os y una mujer de 44 que tienen un v\u00ednculo estrecho. Por otro lado, tambi\u00e9n le dio positivo a un hombre de 62 que manten\u00eda una relaci\u00f3n laboral. <\/p>\n\n\n\n<p>Por su parte, el Municipio de Luj\u00e1n confirm\u00f3 en horas de la ma\u00f1ana cinco nuevos casos positivos alcanzando 68 en total. Se trata de tres mujeres de 17, 38 y 39 a\u00f1os y dos hombres de 40 y 47 a\u00f1os. Son 20 casos positivos en los \u00faltimos tres d\u00edas. Adem\u00e1s, se descartaron 25 casos que estaban en estudio y se configuraron 20 nuevos casos sospechosos.<\/p>\n\n\n\n<p>En tanto, autoridades sanitarias del Municipio de Salto informaron este viernes por la noche, que de los 22 hisopados que a\u00fan continuaban en estudio, 13 dieron resultado positivo y otros cuatro negativo, ascendiendo as\u00ed a 14 el n\u00famero de infectados de Covid-19 en la ciudad de Salto.\u00a0A\u00fan quedan 8 estudios pendientes y continuar\u00e1n los hisopados y el aislamiento de personas. Los casos positivos confirmados hab\u00edan mantenido contacto estrecho con el primer paciente positivo de coronavirus.<\/p>\n\n\n\n<p><strong>Informe nacional<\/strong><\/p>\n\n\n\n<p>Desde el Ministerio de Salud de Naci\u00f3n este viernes confirmaron 1.391 nuevos casos de COVID-19. De acuerdo al detalle por provincia, 744 casos positivos son de la provincia de Buenos Aires; otros 565 son de la ciudad de Buenos Aires, 4 son de Chubut, 9 de C\u00f3rdoba, 4 de Entre R\u00edos, y uno de Formosa aunque faltaba cargar 24 m\u00e1s oficialmente. De Mendoza son 2 los positivo, seis de Neuqu\u00e9n, 16 son de R\u00edo Negro, y uno de Tucum\u00e1n. Con estos registros, suman 28.764 positivos en el pa\u00eds.<\/p>\n\n\n\n<p>En las \u00faltimas 24 horas, se confirmaron veinte fallecimientos de personas que ten\u00edan covid-19. Por la ma\u00f1ana, se confirmaron las primeras siete: tres mujeres, dos de 80 y 72 a\u00f1os, residentes en la provincia de Buenos Aires; una de 71 a\u00f1os, residente en la provincia de Chaco; y cuatro hombres, uno de 81 a\u00f1os, residente en la provincia de Buenos Aires; uno de 38 a\u00f1os, residente en la provincia de Chaco; uno de 45 a\u00f1os residente en la provincia de Chubut; y uno de 85 a\u00f1os, residente en la Ciudad de Buenos Aires (CABA). En el informe vespertino las trece restantes: seis hombres, cinco de 74, 78, 45, 81 y 48, residentes en la provincia de Buenos Aires; uno de 69 a\u00f1os, residente en la Ciudad de Buenos Aires (CABA); y siete mujeres, tres de 89, 70 y 72 a\u00f1os, residentes en la provincia de Buenos Aires; dos de 63 y 58 a\u00f1os, residentes en la ciudad de Buenos Aires (CABA); una de 77 a\u00f1os, residente en la provincia de Chaco; y una de 75 a\u00f1os, residente en la provincia de C\u00f3rdoba. Al momento la cantidad de personas fallecidas es 785.<\/p>\n\n\n\n<p><strong>Informe local<\/strong><\/p>\n\n\n\n<div class=\"wp-block-image\"><figure class=\"aligncenter size-large\"><img loading=\"lazy\" decoding=\"async\" width=\"800\" height=\"800\" data-attachment-id=\"112108\" data-permalink=\"https:\/\/www.hoymercedes.com.ar\/principal\/2020\/06\/12\/coronavirus-confirman-mas-pacientes-positivos-en-la-region\/whatsapp-image-2020-06-12-at-21-13-52\/#main\" data-orig-file=\"https:\/\/www.hoymercedes.com.ar\/principal\/wp-content\/uploads\/2020\/06\/WhatsApp-Image-2020-06-12-at-21.13.52.jpeg\" data-orig-size=\"800,800\" data-comments-opened=\"0\" data-image-meta=\"{&quot;aperture&quot;:&quot;0&quot;,&quot;credit&quot;:&quot;&quot;,&quot;camera&quot;:&quot;&quot;,&quot;caption&quot;:&quot;&quot;,&quot;created_timestamp&quot;:&quot;0&quot;,&quot;copyright&quot;:&quot;&quot;,&quot;focal_length&quot;:&quot;0&quot;,&quot;iso&quot;:&quot;0&quot;,&quot;shutter_speed&quot;:&quot;0&quot;,&quot;title&quot;:&quot;&quot;,&quot;orientation&quot;:&quot;0&quot;}\" data-image-title=\"WhatsApp Image 2020-06-12 at 21.13.52\" data-image-description=\"\" data-image-caption=\"\" data-large-file=\"https:\/\/www.hoymercedes.com.ar\/principal\/wp-content\/uploads\/2020\/06\/WhatsApp-Image-2020-06-12-at-21.13.52.jpeg\" src=\"https:\/\/www.hoymercedes.com.ar\/principal\/wp-content\/uploads\/2020\/06\/WhatsApp-Image-2020-06-12-at-21.13.52.jpeg\" alt=\"\" class=\"wp-image-112108\"\/><\/figure><\/div>\n","protected":false},"excerpt":{"rendered":"<p>En Mercedes no registr\u00f3 nuevos casos positivos, pero s\u00ed dos pacientes est\u00e1n a la espera de los resultados de sus &#8230; <a title=\"Coronavirus: confirman m\u00e1s pacientes positivos en la regi\u00f3n\" class=\"read-more\" href=\"https:\/\/www.hoymercedes.com.ar\/principal\/2020\/06\/12\/coronavirus-confirman-mas-pacientes-positivos-en-la-region\/\" aria-label=\"Leer m\u00e1s sobre Coronavirus: confirman m\u00e1s pacientes positivos en la regi\u00f3n\">Leer m\u00e1s<\/a><\/p>\n","protected":false},"author":1,"featured_media":112108,"comment_status":"closed","ping_status":"open","sticky":false,"template":"","format":"standard","meta":{"_monsterinsights_skip_tracking":false,"_monsterinsights_sitenote_active":false,"_monsterinsights_sitenote_note":"","_monsterinsights_sitenote_category":0,"jetpack_post_was_ever_published":false,"_jetpack_newsletter_access":"","_jetpack_dont_email_post_to_subs":false,"_jetpack_newsletter_tier_id":0,"_jetpack_memberships_contains_paywalled_content":false,"_jetpack_memberships_contains_paid_content":false,"footnotes":"","jetpack_publicize_message":"","jetpack_publicize_feature_enabled":true,"jetpack_social_post_already_shared":true,"jetpack_social_options":{"image_generator_settings":{"template":"highway","default_image_id":0,"font":"","enabled":false},"version":2},"_wpas_customize_per_network":false},"categories":[9791],"tags":[16428,16175,16313,9322,134],"class_list":["post-112107","post","type-post","status-publish","format-standard","has-post-thumbnail","hentry","category-salud","tag-casos-positivos","tag-coronavirus","tag-covid-19","tag-region","tag-salud","generate-columns","tablet-grid-50","mobile-grid-100","grid-parent","grid-50"],"jetpack_publicize_connections":[],"jetpack_featured_media_url":"https:\/\/www.hoymercedes.com.ar\/principal\/wp-content\/uploads\/2020\/06\/WhatsApp-Image-2020-06-12-at-21.13.52.jpeg","wps_subtitle":"","jetpack_sharing_enabled":true,"_links":{"self":[{"href":"https:\/\/www.hoymercedes.com.ar\/principal\/wp-json\/wp\/v2\/posts\/112107","targetHints":{"allow":["GET"]}}],"collection":[{"href":"https:\/\/www.hoymercedes.com.ar\/principal\/wp-json\/wp\/v2\/posts"}],"about":[{"href":"https:\/\/www.hoymercedes.com.ar\/principal\/wp-json\/wp\/v2\/types\/post"}],"author":[{"embeddable":true,"href":"https:\/\/www.hoymercedes.com.ar\/principal\/wp-json\/wp\/v2\/users\/1"}],"replies":[{"embeddable":true,"href":"https:\/\/www.hoymercedes.com.ar\/principal\/wp-json\/wp\/v2\/comments?post=112107"}],"version-history":[{"count":0,"href":"https:\/\/www.hoymercedes.com.ar\/principal\/wp-json\/wp\/v2\/posts\/112107\/revisions"}],"wp:featuredmedia":[{"embeddable":true,"href":"https:\/\/www.hoymercedes.com.ar\/principal\/wp-json\/wp\/v2\/media\/112108"}],"wp:attachment":[{"href":"https:\/\/www.hoymercedes.com.ar\/principal\/wp-json\/wp\/v2\/media?parent=112107"}],"wp:term":[{"taxonomy":"category","embeddable":true,"href":"https:\/\/www.hoymercedes.com.ar\/principal\/wp-json\/wp\/v2\/categories?post=112107"},{"taxonomy":"post_tag","embeddable":true,"href":"https:\/\/www.hoymercedes.com.ar\/principal\/wp-json\/wp\/v2\/tags?post=112107"}],"curies":[{"name":"wp","href":"https:\/\/api.w.org\/{rel}","templated":true}]}}