{"id":112123,"date":"2020-06-13T10:36:54","date_gmt":"2020-06-13T13:36:54","guid":{"rendered":"http:\/\/www.hoymercedes.com.ar\/principal\/?p=112123"},"modified":"2020-06-13T10:58:12","modified_gmt":"2020-06-13T13:58:12","slug":"entregan-mas-uniformes-a-los-trabajadores-del-corralon-municipal","status":"publish","type":"post","link":"https:\/\/www.hoymercedes.com.ar\/principal\/2020\/06\/13\/entregan-mas-uniformes-a-los-trabajadores-del-corralon-municipal\/","title":{"rendered":"Entregan m\u00e1s uniformes a los trabajadores del Corral\u00f3n Municipal"},"content":{"rendered":"\n<p>El intendente Juan Ignacio Ustarroz se hizo presente en las instalaciones del corral\u00f3n municipal para agradecer la labor que est\u00e1n llevando adelante los trabajadores, como as\u00ed tambi\u00e9n para hacer entrega de los trajes de lluvia y protecci\u00f3n al personal a cargo de la recolecci\u00f3n de residuos domiciliarios. Ellos son personal exceptuado con lo cual d\u00eda a d\u00eda prestan un servicio fundamental a los mercedinos.<\/p>\n\n\n\n<div class=\"wp-block-image\"><figure class=\"aligncenter size-large\"><img loading=\"lazy\" decoding=\"async\" width=\"800\" height=\"532\" data-attachment-id=\"112124\" data-permalink=\"https:\/\/www.hoymercedes.com.ar\/principal\/2020\/06\/13\/entregan-mas-uniformes-a-los-trabajadores-del-corralon-municipal\/13-muni-corralon\/#main\" data-orig-file=\"https:\/\/www.hoymercedes.com.ar\/principal\/wp-content\/uploads\/2020\/06\/13-muni-corralon.jpeg\" data-orig-size=\"800,532\" data-comments-opened=\"0\" data-image-meta=\"{&quot;aperture&quot;:&quot;0&quot;,&quot;credit&quot;:&quot;&quot;,&quot;camera&quot;:&quot;&quot;,&quot;caption&quot;:&quot;&quot;,&quot;created_timestamp&quot;:&quot;0&quot;,&quot;copyright&quot;:&quot;&quot;,&quot;focal_length&quot;:&quot;0&quot;,&quot;iso&quot;:&quot;0&quot;,&quot;shutter_speed&quot;:&quot;0&quot;,&quot;title&quot;:&quot;&quot;,&quot;orientation&quot;:&quot;0&quot;}\" data-image-title=\"13 muni corralon\" data-image-description=\"\" data-image-caption=\"\" data-large-file=\"https:\/\/www.hoymercedes.com.ar\/principal\/wp-content\/uploads\/2020\/06\/13-muni-corralon.jpeg\" src=\"https:\/\/www.hoymercedes.com.ar\/principal\/wp-content\/uploads\/2020\/06\/13-muni-corralon.jpeg\" alt=\"\" class=\"wp-image-112124\"\/><\/figure><\/div>\n\n\n\n<p>Asimismo, el Ustarroz inst\u00f3 y alent\u00f3 a los presentes a continuar con las medidas preventivas para evitar riesgos de contagio frente al coronavirus. De la misma manera, inform\u00f3 a los trabajadores sobre la situaci\u00f3n epidemiol\u00f3gica que se vive actualmente en la ciudad.<\/p>\n\n\n\n<p>\u201cQueremos agradecerles a ellos que todos los d\u00edas trabajan y aportan su granito de arena para que la ciudad mantenga el orden y la limpieza a pesar de estar viviendo una situaci\u00f3n compleja como es la pandemia del COVID\u201d manifest\u00f3 el intendente Ustarroz y apunt\u00f3 \u201ces muy importante que cada \u00e1rea cuente con los elementos de seguridad necesarios para su correcto desenvolvimiento, tanto para el desarrollo de sus labores, como as\u00ed tambi\u00e9n, teniendo como eje el cuidado y la protecci\u00f3n de nuestros trabajadores\u201d<\/p>\n\n\n\n<p>Por su parte, Luis Ponce, Subsecretario de Servicios P\u00fablicos, se\u00f1al\u00f3 \u201cque cada trabajador cuente con indumentaria apropiada permite brindar un servicio de calidad, de manera eficiente y segura\u201d. En este punto destac\u00f3 que \u201cla indumentaria apropiada es clave en un sector como el servicio de recolecci\u00f3n de residuos, dado que los trabajadores est\u00e1n expuestos cotidianamente a un impacto ambiental negativo\u201d.<\/p>\n\n\n\n<p>Por otro lado, Ponce puntualiz\u00f3 \u201cen estos tiempos de pandemia hemos implementado que los trabajadores de la recolecci\u00f3n nocturna, luego de terminada sus tareas, puedan retirarse directamente, sin tener que esperar al t\u00e9rmino de sus horarios de trabajo, con el objetivo de que puedan resguardarse en sus hogares\u201d.&nbsp;&nbsp;&nbsp;<\/p>\n\n\n\n<p>Asimismo, desde La secretar\u00eda de servicios p\u00fablicos se han adoptado una serie de medidas preventivas para el cuidado de los trabajadores del Corral\u00f3n Municipal, donde se reacondicionaron los espacios comunes que compart\u00edan, y en el cual, constantemente, se les brindan los elementos de cuidado y limpieza de protecci\u00f3n socio sanitarias.\u00a0\u00a0<\/p>\n\n\n\n<p>Fuente: Prensa Municipal<\/p>\n","protected":false},"excerpt":{"rendered":"<p>El intendente Juan Ignacio Ustarroz se hizo presente en las instalaciones del corral\u00f3n municipal para agradecer la labor que est\u00e1n &#8230; <a title=\"Entregan m\u00e1s uniformes a los trabajadores del Corral\u00f3n Municipal\" class=\"read-more\" href=\"https:\/\/www.hoymercedes.com.ar\/principal\/2020\/06\/13\/entregan-mas-uniformes-a-los-trabajadores-del-corralon-municipal\/\" aria-label=\"Leer m\u00e1s sobre Entregan m\u00e1s uniformes a los trabajadores del Corral\u00f3n Municipal\">Leer m\u00e1s<\/a><\/p>\n","protected":false},"author":1,"featured_media":112124,"comment_status":"closed","ping_status":"open","sticky":false,"template":"","format":"standard","meta":{"_monsterinsights_skip_tracking":false,"_monsterinsights_sitenote_active":false,"_monsterinsights_sitenote_note":"","_monsterinsights_sitenote_category":0,"jetpack_post_was_ever_published":false,"_jetpack_newsletter_access":"","_jetpack_dont_email_post_to_subs":false,"_jetpack_newsletter_tier_id":0,"_jetpack_memberships_contains_paywalled_content":false,"_jetpack_memberships_contains_paid_content":false,"footnotes":"","jetpack_publicize_message":"","jetpack_publicize_feature_enabled":true,"jetpack_social_post_already_shared":true,"jetpack_social_options":{"image_generator_settings":{"template":"highway","default_image_id":0,"font":"","enabled":false},"version":2},"_wpas_customize_per_network":false},"categories":[30],"tags":[],"class_list":["post-112123","post","type-post","status-publish","format-standard","has-post-thumbnail","hentry","category-municipio","generate-columns","tablet-grid-50","mobile-grid-100","grid-parent","grid-50"],"jetpack_publicize_connections":[],"jetpack_featured_media_url":"https:\/\/www.hoymercedes.com.ar\/principal\/wp-content\/uploads\/2020\/06\/13-muni-corralon.jpeg","wps_subtitle":"","jetpack_sharing_enabled":true,"_links":{"self":[{"href":"https:\/\/www.hoymercedes.com.ar\/principal\/wp-json\/wp\/v2\/posts\/112123","targetHints":{"allow":["GET"]}}],"collection":[{"href":"https:\/\/www.hoymercedes.com.ar\/principal\/wp-json\/wp\/v2\/posts"}],"about":[{"href":"https:\/\/www.hoymercedes.com.ar\/principal\/wp-json\/wp\/v2\/types\/post"}],"author":[{"embeddable":true,"href":"https:\/\/www.hoymercedes.com.ar\/principal\/wp-json\/wp\/v2\/users\/1"}],"replies":[{"embeddable":true,"href":"https:\/\/www.hoymercedes.com.ar\/principal\/wp-json\/wp\/v2\/comments?post=112123"}],"version-history":[{"count":0,"href":"https:\/\/www.hoymercedes.com.ar\/principal\/wp-json\/wp\/v2\/posts\/112123\/revisions"}],"wp:featuredmedia":[{"embeddable":true,"href":"https:\/\/www.hoymercedes.com.ar\/principal\/wp-json\/wp\/v2\/media\/112124"}],"wp:attachment":[{"href":"https:\/\/www.hoymercedes.com.ar\/principal\/wp-json\/wp\/v2\/media?parent=112123"}],"wp:term":[{"taxonomy":"category","embeddable":true,"href":"https:\/\/www.hoymercedes.com.ar\/principal\/wp-json\/wp\/v2\/categories?post=112123"},{"taxonomy":"post_tag","embeddable":true,"href":"https:\/\/www.hoymercedes.com.ar\/principal\/wp-json\/wp\/v2\/tags?post=112123"}],"curies":[{"name":"wp","href":"https:\/\/api.w.org\/{rel}","templated":true}]}}