{"id":112127,"date":"2020-06-13T11:52:04","date_gmt":"2020-06-13T14:52:04","guid":{"rendered":"http:\/\/www.hoymercedes.com.ar\/principal\/?p=112127"},"modified":"2020-06-13T11:52:12","modified_gmt":"2020-06-13T14:52:12","slug":"la-omic-se-muda-atendera-en-las-oficinas-locales-del-defensor-del-pueblo-provincial","status":"publish","type":"post","link":"https:\/\/www.hoymercedes.com.ar\/principal\/2020\/06\/13\/la-omic-se-muda-atendera-en-las-oficinas-locales-del-defensor-del-pueblo-provincial\/","title":{"rendered":"La OMIC se muda: atender\u00e1 en las oficinas locales del Defensor del Pueblo provincial"},"content":{"rendered":"\n<p>La OMIC y la delegaci\u00f3n local del Defensor del Pueblo Bonaerense compartir\u00e1n sus oficinas nucleando as\u00ed en un solo espacio las oficinas para que los consumidores y usuarios reclamen sus derechos. En el edificio del bulevar de 30, entre 29 y 27, atender\u00e1n a partir del martes 16 de 9 a 12 horas. <\/p>\n\n\n\n<hr class=\"wp-block-separator has-text-color has-background has-vivid-cyan-blue-background-color has-vivid-cyan-blue-color\"\/>\n\n\n\n<p>Mart\u00edn Boragno, responsable de la OMIC, se\u00f1al\u00f3 \u201cesta es una decisi\u00f3n que agradecemos much\u00edsimo a la Defensor\u00eda del Pueblo, al delegado local, el Dr. Florella, porque va a permitir con este centro que el vecino vaya a un solo lugar y gestionar muchas cosas\u201d y a\u00f1adi\u00f3 \u201cseguramente ya vamos a empezar a conjugar actividades y articular con todas las herramientas que cuenta la Defensor\u00eda del Pueblo\u201d.<\/p>\n\n\n\n<p>\u201cDesde este lugar seguramente potenciaremos nuestros trabajos en beneficio de los vecinos de Mercedes\u201d asegur\u00f3 Boragno y agradeci\u00f3 \u201cal intendente Juan Ignacio Ustarroz que pens\u00f3 y planific\u00f3 toda esta coordinaci\u00f3n\u201d.<\/p>\n\n\n\n<p>Por su parte, el Dr. Florella representante local de la Defensor\u00eda del Pueblo, manifest\u00f3 \u201cesto ya lo ven\u00edamos trabajando con Mart\u00edn Boragno, esta idea de hacer un centro integral de reclamos\u201d.<\/p>\n\n\n\n<p>A su vez, inform\u00f3 \u201cexisten varias actividades que se cruzan, donde la competencia es compartida, por eso la idea es la de hacer un centro integral donde la gente de Mercedes pueda ir y realizar reclamos y recibir el asesoramiento que necesite\u201d y agreg\u00f3 \u201cesta actuaci\u00f3n integral tiene que ver en principio con la provincia de Buenos Aires\u201d.&nbsp;&nbsp;<\/p>\n\n\n\n<p>El intendente Ustarroz, por su parte, celebr\u00f3 que se siga trabajando de manera unida y pensando en brindar cada d\u00eda m\u00e1s soluciones y servicios a los vecinos y vecinas.<\/p>\n\n\n\n<p>Por otro lado, Boragno inform\u00f3 \u201ccualquier vecino que entre a la p\u00e1gina de la municipalidad (<a rel=\"noreferrer noopener\" target=\"_blank\" href=\"http:\/\/nw.mercedes.gob.ar\/\">http:\/\/nw.mercedes.gob.ar\/<\/a>) puede descargar la aplicaci\u00f3n que tiene que ver con las denuncias online, como as\u00ed tambi\u00e9n, se pueden comunicar a trav\u00e9s de WhatsApp (2324) 582396 y evacuar dudas o realizar denuncias\u201d.<\/p>\n","protected":false},"excerpt":{"rendered":"<p>La OMIC y la delegaci\u00f3n local del Defensor del Pueblo Bonaerense compartir\u00e1n sus oficinas nucleando as\u00ed en un solo espacio &#8230; <a title=\"La OMIC se muda: atender\u00e1 en las oficinas locales del Defensor del Pueblo provincial\" class=\"read-more\" href=\"https:\/\/www.hoymercedes.com.ar\/principal\/2020\/06\/13\/la-omic-se-muda-atendera-en-las-oficinas-locales-del-defensor-del-pueblo-provincial\/\" aria-label=\"Leer m\u00e1s sobre La OMIC se muda: atender\u00e1 en las oficinas locales del Defensor del Pueblo provincial\">Leer m\u00e1s<\/a><\/p>\n","protected":false},"author":1,"featured_media":112128,"comment_status":"closed","ping_status":"open","sticky":false,"template":"","format":"standard","meta":{"_monsterinsights_skip_tracking":false,"_monsterinsights_sitenote_active":false,"_monsterinsights_sitenote_note":"","_monsterinsights_sitenote_category":0,"jetpack_post_was_ever_published":false,"_jetpack_newsletter_access":"","_jetpack_dont_email_post_to_subs":false,"_jetpack_newsletter_tier_id":0,"_jetpack_memberships_contains_paywalled_content":false,"_jetpack_memberships_contains_paid_content":false,"footnotes":"","jetpack_publicize_message":"","jetpack_publicize_feature_enabled":true,"jetpack_social_post_already_shared":true,"jetpack_social_options":{"image_generator_settings":{"template":"highway","default_image_id":0,"font":"","enabled":false},"version":2},"_wpas_customize_per_network":false},"categories":[30],"tags":[],"class_list":["post-112127","post","type-post","status-publish","format-standard","has-post-thumbnail","hentry","category-municipio","generate-columns","tablet-grid-50","mobile-grid-100","grid-parent","grid-50"],"jetpack_publicize_connections":[],"jetpack_featured_media_url":"https:\/\/www.hoymercedes.com.ar\/principal\/wp-content\/uploads\/2020\/06\/Omic.nuevo-1.jpg","wps_subtitle":"","jetpack_sharing_enabled":true,"_links":{"self":[{"href":"https:\/\/www.hoymercedes.com.ar\/principal\/wp-json\/wp\/v2\/posts\/112127","targetHints":{"allow":["GET"]}}],"collection":[{"href":"https:\/\/www.hoymercedes.com.ar\/principal\/wp-json\/wp\/v2\/posts"}],"about":[{"href":"https:\/\/www.hoymercedes.com.ar\/principal\/wp-json\/wp\/v2\/types\/post"}],"author":[{"embeddable":true,"href":"https:\/\/www.hoymercedes.com.ar\/principal\/wp-json\/wp\/v2\/users\/1"}],"replies":[{"embeddable":true,"href":"https:\/\/www.hoymercedes.com.ar\/principal\/wp-json\/wp\/v2\/comments?post=112127"}],"version-history":[{"count":0,"href":"https:\/\/www.hoymercedes.com.ar\/principal\/wp-json\/wp\/v2\/posts\/112127\/revisions"}],"wp:featuredmedia":[{"embeddable":true,"href":"https:\/\/www.hoymercedes.com.ar\/principal\/wp-json\/wp\/v2\/media\/112128"}],"wp:attachment":[{"href":"https:\/\/www.hoymercedes.com.ar\/principal\/wp-json\/wp\/v2\/media?parent=112127"}],"wp:term":[{"taxonomy":"category","embeddable":true,"href":"https:\/\/www.hoymercedes.com.ar\/principal\/wp-json\/wp\/v2\/categories?post=112127"},{"taxonomy":"post_tag","embeddable":true,"href":"https:\/\/www.hoymercedes.com.ar\/principal\/wp-json\/wp\/v2\/tags?post=112127"}],"curies":[{"name":"wp","href":"https:\/\/api.w.org\/{rel}","templated":true}]}}