{"id":112143,"date":"2020-06-13T17:10:00","date_gmt":"2020-06-13T20:10:00","guid":{"rendered":"http:\/\/www.hoymercedes.com.ar\/principal\/?p=112143"},"modified":"2020-06-14T01:19:01","modified_gmt":"2020-06-14T04:19:01","slug":"contra-coronavirus-recomiendan-no-comparti-el-mate","status":"publish","type":"post","link":"https:\/\/www.hoymercedes.com.ar\/principal\/2020\/06\/13\/contra-coronavirus-recomiendan-no-comparti-el-mate\/","title":{"rendered":"Contra coronavirus recomiendan no comparti el mate"},"content":{"rendered":"\n<p>Desde el Municipio de Mercedes lanzaron una campa\u00f1a para evitar el contario del covid-19 a trav\u00e9s de una tradici\u00f3n nacional que beneficia al virus como es el hecho de compartir el mata. \u00abTomar mate es una de las costumbres m\u00e1s arraigadas en nuestra sociedad. Se comparte, se disfruta, pero en el marco de la pandemia covid-19 se ha convertido un elemento altamente peligroso y transmisor del virus. A todos nos gusta tomar mates, compartir, pero lamentablemente son momentos en que no se recomienda hacerlo\u201d, expresan desde la comuna en su campa\u00f1a. <\/p>\n\n\n\n<p>\u00abAl estar en contacto con la boca y fluidos del cuerpo se convirti\u00f3 en un transmisor del virus. Aquellos que est\u00e9n en lugares de trabajo por ser actividades exceptuadas o por alguna raz\u00f3n se vinculen con otros deben tener en cuenta lo grave que puede ser compartir el mate. Uno nunca sabe desde donde puede atacar el virus. Como se ha venido diciendo es un enemigo invisible\u00bb agregan.<\/p>\n\n\n\n<p>A lo que el titula del Hospital Blas L. Dubarry, el m\u00e9dico Pablo Cassiani destaca: \u201cEs un h\u00e1bito de socializaci\u00f3n muy lindo que tenemos en nuestro pa\u00eds, pero en los d\u00edas que vivimos no es recomendable. Es un elemento de propagaci\u00f3n de virus, por eso reafirmamos la importancia de mantener presentes y en ejecuci\u00f3n las medida de prevenci\u00f3n\u201d <\/p>\n\n\n\n<p>En el mismo sentido se expres\u00f3 el intendente Ustarroz: \u201cno compartamos el mate, es una tradici\u00f3n en nuestro pueblo, pero sumamente peligroso en la actualidad en el marco de la grave pandemia que enfrentamos\u201d.<\/p>\n\n\n\n<p>Asimismo, destacan otras recomendaciones:<\/p>\n\n\n\n<ul class=\"wp-block-list\"><li>L\u00e1vese las manos con frecuencia. Use agua y jab\u00f3n o un desinfectante de manos a base de alcohol.<\/li><\/ul>\n\n\n\n<ul class=\"wp-block-list\"><li>Mant\u00e9ngase a una distancia segura de cualquier persona que tosa o estornude.<\/li><\/ul>\n\n\n\n<ul class=\"wp-block-list\"><li>No se toque los ojos, la nariz o la boca.<\/li><\/ul>\n\n\n\n<ul class=\"wp-block-list\"><li>Cuando tosa o estornude, c\u00fabrase la nariz y la boca con el codo flexionado o con un pa\u00f1uelo.<\/li><\/ul>\n\n\n\n<ul class=\"wp-block-list\"><li>Qu\u00e9dese en casa si se siente mal.<\/li><\/ul>\n\n\n\n<ul class=\"wp-block-list\"><li>Si tiene fiebre, tos y dificultad para respirar, solicite atenci\u00f3n m\u00e9dica. Llame con antelaci\u00f3n.<\/li><\/ul>\n\n\n\n<ul class=\"wp-block-list\"><li>Siga las instrucciones de su organismo sanitario local.<\/li><\/ul>\n","protected":false},"excerpt":{"rendered":"<p>Desde el Municipio de Mercedes lanzaron una campa\u00f1a para evitar el contario del covid-19 a trav\u00e9s de una tradici\u00f3n nacional &#8230; <a title=\"Contra coronavirus recomiendan no comparti el mate\" class=\"read-more\" href=\"https:\/\/www.hoymercedes.com.ar\/principal\/2020\/06\/13\/contra-coronavirus-recomiendan-no-comparti-el-mate\/\" aria-label=\"Leer m\u00e1s sobre Contra coronavirus recomiendan no comparti el mate\">Leer m\u00e1s<\/a><\/p>\n","protected":false},"author":1,"featured_media":112144,"comment_status":"closed","ping_status":"open","sticky":false,"template":"","format":"standard","meta":{"_monsterinsights_skip_tracking":false,"_monsterinsights_sitenote_active":false,"_monsterinsights_sitenote_note":"","_monsterinsights_sitenote_category":0,"jetpack_post_was_ever_published":false,"_jetpack_newsletter_access":"","_jetpack_dont_email_post_to_subs":false,"_jetpack_newsletter_tier_id":0,"_jetpack_memberships_contains_paywalled_content":false,"_jetpack_memberships_contains_paid_content":false,"footnotes":"","jetpack_publicize_message":"","jetpack_publicize_feature_enabled":true,"jetpack_social_post_already_shared":true,"jetpack_social_options":{"image_generator_settings":{"template":"highway","default_image_id":0,"font":"","enabled":false},"version":2},"_wpas_customize_per_network":false},"categories":[30],"tags":[],"class_list":["post-112143","post","type-post","status-publish","format-standard","has-post-thumbnail","hentry","category-municipio","generate-columns","tablet-grid-50","mobile-grid-100","grid-parent","grid-50"],"jetpack_publicize_connections":[],"jetpack_featured_media_url":"https:\/\/www.hoymercedes.com.ar\/principal\/wp-content\/uploads\/2020\/06\/13-mate-muni.jpg","wps_subtitle":"","jetpack_sharing_enabled":true,"_links":{"self":[{"href":"https:\/\/www.hoymercedes.com.ar\/principal\/wp-json\/wp\/v2\/posts\/112143","targetHints":{"allow":["GET"]}}],"collection":[{"href":"https:\/\/www.hoymercedes.com.ar\/principal\/wp-json\/wp\/v2\/posts"}],"about":[{"href":"https:\/\/www.hoymercedes.com.ar\/principal\/wp-json\/wp\/v2\/types\/post"}],"author":[{"embeddable":true,"href":"https:\/\/www.hoymercedes.com.ar\/principal\/wp-json\/wp\/v2\/users\/1"}],"replies":[{"embeddable":true,"href":"https:\/\/www.hoymercedes.com.ar\/principal\/wp-json\/wp\/v2\/comments?post=112143"}],"version-history":[{"count":0,"href":"https:\/\/www.hoymercedes.com.ar\/principal\/wp-json\/wp\/v2\/posts\/112143\/revisions"}],"wp:featuredmedia":[{"embeddable":true,"href":"https:\/\/www.hoymercedes.com.ar\/principal\/wp-json\/wp\/v2\/media\/112144"}],"wp:attachment":[{"href":"https:\/\/www.hoymercedes.com.ar\/principal\/wp-json\/wp\/v2\/media?parent=112143"}],"wp:term":[{"taxonomy":"category","embeddable":true,"href":"https:\/\/www.hoymercedes.com.ar\/principal\/wp-json\/wp\/v2\/categories?post=112143"},{"taxonomy":"post_tag","embeddable":true,"href":"https:\/\/www.hoymercedes.com.ar\/principal\/wp-json\/wp\/v2\/tags?post=112143"}],"curies":[{"name":"wp","href":"https:\/\/api.w.org\/{rel}","templated":true}]}}