{"id":112193,"date":"2020-06-15T15:58:48","date_gmt":"2020-06-15T18:58:48","guid":{"rendered":"http:\/\/www.hoymercedes.com.ar\/principal\/?p=112193"},"modified":"2020-06-15T17:40:50","modified_gmt":"2020-06-15T20:40:50","slug":"gremios-docentes-responden-ante-una-publicacion-por-el-reinicio-de-clases-presenciales","status":"publish","type":"post","link":"https:\/\/www.hoymercedes.com.ar\/principal\/2020\/06\/15\/gremios-docentes-responden-ante-una-publicacion-por-el-reinicio-de-clases-presenciales\/","title":{"rendered":"Gremios docentes responden ante una publicaci\u00f3n por el reinicio de clases presenciales"},"content":{"rendered":"\n<p>La Uni\u00f3n de Educadores Bonaerenses Mercedes y la l\u00ednea Multicolor de SUTEBA enviaron sendos comunicados respondiendo a una publicaci\u00f3n que se hace eco de declaraciones del presiente del Consejo Escolar Jos\u00e9 Pisano que mereci\u00f3 el t\u00edtulo \u00abMercedes quiere ser de los primeros distritos bonaerenses en el regreso a clases\u00bb<\/p>\n\n\n\n<p>La Comisi\u00f3n Directiva de la UEB Mercedes expresa: \u00abAnte la publicaci\u00f3n en Semanario local sobre la idea de que Mercedes sea parte de un proyecto piloto de retorno a las escuela, UEB MERCEDES aclara los siguientes aspectos:<br>1) No han existido en todo el periodo de cuarentena reuniones de UEGD, ni en forma presencial ni tampoco virtual. Por lo tanto, jam\u00e1s se ha puesto ha consideraci\u00f3n de los representantes de los docentes acciones tendientes a que esto pueda llevarse a cabo.<br>2) Cualquier acci\u00f3n que se pretenda realizar en el aspecto mencionado debe tener el consenso de los diferentes actores del sistema educativo.<br>3) Que en ning\u00fan caso avaleremos el retorno a las escuelas sin garant\u00edas de que los protocolos de seguridad e higiene deban llevarse a cabo.<br>Solicitamos que ante la implementaci\u00f3n de cualquier medida, sean consultados profesionales de la salud para poder dar seguridad a quienes tengan que desempe\u00f1arse en las aulas.<br>Exigimos as\u00ed mismo la inmediata puesta en funcionamiento de la COMISASEP (Comisi\u00f3n Mixta de Seguridad e Higiene en el Empleo P\u00fablico)<br>De ninguna manera permitiremos que docentes, auxiliares, alumnos y familias sean tomados como Conejillos de Indias, en escuelas donde las mejoras en infraestructura y provisi\u00f3n de elementos de higiene y sanitizacion no pasan de meras promesas\u00bb<\/p>\n\n\n\n<p>Por su parte, la Agrupaci\u00f3n Tribuna Docente de la l\u00ednea del Frente Multicolor de SUTEBA, bajo el t\u00edtulo \u00abSin las condiciones necesarias, no puede haber retorno a las aulas\u00bb, expresa: Frente a la publicaci\u00f3n de un semanario acerca de que \u201cMercedes quiere estar entre los primeros distritos que vuelvan a clases\u201d desde Tribuna Docente, delegados del gremio SUTEBA e integrantes del frente Multicolor, decimos que el retorno a clases solo puede realizarse en tanto y en cuanto sea superada la pandemia. <br>Las condiciones laborales en nuestras escuelas no asegura el desarrollo laboral sin peligro de contagio. <br>Con salones abarrotados de estudiantes, Sin calefacci\u00f3n o con vidrios rotos, sin recursos de higiene adecuados, las escuelas no presentan la posibilidad de ser un lugar seguro frente al virus.<br>A esto se le suma, la denuncia de afiliados de IOMA Y PAMI (en muchos casos docentes) de que faltan dosis de la VACUNA ANTIGRIPAL y por lo tanto no han podido aplic\u00e1rsela, estando desprotegidos de contagiarse una gripe que, en situaci\u00f3n de desborde del sistema sanitario, ser\u00eda peligroso.<br>Desde tribuna docente reclamamos a las direcciones gremiales el rechazo al intento de retorno bajo la Pandemia. La conformaci\u00f3n de comisiones de Seguridad e higiene en cada escuela que pueda informar y decidir a partir de las condiciones que presenta cada establecimiento\u00bb.<\/p>\n","protected":false},"excerpt":{"rendered":"<p>La Uni\u00f3n de Educadores Bonaerenses Mercedes y la l\u00ednea Multicolor de SUTEBA enviaron sendos comunicados respondiendo a una publicaci\u00f3n que &#8230; <a title=\"Gremios docentes responden ante una publicaci\u00f3n por el reinicio de clases presenciales\" class=\"read-more\" href=\"https:\/\/www.hoymercedes.com.ar\/principal\/2020\/06\/15\/gremios-docentes-responden-ante-una-publicacion-por-el-reinicio-de-clases-presenciales\/\" aria-label=\"Leer m\u00e1s sobre Gremios docentes responden ante una publicaci\u00f3n por el reinicio de clases presenciales\">Leer m\u00e1s<\/a><\/p>\n","protected":false},"author":1,"featured_media":73128,"comment_status":"closed","ping_status":"open","sticky":false,"template":"","format":"standard","meta":{"_monsterinsights_skip_tracking":false,"_monsterinsights_sitenote_active":false,"_monsterinsights_sitenote_note":"","_monsterinsights_sitenote_category":0,"jetpack_post_was_ever_published":false,"_jetpack_newsletter_access":"","_jetpack_dont_email_post_to_subs":false,"_jetpack_newsletter_tier_id":0,"_jetpack_memberships_contains_paywalled_content":false,"_jetpack_memberships_contains_paid_content":false,"footnotes":"","jetpack_publicize_message":"","jetpack_publicize_feature_enabled":true,"jetpack_social_post_already_shared":true,"jetpack_social_options":{"image_generator_settings":{"template":"highway","default_image_id":0,"font":"","enabled":false},"version":2},"_wpas_customize_per_network":false},"categories":[23],"tags":[16351,47,2728,16724],"class_list":["post-112193","post","type-post","status-publish","format-standard","has-post-thumbnail","hentry","category-educacion","tag-aislamiento-obligatorio","tag-educacion-2","tag-gremios-docentes","tag-regreso-a-clases","generate-columns","tablet-grid-50","mobile-grid-100","grid-parent","grid-50"],"jetpack_publicize_connections":[],"jetpack_featured_media_url":"https:\/\/www.hoymercedes.com.ar\/principal\/wp-content\/uploads\/2018\/03\/03-aulas-vac\u00edas.jpg","wps_subtitle":"\u00bfVuelta a las clases presenciales?","jetpack_sharing_enabled":true,"_links":{"self":[{"href":"https:\/\/www.hoymercedes.com.ar\/principal\/wp-json\/wp\/v2\/posts\/112193","targetHints":{"allow":["GET"]}}],"collection":[{"href":"https:\/\/www.hoymercedes.com.ar\/principal\/wp-json\/wp\/v2\/posts"}],"about":[{"href":"https:\/\/www.hoymercedes.com.ar\/principal\/wp-json\/wp\/v2\/types\/post"}],"author":[{"embeddable":true,"href":"https:\/\/www.hoymercedes.com.ar\/principal\/wp-json\/wp\/v2\/users\/1"}],"replies":[{"embeddable":true,"href":"https:\/\/www.hoymercedes.com.ar\/principal\/wp-json\/wp\/v2\/comments?post=112193"}],"version-history":[{"count":0,"href":"https:\/\/www.hoymercedes.com.ar\/principal\/wp-json\/wp\/v2\/posts\/112193\/revisions"}],"wp:featuredmedia":[{"embeddable":true,"href":"https:\/\/www.hoymercedes.com.ar\/principal\/wp-json\/wp\/v2\/media\/73128"}],"wp:attachment":[{"href":"https:\/\/www.hoymercedes.com.ar\/principal\/wp-json\/wp\/v2\/media?parent=112193"}],"wp:term":[{"taxonomy":"category","embeddable":true,"href":"https:\/\/www.hoymercedes.com.ar\/principal\/wp-json\/wp\/v2\/categories?post=112193"},{"taxonomy":"post_tag","embeddable":true,"href":"https:\/\/www.hoymercedes.com.ar\/principal\/wp-json\/wp\/v2\/tags?post=112193"}],"curies":[{"name":"wp","href":"https:\/\/api.w.org\/{rel}","templated":true}]}}