{"id":112195,"date":"2020-06-15T16:06:25","date_gmt":"2020-06-15T19:06:25","guid":{"rendered":"http:\/\/www.hoymercedes.com.ar\/principal\/?p=112195"},"modified":"2020-06-15T17:35:12","modified_gmt":"2020-06-15T20:35:12","slug":"pisano-aclaraciones-sobre-proyecto-de-vuelta-a-clases","status":"publish","type":"post","link":"https:\/\/www.hoymercedes.com.ar\/principal\/2020\/06\/15\/pisano-aclaraciones-sobre-proyecto-de-vuelta-a-clases\/","title":{"rendered":"Pisano: \u00abAclaraciones sobre proyecto de vuelta a clases\u00bb"},"content":{"rendered":"\n<p>Luego de recibir distintas cuestiones ante la publicaci\u00f3n de la nota en un medio gr\u00e1fico digital, el presidente del Consejo Escolar Jos\u00e9 Luis Pisano public\u00f3 su aclaraci\u00f3n respecto a la informaci\u00f3n brindada. <\/p>\n\n\n\n<p>\u00abA partir de muchas consultas recibidas durante el d\u00eda sobre la publicaci\u00f3n realizada en un semanario local quiero expresar algunas aclaraciones.<br>Planificar colectivamente, esa es nuestra propuesta. Nunca pasar\u00eda por nuestra mente retomar las clases en pleno proceso de pandemia. Pensar el regreso a clases es inevitable y no queremos que nos encuentre desorganizados o desprevenidos. Como viene expresando el Ministro de Educaci\u00f3n de la Naci\u00f3n pensar en el regreso a las escuelas hay que hacerlo muy progresivamente, teniendo en cuenta las realidades epidemiol\u00f3gicas de cada una de las provincias y a su vez de cada distrito.<br>No es para hoy, ni para la semana que viene, ni el mes que viene y en realidad a\u00fan no podemos confirmar ninguna fecha. Pero no podemos dejar proyectar. En la nota se expresa lo que venimos realizando y tambi\u00e9n lo que trabajamos pensando en el futuro.<br>Una propuesta es una propuesta, no una certeza ni una afirmaci\u00f3n. Y como toda propuesta lo hacemos de la manera que nos caracteriza y como lo venimos haciendo hace tiempo, present\u00e1ndola para debatirla entre todos los actores de la educaci\u00f3n de la ciudad, debate que comenzar\u00e1 en la mesa de UEGD convocada para este viernes 19.<br>Por otro lado, NUNCA tomar\u00edamos decisiones que pongan en riesgo la salud de ning\u00fan docente, auxiliar, estudiante o familia. Somos un organismo estatal y como tal trabajamos siguiendo todos y cada uno de los lineamientos que emanan de las autoridades nacionales y provinciales. A su vez estamos en contacto permanente con las autoridades sanitarias locales, quienes nos informan d\u00eda a d\u00eda la realidad epidemiol\u00f3gica local y son la fuente de informaci\u00f3n indispensable frente a cualquier propuesta.<br>En la actualidad nos encontramos trabajando en los procesos de compra de mayor cantidad de productos de higiene para garantizar la seguridad de todos los que semana a semana trabajan en las entregas de bolsones de alimentos dentro de los edificios escolares, como as\u00ed tambi\u00e9n articulando con Protecci\u00f3n Civil en procedimientos de sanitizaci\u00f3n que ya han comenzado.<br>Desde el comienzo de la suspensi\u00f3n de clases y del aislamiento obligatorio, venimos trabajando en la mejora de la infraestructura de muchos edificios, sabiendo tambi\u00e9n que a\u00fan falta mucho en muchos edificios y que mantenemos un contacto permanente con todos y cada uno de los directivos de nuestras escuelas.<br>Por \u00faltimo, frente a la reacci\u00f3n generada quiero llevar tranquilidad a todos aquellos que se vieron movilizados por lo expresado, poni\u00e9ndome a disposici\u00f3n para evacuar cualquier duda.<br>Sepan siempre, que antes de ser o ejercer cualquier cargo, somos primero trabajadores, y nunca tomaremos ninguna decisi\u00f3n que vulnere cualquier derecho conquistado. Compartir por favor!! Abrazo\u00bb<\/p>\n","protected":false},"excerpt":{"rendered":"<p>Luego de recibir distintas cuestiones ante la publicaci\u00f3n de la nota en un medio gr\u00e1fico digital, el presidente del Consejo &#8230; <a title=\"Pisano: \u00abAclaraciones sobre proyecto de vuelta a clases\u00bb\" class=\"read-more\" href=\"https:\/\/www.hoymercedes.com.ar\/principal\/2020\/06\/15\/pisano-aclaraciones-sobre-proyecto-de-vuelta-a-clases\/\" aria-label=\"Leer m\u00e1s sobre Pisano: \u00abAclaraciones sobre proyecto de vuelta a clases\u00bb\">Leer m\u00e1s<\/a><\/p>\n","protected":false},"author":1,"featured_media":39809,"comment_status":"closed","ping_status":"open","sticky":false,"template":"","format":"standard","meta":{"_monsterinsights_skip_tracking":false,"_monsterinsights_sitenote_active":false,"_monsterinsights_sitenote_note":"","_monsterinsights_sitenote_category":0,"jetpack_post_was_ever_published":false,"_jetpack_newsletter_access":"","_jetpack_dont_email_post_to_subs":false,"_jetpack_newsletter_tier_id":0,"_jetpack_memberships_contains_paywalled_content":false,"_jetpack_memberships_contains_paid_content":false,"footnotes":"","jetpack_publicize_message":"","jetpack_publicize_feature_enabled":true,"jetpack_social_post_already_shared":true,"jetpack_social_options":{"image_generator_settings":{"template":"highway","default_image_id":0,"font":"","enabled":false},"version":2},"_wpas_customize_per_network":false},"categories":[23],"tags":[16351,1317,47,1869,16323,16724],"class_list":["post-112195","post","type-post","status-publish","format-standard","has-post-thumbnail","hentry","category-educacion","tag-aislamiento-obligatorio","tag-consejo-escolar","tag-educacion-2","tag-jose-luis-pisano","tag-pandemia","tag-regreso-a-clases","generate-columns","tablet-grid-50","mobile-grid-100","grid-parent","grid-50"],"jetpack_publicize_connections":[],"jetpack_featured_media_url":"https:\/\/www.hoymercedes.com.ar\/principal\/wp-content\/uploads\/2015\/02\/JoseLuisPisano.jpg","wps_subtitle":"\u00bfVuelta a las clases presenciales?","jetpack_sharing_enabled":true,"_links":{"self":[{"href":"https:\/\/www.hoymercedes.com.ar\/principal\/wp-json\/wp\/v2\/posts\/112195","targetHints":{"allow":["GET"]}}],"collection":[{"href":"https:\/\/www.hoymercedes.com.ar\/principal\/wp-json\/wp\/v2\/posts"}],"about":[{"href":"https:\/\/www.hoymercedes.com.ar\/principal\/wp-json\/wp\/v2\/types\/post"}],"author":[{"embeddable":true,"href":"https:\/\/www.hoymercedes.com.ar\/principal\/wp-json\/wp\/v2\/users\/1"}],"replies":[{"embeddable":true,"href":"https:\/\/www.hoymercedes.com.ar\/principal\/wp-json\/wp\/v2\/comments?post=112195"}],"version-history":[{"count":0,"href":"https:\/\/www.hoymercedes.com.ar\/principal\/wp-json\/wp\/v2\/posts\/112195\/revisions"}],"wp:featuredmedia":[{"embeddable":true,"href":"https:\/\/www.hoymercedes.com.ar\/principal\/wp-json\/wp\/v2\/media\/39809"}],"wp:attachment":[{"href":"https:\/\/www.hoymercedes.com.ar\/principal\/wp-json\/wp\/v2\/media?parent=112195"}],"wp:term":[{"taxonomy":"category","embeddable":true,"href":"https:\/\/www.hoymercedes.com.ar\/principal\/wp-json\/wp\/v2\/categories?post=112195"},{"taxonomy":"post_tag","embeddable":true,"href":"https:\/\/www.hoymercedes.com.ar\/principal\/wp-json\/wp\/v2\/tags?post=112195"}],"curies":[{"name":"wp","href":"https:\/\/api.w.org\/{rel}","templated":true}]}}