{"id":112219,"date":"2020-06-16T10:30:00","date_gmt":"2020-06-16T13:30:00","guid":{"rendered":"http:\/\/www.hoymercedes.com.ar\/principal\/?p=112219"},"modified":"2020-06-17T17:56:54","modified_gmt":"2020-06-17T20:56:54","slug":"coronavirus-lujan-confirma-cinco-nuevos-casos-positivos","status":"publish","type":"post","link":"https:\/\/www.hoymercedes.com.ar\/principal\/2020\/06\/16\/coronavirus-lujan-confirma-cinco-nuevos-casos-positivos\/","title":{"rendered":"Coronavirus: Luj\u00e1n confirma cinco nuevos casos positivos"},"content":{"rendered":"\n<p><em>Los nuevos casos positivos son una ni\u00f1a de 10 a\u00f1os, dos j\u00f3venes de 16 y 19, una mujer de 47 y un hombre de 63. Todos se encuentran cumpliendo aislamiento domiciliario. Por su parte, se descartaron 31 casos que estaban en estudio y se configuraron 11 nuevos casos sospechosos. Hasta el momento, en Luj\u00e1n son 84 las personas que dieron positivo para Covid-19.<\/em><\/p>\n\n\n\n<p>En su informe oficial N\u00b0 91 sobre coronavirus, emitido este martes a las 7, la Secretar\u00eda de Salud del Municipio de Luj\u00e1n inform\u00f3 que en las \u00faltimas 24 horas\u00a0se confirmaron cinco nuevos casos positivos\u00a0para Covid-19. Se trata de una ni\u00f1a de 10 a\u00f1os, una adolescente de 16, un joven de 19, una mujer de 47 y un hombre de 63 a\u00f1os. Todos se encuentran cumpliendo aislamiento domiciliario.<\/p>\n\n\n\n<p>Por su parte, este lunes\u00a0se descartaron 31 casos en estudio\u00a0de coronavirus en el Partido de Luj\u00e1n. Ellos se encontraban: 20 con aislamiento domiciliario, 5 en efectores de salud p\u00fablicos en el Partido de Luj\u00e1n, 5 en un efector de salud privado en el Partido de Luj\u00e1n y uno en un efector de salud p\u00fablico fuera del Partido de Luj\u00e1n<\/p>\n\n\n\n<p>A su vez, la Secretar\u00eda de Salud inform\u00f3 que\u00a0se configuraron 11 nuevos casos sospechosos\u00a0de coronavirus en el Partido de Luj\u00e1n. Ellos est\u00e1n: 9 con aislamiento domiciliario, uno internado en un efector de salud privado en el Partido de Luj\u00e1n y otro internado en un efector de salud p\u00fablico en el Partido de Luj\u00e1n.<\/p>\n\n\n\n<p>Hasta el momento, el Partido de\u00a0Luj\u00e1n registra 84 casos positivos\u00a0(de los cuales tres fallecieron, 16 fueron dados de alta y 65 se encuentran en tratamiento), 638 casos descartados y 55 casos en estudio para coronavirus.<\/p>\n\n\n\n<p><strong>Informe Nacional<\/strong><\/p>\n\n\n\n<p>En la informaci\u00f3n nacional dada a conocer en la tarde de este lunes, fueron confirmados 1.208 nuevos casos de COVID-19. Detalle por provincia confirma que la provincia de Buenos Aires suma 552; mientras que la Ciudad de Buenos Aires, 575. Las provincias que confirmaron nuevos casos son: Chaco (38); Chubut (22); C\u00f3rdoba (2); Corrientes (1); Entre R\u00edos (2); Misiones (1); Neuqu\u00e9n (3); y R\u00edo Negro (12). Con estos registros, suman 32.785 positivos en el pa\u00eds.<\/p>\n\n\n\n<p>Asimismo, dieron a conocer que 21 personas fallecieron con covid-19 en el d\u00eda de ayer. Las primeras nueve las informaron a la ma\u00f1ana: cuatro mujeres, una de 53 a\u00f1os, residente en la provincia de Buenos Aires; tres de 73, 83 y 88 a\u00f1os, residentes en la Ciudad de Buenos Aires (CABA); y cinco hombres, uno de 96 a\u00f1os, residente en la Ciudad de Buenos Aires (CABA); y cuatro de 51, 48, 62 y 78 a\u00f1os, residentes en la provincia de Buenos Aires. <\/p>\n\n\n\n<p>En tanto, en el informe vespertino confirmaron las restantes: once hombres, siete de 62, 63, 66, 68, 76, 54 y 55, residentes en la provincia de Buenos Aires; dos de 40 y 72 a\u00f1os, residentes en la Ciudad de Buenos Aires (CABA); uno de 67 a\u00f1os, residente en la provincia de R\u00edo Negro; uno de 64 a\u00f1os, residente en la provincia de C\u00f3rdoba; y una mujer, de 92 a\u00f1os, residente en la Ciudad de Buenos Aires (CABA). <\/p>\n\n\n\n<p>En  la ma\u00f1ana  de este martes el Ministerio anunci\u00f3 otras 12 personas fallecidas. Once hombres  y una mujer. Hasta el momento en Argentina se registran 854 fallecimientos por COVID-19. <\/p>\n\n\n\n<p>Fuente: Lujan Hoy<\/p>\n","protected":false},"excerpt":{"rendered":"<p>Los nuevos casos positivos son una ni\u00f1a de 10 a\u00f1os, dos j\u00f3venes de 16 y 19, una mujer de 47 &#8230; <a title=\"Coronavirus: Luj\u00e1n confirma cinco nuevos casos positivos\" class=\"read-more\" href=\"https:\/\/www.hoymercedes.com.ar\/principal\/2020\/06\/16\/coronavirus-lujan-confirma-cinco-nuevos-casos-positivos\/\" aria-label=\"Leer m\u00e1s sobre Coronavirus: Luj\u00e1n confirma cinco nuevos casos positivos\">Leer m\u00e1s<\/a><\/p>\n","protected":false},"author":1,"featured_media":109552,"comment_status":"closed","ping_status":"open","sticky":false,"template":"","format":"standard","meta":{"_monsterinsights_skip_tracking":false,"_monsterinsights_sitenote_active":false,"_monsterinsights_sitenote_note":"","_monsterinsights_sitenote_category":0,"jetpack_post_was_ever_published":false,"_jetpack_newsletter_access":"","_jetpack_dont_email_post_to_subs":false,"_jetpack_newsletter_tier_id":0,"_jetpack_memberships_contains_paywalled_content":false,"_jetpack_memberships_contains_paid_content":false,"footnotes":"","jetpack_publicize_message":"","jetpack_publicize_feature_enabled":true,"jetpack_social_post_already_shared":true,"jetpack_social_options":{"image_generator_settings":{"template":"highway","default_image_id":0,"font":"","enabled":false},"version":2},"_wpas_customize_per_network":false},"categories":[9791],"tags":[16428,16175,16313,86],"class_list":["post-112219","post","type-post","status-publish","format-standard","has-post-thumbnail","hentry","category-salud","tag-casos-positivos","tag-coronavirus","tag-covid-19","tag-lujan","generate-columns","tablet-grid-50","mobile-grid-100","grid-parent","grid-50"],"jetpack_publicize_connections":[],"jetpack_featured_media_url":"https:\/\/www.hoymercedes.com.ar\/principal\/wp-content\/uploads\/2020\/04\/17-coronavirus.jpg","wps_subtitle":"Regional","jetpack_sharing_enabled":true,"_links":{"self":[{"href":"https:\/\/www.hoymercedes.com.ar\/principal\/wp-json\/wp\/v2\/posts\/112219","targetHints":{"allow":["GET"]}}],"collection":[{"href":"https:\/\/www.hoymercedes.com.ar\/principal\/wp-json\/wp\/v2\/posts"}],"about":[{"href":"https:\/\/www.hoymercedes.com.ar\/principal\/wp-json\/wp\/v2\/types\/post"}],"author":[{"embeddable":true,"href":"https:\/\/www.hoymercedes.com.ar\/principal\/wp-json\/wp\/v2\/users\/1"}],"replies":[{"embeddable":true,"href":"https:\/\/www.hoymercedes.com.ar\/principal\/wp-json\/wp\/v2\/comments?post=112219"}],"version-history":[{"count":0,"href":"https:\/\/www.hoymercedes.com.ar\/principal\/wp-json\/wp\/v2\/posts\/112219\/revisions"}],"wp:featuredmedia":[{"embeddable":true,"href":"https:\/\/www.hoymercedes.com.ar\/principal\/wp-json\/wp\/v2\/media\/109552"}],"wp:attachment":[{"href":"https:\/\/www.hoymercedes.com.ar\/principal\/wp-json\/wp\/v2\/media?parent=112219"}],"wp:term":[{"taxonomy":"category","embeddable":true,"href":"https:\/\/www.hoymercedes.com.ar\/principal\/wp-json\/wp\/v2\/categories?post=112219"},{"taxonomy":"post_tag","embeddable":true,"href":"https:\/\/www.hoymercedes.com.ar\/principal\/wp-json\/wp\/v2\/tags?post=112219"}],"curies":[{"name":"wp","href":"https:\/\/api.w.org\/{rel}","templated":true}]}}